{"id":9682,"date":"2024-01-06T13:59:42","date_gmt":"2024-01-06T16:59:42","guid":{"rendered":"https:\/\/apuntesdesanluis.com\/?p=9682"},"modified":"2024-01-07T14:07:58","modified_gmt":"2024-01-07T17:07:58","slug":"la-unsl-reafirmara-en-su-membrete-2024-los-30-anos-de-autonomia-universitaria","status":"publish","type":"post","link":"https:\/\/apuntesdesanluis.com\/index.php\/2024\/01\/06\/la-unsl-reafirmara-en-su-membrete-2024-los-30-anos-de-autonomia-universitaria\/","title":{"rendered":"LA UNSL REAFIRMAR\u00c1 EN SU MEMBRETE 2024 LOS 30 A\u00d1OS DE AUTONOM\u00cdA UNIVERSITARIA"},"content":{"rendered":"<h3><span style=\"color: #000000;\"><strong>\u201c2024: A 30 a\u00f1os de la Consagraci\u00f3n Constitucional de la Autonom\u00eda Universitaria en Argentina\u201d<\/strong><\/span>, ser\u00e1 la leyenda que deber\u00e1 utilizarse en el \u00e1mbito de la <span style=\"color: #000000;\"><strong>Universidad Nacional de San Luis<\/strong><\/span>, para actos administrativos y documentos oficiales.<\/h3>\n<h3>La propuesta del secretario General, Dr.<strong> Ra\u00fal Gil<\/strong>, se fundamenta en que se cumplen 30 a\u00f1os de la reforma constitucional que, entre otros cambios, introdujo la autonom\u00eda universitaria, en el art\u00edculo 75 inciso 19 de la carta magna; lo que signific\u00f3 la independencia pol\u00edtica y administrativa de las universidades p\u00fablicas respecto de factores externos.<\/h3>\n<h3>La resoluci\u00f3n que as\u00ed lo dictamina, explica que luego de recuperada la democracia en diciembre de 1983, exist\u00eda un amplio consenso de la mayor parte de los partidos pol\u00edticos argentinos sobre la necesidad de realizar una reforma constitucional, que incorporara las nuevas orientaciones en materia de derechos humanos y mecanismos de defensa de la democracia, y resolviera las cuestiones de legitimidad que afectaban al texto aprobado en 1957, durante la dictadura autodenominada Revoluci\u00f3n Libertadora.<\/h3>\n<h3>Durante su gesti\u00f3n, el presidente Ra\u00fal Alfons\u00edn hab\u00eda encomendado la realizaci\u00f3n de un proyecto de reforma constitucional al Consejo para la consolidaci\u00f3n de la democracia, que fue finalizado y publicado en 1986. Al promediar su mandato, el presidente Carlos Menem, retom\u00f3 la idea de reformar la constituci\u00f3n y dio luz verde a las iniciativas pol\u00edticas en ese sentido.<\/h3>\n<h3>En 1993 la C\u00e1mara de Senadores dio media sanci\u00f3n a un proyecto de ley declarando la necesidad de la reforma constitucional, el cual establec\u00eda la necesidad de realizar reformas constitucionales sobre temas como el voto directo del poder ejecutivo y los senadores, mandato presidencial, r\u00e9gimen de la Ciudad de Buenos Aires, medio ambiente, partidos pol\u00edticos, defensor del pueblo, democracia semidirecta, derechos del consumidor, consejo de la magistratura, entre otros.<\/h3>\n<h3>La Convenci\u00f3n Constituyente se celebr\u00f3 en las ciudades de Santa Fe y de Paran\u00e1 y el juramento de la misma, por las principales autoridades nacionales y los convencionales, tuvo lugar el 24 de agosto de 1994 en el Palacio San Jos\u00e9 en la provincia de Entre R\u00edos.<\/h3>\n<h3>El principio de autonom\u00eda universitaria implica que la universidad debe ser aut\u00f3noma y autogobernada, y que debe elegir sus propias autoridades sin injerencia del poder pol\u00edtico, decidiendo sus propios estatutos y programas de estudio. La consagraci\u00f3n constitucional de la autonom\u00eda universitaria est\u00e1 fundada en la necesidad de evitar que los vaivenes del poder pol\u00edtico se traduzcan en cambios arbitrarios de la vida y las autoridades universitarias. Con autonom\u00eda, los diferentes claustros de la comunidad universitaria integran mediante elecciones, diferentes \u00f3rganos de gobierno para la autogesti\u00f3n de las universidades nacionales.<\/h3>\n<h3>De acuerdo con el art\u00edculo 90 inciso a) del Estatuto, el Rector debe ejercer la representaci\u00f3n, gesti\u00f3n administrativa y superintendencia de la Universidad, sin perjuicio de las atribuciones conferidas al Consejo Superior. Es por ello que cada a\u00f1o, el Rector de la Universidad Nacional de San Luis, reglamenta el membrete para actos administrativo y documentaci\u00f3n oficial.<\/h3>\n<h3>En este sentido, el Rector indica que la Reforma de la Constituci\u00f3n de 1994 marca un antes y un despu\u00e9s en la vida institucional de las universidades nacionales y de toda la comunidad universitaria, y manifiesta la importancia de que se establezca en los actos administrativos y documentos oficiales de la Universidad Nacional de San Luis la leyenda: 2024 A 30 A\u00f1os de la Consagraci\u00f3n Constituci\u00f3n al de la Autonom\u00eda de las Universidades Nacionales de Argentina.<\/h3>\n<p>&nbsp;<\/p>\n<p>&nbsp;<\/p>\n<p>&nbsp;<\/p>\n","protected":false},"excerpt":{"rendered":"<p>\u201c2024: A 30 a\u00f1os de la Consagraci\u00f3n Constitucional de la Autonom\u00eda Universitaria en Argentina\u201d, ser\u00e1&#8230;<\/p>\n","protected":false},"author":1,"featured_media":9683,"comment_status":"closed","ping_status":"closed","sticky":false,"template":"","format":"standard","meta":{"footnotes":""},"categories":[6],"tags":[],"class_list":["post-9682","post","type-post","status-publish","format-standard","has-post-thumbnail","hentry","category-ciudad-provincia"],"yoast_head":"<!-- This site is optimized with the Yoast SEO plugin v26.1.1 - https:\/\/yoast.com\/wordpress\/plugins\/seo\/ -->\n<title>LA UNSL REAFIRMAR\u00c1 EN SU MEMBRETE 2024 LOS 30 A\u00d1OS DE AUTONOM\u00cdA UNIVERSITARIA - Apuntes de San Luis<\/title>\n<meta name=\"robots\" content=\"index, follow, max-snippet:-1, max-image-preview:large, max-video-preview:-1\" \/>\n<link rel=\"canonical\" href=\"https:\/\/apuntesdesanluis.com\/index.php\/2024\/01\/06\/la-unsl-reafirmara-en-su-membrete-2024-los-30-anos-de-autonomia-universitaria\/\" \/>\n<meta property=\"og:locale\" content=\"es_ES\" \/>\n<meta property=\"og:type\" content=\"article\" \/>\n<meta property=\"og:title\" content=\"LA UNSL REAFIRMAR\u00c1 EN SU MEMBRETE 2024 LOS 30 A\u00d1OS DE AUTONOM\u00cdA UNIVERSITARIA - Apuntes de San Luis\" \/>\n<meta property=\"og:description\" content=\"\u201c2024: A 30 a\u00f1os de la Consagraci\u00f3n Constitucional de la Autonom\u00eda Universitaria en Argentina\u201d, ser\u00e1...\" \/>\n<meta property=\"og:url\" content=\"https:\/\/apuntesdesanluis.com\/index.php\/2024\/01\/06\/la-unsl-reafirmara-en-su-membrete-2024-los-30-anos-de-autonomia-universitaria\/\" \/>\n<meta property=\"og:site_name\" content=\"Apuntes de San Luis\" \/>\n<meta property=\"article:published_time\" content=\"2024-01-06T16:59:42+00:00\" \/>\n<meta property=\"article:modified_time\" content=\"2024-01-07T17:07:58+00:00\" \/>\n<meta property=\"og:image\" content=\"https:\/\/apuntesdesanluis.com\/wp-content\/uploads\/2024\/01\/unsl.png\" \/>\n\t<meta property=\"og:image:width\" content=\"608\" \/>\n\t<meta property=\"og:image:height\" content=\"370\" \/>\n\t<meta property=\"og:image:type\" content=\"image\/png\" \/>\n<meta name=\"author\" content=\"apuntesdesanluis.com\" \/>\n<meta name=\"twitter:card\" content=\"summary_large_image\" \/>\n<meta name=\"twitter:label1\" content=\"Escrito por\" \/>\n\t<meta name=\"twitter:data1\" content=\"apuntesdesanluis.com\" \/>\n\t<meta name=\"twitter:label2\" content=\"Tiempo de lectura\" \/>\n\t<meta name=\"twitter:data2\" content=\"3 minutos\" \/>\n<script type=\"application\/ld+json\" class=\"yoast-schema-graph\">{\"@context\":\"https:\/\/schema.org\",\"@graph\":[{\"@type\":\"Article\",\"@id\":\"https:\/\/apuntesdesanluis.com\/index.php\/2024\/01\/06\/la-unsl-reafirmara-en-su-membrete-2024-los-30-anos-de-autonomia-universitaria\/#article\",\"isPartOf\":{\"@id\":\"https:\/\/apuntesdesanluis.com\/index.php\/2024\/01\/06\/la-unsl-reafirmara-en-su-membrete-2024-los-30-anos-de-autonomia-universitaria\/\"},\"author\":{\"name\":\"apuntesdesanluis.com\",\"@id\":\"https:\/\/apuntesdesanluis.com\/#\/schema\/person\/b55151d52296fcce64d1a72538a70b90\"},\"headline\":\"LA UNSL REAFIRMAR\u00c1 EN SU MEMBRETE 2024 LOS 30 A\u00d1OS DE AUTONOM\u00cdA UNIVERSITARIA\",\"datePublished\":\"2024-01-06T16:59:42+00:00\",\"dateModified\":\"2024-01-07T17:07:58+00:00\",\"mainEntityOfPage\":{\"@id\":\"https:\/\/apuntesdesanluis.com\/index.php\/2024\/01\/06\/la-unsl-reafirmara-en-su-membrete-2024-los-30-anos-de-autonomia-universitaria\/\"},\"wordCount\":607,\"publisher\":{\"@id\":\"https:\/\/apuntesdesanluis.com\/#\/schema\/person\/b55151d52296fcce64d1a72538a70b90\"},\"image\":{\"@id\":\"https:\/\/apuntesdesanluis.com\/index.php\/2024\/01\/06\/la-unsl-reafirmara-en-su-membrete-2024-los-30-anos-de-autonomia-universitaria\/#primaryimage\"},\"thumbnailUrl\":\"https:\/\/apuntesdesanluis.com\/wp-content\/uploads\/2024\/01\/unsl.png\",\"articleSection\":[\"Ciudad\/Provincia\"],\"inLanguage\":\"es-AR\"},{\"@type\":\"WebPage\",\"@id\":\"https:\/\/apuntesdesanluis.com\/index.php\/2024\/01\/06\/la-unsl-reafirmara-en-su-membrete-2024-los-30-anos-de-autonomia-universitaria\/\",\"url\":\"https:\/\/apuntesdesanluis.com\/index.php\/2024\/01\/06\/la-unsl-reafirmara-en-su-membrete-2024-los-30-anos-de-autonomia-universitaria\/\",\"name\":\"LA UNSL REAFIRMAR\u00c1 EN SU MEMBRETE 2024 LOS 30 A\u00d1OS DE AUTONOM\u00cdA UNIVERSITARIA - Apuntes de San Luis\",\"isPartOf\":{\"@id\":\"https:\/\/apuntesdesanluis.com\/#website\"},\"primaryImageOfPage\":{\"@id\":\"https:\/\/apuntesdesanluis.com\/index.php\/2024\/01\/06\/la-unsl-reafirmara-en-su-membrete-2024-los-30-anos-de-autonomia-universitaria\/#primaryimage\"},\"image\":{\"@id\":\"https:\/\/apuntesdesanluis.com\/index.php\/2024\/01\/06\/la-unsl-reafirmara-en-su-membrete-2024-los-30-anos-de-autonomia-universitaria\/#primaryimage\"},\"thumbnailUrl\":\"https:\/\/apuntesdesanluis.com\/wp-content\/uploads\/2024\/01\/unsl.png\",\"datePublished\":\"2024-01-06T16:59:42+00:00\",\"dateModified\":\"2024-01-07T17:07:58+00:00\",\"breadcrumb\":{\"@id\":\"https:\/\/apuntesdesanluis.com\/index.php\/2024\/01\/06\/la-unsl-reafirmara-en-su-membrete-2024-los-30-anos-de-autonomia-universitaria\/#breadcrumb\"},\"inLanguage\":\"es-AR\",\"potentialAction\":[{\"@type\":\"ReadAction\",\"target\":[\"https:\/\/apuntesdesanluis.com\/index.php\/2024\/01\/06\/la-unsl-reafirmara-en-su-membrete-2024-los-30-anos-de-autonomia-universitaria\/\"]}]},{\"@type\":\"ImageObject\",\"inLanguage\":\"es-AR\",\"@id\":\"https:\/\/apuntesdesanluis.com\/index.php\/2024\/01\/06\/la-unsl-reafirmara-en-su-membrete-2024-los-30-anos-de-autonomia-universitaria\/#primaryimage\",\"url\":\"https:\/\/apuntesdesanluis.com\/wp-content\/uploads\/2024\/01\/unsl.png\",\"contentUrl\":\"https:\/\/apuntesdesanluis.com\/wp-content\/uploads\/2024\/01\/unsl.png\",\"width\":608,\"height\":370},{\"@type\":\"BreadcrumbList\",\"@id\":\"https:\/\/apuntesdesanluis.com\/index.php\/2024\/01\/06\/la-unsl-reafirmara-en-su-membrete-2024-los-30-anos-de-autonomia-universitaria\/#breadcrumb\",\"itemListElement\":[{\"@type\":\"ListItem\",\"position\":1,\"name\":\"Inicio\",\"item\":\"https:\/\/apuntesdesanluis.com\/\"},{\"@type\":\"ListItem\",\"position\":2,\"name\":\"LA UNSL REAFIRMAR\u00c1 EN SU MEMBRETE 2024 LOS 30 A\u00d1OS DE AUTONOM\u00cdA UNIVERSITARIA\"}]},{\"@type\":\"WebSite\",\"@id\":\"https:\/\/apuntesdesanluis.com\/#website\",\"url\":\"https:\/\/apuntesdesanluis.com\/\",\"name\":\"Apuntes de San Luis\",\"description\":\"\",\"publisher\":{\"@id\":\"https:\/\/apuntesdesanluis.com\/#\/schema\/person\/b55151d52296fcce64d1a72538a70b90\"},\"potentialAction\":[{\"@type\":\"SearchAction\",\"target\":{\"@type\":\"EntryPoint\",\"urlTemplate\":\"https:\/\/apuntesdesanluis.com\/?s={search_term_string}\"},\"query-input\":{\"@type\":\"PropertyValueSpecification\",\"valueRequired\":true,\"valueName\":\"search_term_string\"}}],\"inLanguage\":\"es-AR\"},{\"@type\":[\"Person\",\"Organization\"],\"@id\":\"https:\/\/apuntesdesanluis.com\/#\/schema\/person\/b55151d52296fcce64d1a72538a70b90\",\"name\":\"apuntesdesanluis.com\",\"image\":{\"@type\":\"ImageObject\",\"inLanguage\":\"es-AR\",\"@id\":\"https:\/\/apuntesdesanluis.com\/#\/schema\/person\/image\/\",\"url\":\"https:\/\/apuntesdesanluis.com\/wp-content\/uploads\/2023\/07\/cropped-apuntesdesanluis.png\",\"contentUrl\":\"https:\/\/apuntesdesanluis.com\/wp-content\/uploads\/2023\/07\/cropped-apuntesdesanluis.png\",\"width\":450,\"height\":112,\"caption\":\"apuntesdesanluis.com\"},\"logo\":{\"@id\":\"https:\/\/apuntesdesanluis.com\/#\/schema\/person\/image\/\"},\"sameAs\":[\"https:\/\/apuntesdesanluis.com\"],\"url\":\"https:\/\/apuntesdesanluis.com\/index.php\/author\/apuntesdesanluis-com\/\"}]}<\/script>\n<!-- \/ Yoast SEO plugin. -->","yoast_head_json":{"title":"LA UNSL REAFIRMAR\u00c1 EN SU MEMBRETE 2024 LOS 30 A\u00d1OS DE AUTONOM\u00cdA UNIVERSITARIA - Apuntes de San Luis","robots":{"index":"index","follow":"follow","max-snippet":"max-snippet:-1","max-image-preview":"max-image-preview:large","max-video-preview":"max-video-preview:-1"},"canonical":"https:\/\/apuntesdesanluis.com\/index.php\/2024\/01\/06\/la-unsl-reafirmara-en-su-membrete-2024-los-30-anos-de-autonomia-universitaria\/","og_locale":"es_ES","og_type":"article","og_title":"LA UNSL REAFIRMAR\u00c1 EN SU MEMBRETE 2024 LOS 30 A\u00d1OS DE AUTONOM\u00cdA UNIVERSITARIA - Apuntes de San Luis","og_description":"\u201c2024: A 30 a\u00f1os de la Consagraci\u00f3n Constitucional de la Autonom\u00eda Universitaria en Argentina\u201d, ser\u00e1...","og_url":"https:\/\/apuntesdesanluis.com\/index.php\/2024\/01\/06\/la-unsl-reafirmara-en-su-membrete-2024-los-30-anos-de-autonomia-universitaria\/","og_site_name":"Apuntes de San Luis","article_published_time":"2024-01-06T16:59:42+00:00","article_modified_time":"2024-01-07T17:07:58+00:00","og_image":[{"width":608,"height":370,"url":"https:\/\/apuntesdesanluis.com\/wp-content\/uploads\/2024\/01\/unsl.png","type":"image\/png"}],"author":"apuntesdesanluis.com","twitter_card":"summary_large_image","twitter_misc":{"Escrito por":"apuntesdesanluis.com","Tiempo de lectura":"3 minutos"},"schema":{"@context":"https:\/\/schema.org","@graph":[{"@type":"Article","@id":"https:\/\/apuntesdesanluis.com\/index.php\/2024\/01\/06\/la-unsl-reafirmara-en-su-membrete-2024-los-30-anos-de-autonomia-universitaria\/#article","isPartOf":{"@id":"https:\/\/apuntesdesanluis.com\/index.php\/2024\/01\/06\/la-unsl-reafirmara-en-su-membrete-2024-los-30-anos-de-autonomia-universitaria\/"},"author":{"name":"apuntesdesanluis.com","@id":"https:\/\/apuntesdesanluis.com\/#\/schema\/person\/b55151d52296fcce64d1a72538a70b90"},"headline":"LA UNSL REAFIRMAR\u00c1 EN SU MEMBRETE 2024 LOS 30 A\u00d1OS DE AUTONOM\u00cdA UNIVERSITARIA","datePublished":"2024-01-06T16:59:42+00:00","dateModified":"2024-01-07T17:07:58+00:00","mainEntityOfPage":{"@id":"https:\/\/apuntesdesanluis.com\/index.php\/2024\/01\/06\/la-unsl-reafirmara-en-su-membrete-2024-los-30-anos-de-autonomia-universitaria\/"},"wordCount":607,"publisher":{"@id":"https:\/\/apuntesdesanluis.com\/#\/schema\/person\/b55151d52296fcce64d1a72538a70b90"},"image":{"@id":"https:\/\/apuntesdesanluis.com\/index.php\/2024\/01\/06\/la-unsl-reafirmara-en-su-membrete-2024-los-30-anos-de-autonomia-universitaria\/#primaryimage"},"thumbnailUrl":"https:\/\/apuntesdesanluis.com\/wp-content\/uploads\/2024\/01\/unsl.png","articleSection":["Ciudad\/Provincia"],"inLanguage":"es-AR"},{"@type":"WebPage","@id":"https:\/\/apuntesdesanluis.com\/index.php\/2024\/01\/06\/la-unsl-reafirmara-en-su-membrete-2024-los-30-anos-de-autonomia-universitaria\/","url":"https:\/\/apuntesdesanluis.com\/index.php\/2024\/01\/06\/la-unsl-reafirmara-en-su-membrete-2024-los-30-anos-de-autonomia-universitaria\/","name":"LA UNSL REAFIRMAR\u00c1 EN SU MEMBRETE 2024 LOS 30 A\u00d1OS DE AUTONOM\u00cdA UNIVERSITARIA - Apuntes de San Luis","isPartOf":{"@id":"https:\/\/apuntesdesanluis.com\/#website"},"primaryImageOfPage":{"@id":"https:\/\/apuntesdesanluis.com\/index.php\/2024\/01\/06\/la-unsl-reafirmara-en-su-membrete-2024-los-30-anos-de-autonomia-universitaria\/#primaryimage"},"image":{"@id":"https:\/\/apuntesdesanluis.com\/index.php\/2024\/01\/06\/la-unsl-reafirmara-en-su-membrete-2024-los-30-anos-de-autonomia-universitaria\/#primaryimage"},"thumbnailUrl":"https:\/\/apuntesdesanluis.com\/wp-content\/uploads\/2024\/01\/unsl.png","datePublished":"2024-01-06T16:59:42+00:00","dateModified":"2024-01-07T17:07:58+00:00","breadcrumb":{"@id":"https:\/\/apuntesdesanluis.com\/index.php\/2024\/01\/06\/la-unsl-reafirmara-en-su-membrete-2024-los-30-anos-de-autonomia-universitaria\/#breadcrumb"},"inLanguage":"es-AR","potentialAction":[{"@type":"ReadAction","target":["https:\/\/apuntesdesanluis.com\/index.php\/2024\/01\/06\/la-unsl-reafirmara-en-su-membrete-2024-los-30-anos-de-autonomia-universitaria\/"]}]},{"@type":"ImageObject","inLanguage":"es-AR","@id":"https:\/\/apuntesdesanluis.com\/index.php\/2024\/01\/06\/la-unsl-reafirmara-en-su-membrete-2024-los-30-anos-de-autonomia-universitaria\/#primaryimage","url":"https:\/\/apuntesdesanluis.com\/wp-content\/uploads\/2024\/01\/unsl.png","contentUrl":"https:\/\/apuntesdesanluis.com\/wp-content\/uploads\/2024\/01\/unsl.png","width":608,"height":370},{"@type":"BreadcrumbList","@id":"https:\/\/apuntesdesanluis.com\/index.php\/2024\/01\/06\/la-unsl-reafirmara-en-su-membrete-2024-los-30-anos-de-autonomia-universitaria\/#breadcrumb","itemListElement":[{"@type":"ListItem","position":1,"name":"Inicio","item":"https:\/\/apuntesdesanluis.com\/"},{"@type":"ListItem","position":2,"name":"LA UNSL REAFIRMAR\u00c1 EN SU MEMBRETE 2024 LOS 30 A\u00d1OS DE AUTONOM\u00cdA UNIVERSITARIA"}]},{"@type":"WebSite","@id":"https:\/\/apuntesdesanluis.com\/#website","url":"https:\/\/apuntesdesanluis.com\/","name":"Apuntes de San Luis","description":"","publisher":{"@id":"https:\/\/apuntesdesanluis.com\/#\/schema\/person\/b55151d52296fcce64d1a72538a70b90"},"potentialAction":[{"@type":"SearchAction","target":{"@type":"EntryPoint","urlTemplate":"https:\/\/apuntesdesanluis.com\/?s={search_term_string}"},"query-input":{"@type":"PropertyValueSpecification","valueRequired":true,"valueName":"search_term_string"}}],"inLanguage":"es-AR"},{"@type":["Person","Organization"],"@id":"https:\/\/apuntesdesanluis.com\/#\/schema\/person\/b55151d52296fcce64d1a72538a70b90","name":"apuntesdesanluis.com","image":{"@type":"ImageObject","inLanguage":"es-AR","@id":"https:\/\/apuntesdesanluis.com\/#\/schema\/person\/image\/","url":"https:\/\/apuntesdesanluis.com\/wp-content\/uploads\/2023\/07\/cropped-apuntesdesanluis.png","contentUrl":"https:\/\/apuntesdesanluis.com\/wp-content\/uploads\/2023\/07\/cropped-apuntesdesanluis.png","width":450,"height":112,"caption":"apuntesdesanluis.com"},"logo":{"@id":"https:\/\/apuntesdesanluis.com\/#\/schema\/person\/image\/"},"sameAs":["https:\/\/apuntesdesanluis.com"],"url":"https:\/\/apuntesdesanluis.com\/index.php\/author\/apuntesdesanluis-com\/"}]}},"featured_image_urls":{"full":["https:\/\/apuntesdesanluis.com\/wp-content\/uploads\/2024\/01\/unsl.png",608,370,false],"thumbnail":["https:\/\/apuntesdesanluis.com\/wp-content\/uploads\/2024\/01\/unsl-150x150.png",150,150,true],"medium":["https:\/\/apuntesdesanluis.com\/wp-content\/uploads\/2024\/01\/unsl-300x183.png",300,183,true],"medium_large":["https:\/\/apuntesdesanluis.com\/wp-content\/uploads\/2024\/01\/unsl.png",608,370,false],"large":["https:\/\/apuntesdesanluis.com\/wp-content\/uploads\/2024\/01\/unsl.png",608,370,false],"1536x1536":["https:\/\/apuntesdesanluis.com\/wp-content\/uploads\/2024\/01\/unsl.png",608,370,false],"2048x2048":["https:\/\/apuntesdesanluis.com\/wp-content\/uploads\/2024\/01\/unsl.png",608,370,false],"newsever-slider-full":["https:\/\/apuntesdesanluis.com\/wp-content\/uploads\/2024\/01\/unsl.png",608,370,false],"newsever-featured":["https:\/\/apuntesdesanluis.com\/wp-content\/uploads\/2024\/01\/unsl.png",608,370,false],"newsever-medium":["https:\/\/apuntesdesanluis.com\/wp-content\/uploads\/2024\/01\/unsl.png",608,370,false]},"author_info":{"display_name":"apuntesdesanluis.com","author_link":"https:\/\/apuntesdesanluis.com\/index.php\/author\/apuntesdesanluis-com\/"},"category_info":"<a href=\"https:\/\/apuntesdesanluis.com\/index.php\/category\/ciudad-provincia\/\" rel=\"category tag\">Ciudad\/Provincia<\/a>","tag_info":"Ciudad\/Provincia","comment_count":"0","_links":{"self":[{"href":"https:\/\/apuntesdesanluis.com\/index.php\/wp-json\/wp\/v2\/posts\/9682","targetHints":{"allow":["GET"]}}],"collection":[{"href":"https:\/\/apuntesdesanluis.com\/index.php\/wp-json\/wp\/v2\/posts"}],"about":[{"href":"https:\/\/apuntesdesanluis.com\/index.php\/wp-json\/wp\/v2\/types\/post"}],"author":[{"embeddable":true,"href":"https:\/\/apuntesdesanluis.com\/index.php\/wp-json\/wp\/v2\/users\/1"}],"replies":[{"embeddable":true,"href":"https:\/\/apuntesdesanluis.com\/index.php\/wp-json\/wp\/v2\/comments?post=9682"}],"version-history":[{"count":1,"href":"https:\/\/apuntesdesanluis.com\/index.php\/wp-json\/wp\/v2\/posts\/9682\/revisions"}],"predecessor-version":[{"id":9684,"href":"https:\/\/apuntesdesanluis.com\/index.php\/wp-json\/wp\/v2\/posts\/9682\/revisions\/9684"}],"wp:featuredmedia":[{"embeddable":true,"href":"https:\/\/apuntesdesanluis.com\/index.php\/wp-json\/wp\/v2\/media\/9683"}],"wp:attachment":[{"href":"https:\/\/apuntesdesanluis.com\/index.php\/wp-json\/wp\/v2\/media?parent=9682"}],"wp:term":[{"taxonomy":"category","embeddable":true,"href":"https:\/\/apuntesdesanluis.com\/index.php\/wp-json\/wp\/v2\/categories?post=9682"},{"taxonomy":"post_tag","embeddable":true,"href":"https:\/\/apuntesdesanluis.com\/index.php\/wp-json\/wp\/v2\/tags?post=9682"}],"curies":[{"name":"wp","href":"https:\/\/api.w.org\/{rel}","templated":true}]}}