{"id":9697,"date":"2024-01-06T22:12:38","date_gmt":"2024-01-07T01:12:38","guid":{"rendered":"https:\/\/apuntesdesanluis.com\/?p=9697"},"modified":"2024-01-07T22:15:48","modified_gmt":"2024-01-08T01:15:48","slug":"primer-encuentro-de-ongs-y-referentes-de-personas-con-discapacidad-en-el-senado-provincial","status":"publish","type":"post","link":"https:\/\/apuntesdesanluis.com\/index.php\/2024\/01\/06\/primer-encuentro-de-ongs-y-referentes-de-personas-con-discapacidad-en-el-senado-provincial\/","title":{"rendered":"PRIMER ENCUENTRO DE ONGS Y REFERENTES DE PERSONAS CON DISCAPACIDAD EN EL SENADO PROVINCIAL"},"content":{"rendered":"<h3>Este viernes se llev\u00f3 a cabo en el hall del Poder Legislativo un primer encuentro entre ONGs y referentes de personas con discapacidad y la Secretar\u00eda de Personas con Discapacidad, junto a representantes de las c\u00e1maras de Diputados y de Senadores de la provincia.<\/h3>\n<h3>Los senadores <strong>Adolfo Castro Luna<\/strong> y <strong>Sergio Guardia<\/strong> junto al secretario <strong>Luis Giraudo<\/strong>, propiciaron esta primera reuni\u00f3n en donde ONGs y asociaciones representantes de personas con discapacidad de toda la provincia, dieron a conocer sus inquietudes y solicitudes para el bienestar, desarrollo social e inclusi\u00f3n laboral de las personas con discapacidad.<\/h3>\n<p><a href=\"https:\/\/www.facebook.com\/watch\/?mibextid=2Rb1fB&amp;v=585545523754951&amp;_rdc=1&amp;_rdr\" target=\"_blank\" rel=\"noopener\"><img fetchpriority=\"high\" decoding=\"async\" class=\"wp-image-9700 aligncenter\" src=\"https:\/\/apuntesdesanluis.com\/wp-content\/uploads\/2024\/01\/luis-300x174.png\" alt=\"\" width=\"543\" height=\"315\" srcset=\"https:\/\/apuntesdesanluis.com\/wp-content\/uploads\/2024\/01\/luis-300x174.png 300w, https:\/\/apuntesdesanluis.com\/wp-content\/uploads\/2024\/01\/luis.png 755w\" sizes=\"(max-width: 543px) 100vw, 543px\" \/><\/a><\/p>\n<h3>Tambi\u00e9n formaron parte la diputada <strong>Claudia D\u00edaz<\/strong> y <strong>Mariana Luberriaga<\/strong>, representante de Deporte y Discapacidad de la Secretar\u00eda de Deporte.<\/h3>\n<h3>En el encuentro acordaron la necesidad de la creaci\u00f3n de un Consejo Provincial de Discapacidad y comisiones que est\u00e9n integradas por personas con discapacidad en ambas c\u00e1maras legislativas, para estudiar modificaciones en la legislaci\u00f3n actual y asegurar el cumplimiento de la misma.<\/h3>\n<p><a href=\"https:\/\/www.facebook.com\/watch\/?v=1061503261785539&amp;_rdc=1&amp;_rdr\" target=\"_blank\" rel=\"noopener\"><img decoding=\"async\" class=\"wp-image-9701 aligncenter\" src=\"https:\/\/apuntesdesanluis.com\/wp-content\/uploads\/2024\/01\/guardia-300x172.png\" alt=\"\" width=\"549\" height=\"315\" srcset=\"https:\/\/apuntesdesanluis.com\/wp-content\/uploads\/2024\/01\/guardia-300x172.png 300w, https:\/\/apuntesdesanluis.com\/wp-content\/uploads\/2024\/01\/guardia.png 754w\" sizes=\"(max-width: 549px) 100vw, 549px\" \/><\/a><\/p>\n<h3>La reuni\u00f3n termin\u00f3 con un recorrido guiado por el edificio para chequear la aptitud en rampas y ascensores para personas con discapacidad.<\/h3>\n<p>&nbsp;<\/p>\n<p>&nbsp;<\/p>\n<p>&nbsp;<\/p>\n","protected":false},"excerpt":{"rendered":"<p>Este viernes se llev\u00f3 a cabo en el hall del Poder Legislativo un primer encuentro&#8230;<\/p>\n","protected":false},"author":1,"featured_media":9698,"comment_status":"closed","ping_status":"closed","sticky":false,"template":"","format":"standard","meta":{"footnotes":""},"categories":[6],"tags":[],"class_list":["post-9697","post","type-post","status-publish","format-standard","has-post-thumbnail","hentry","category-ciudad-provincia"],"yoast_head":"<!-- This site is optimized with the Yoast SEO plugin v26.1.1 - https:\/\/yoast.com\/wordpress\/plugins\/seo\/ -->\n<title>PRIMER ENCUENTRO DE ONGS Y REFERENTES DE PERSONAS CON DISCAPACIDAD EN EL SENADO PROVINCIAL - Apuntes de San Luis<\/title>\n<meta name=\"robots\" content=\"index, follow, max-snippet:-1, max-image-preview:large, max-video-preview:-1\" \/>\n<link rel=\"canonical\" href=\"https:\/\/apuntesdesanluis.com\/index.php\/2024\/01\/06\/primer-encuentro-de-ongs-y-referentes-de-personas-con-discapacidad-en-el-senado-provincial\/\" \/>\n<meta property=\"og:locale\" content=\"es_ES\" \/>\n<meta property=\"og:type\" content=\"article\" \/>\n<meta property=\"og:title\" content=\"PRIMER ENCUENTRO DE ONGS Y REFERENTES DE PERSONAS CON DISCAPACIDAD EN EL SENADO PROVINCIAL - Apuntes de San Luis\" \/>\n<meta property=\"og:description\" content=\"Este viernes se llev\u00f3 a cabo en el hall del Poder Legislativo un primer encuentro...\" \/>\n<meta property=\"og:url\" content=\"https:\/\/apuntesdesanluis.com\/index.php\/2024\/01\/06\/primer-encuentro-de-ongs-y-referentes-de-personas-con-discapacidad-en-el-senado-provincial\/\" \/>\n<meta property=\"og:site_name\" content=\"Apuntes de San Luis\" \/>\n<meta property=\"article:published_time\" content=\"2024-01-07T01:12:38+00:00\" \/>\n<meta property=\"article:modified_time\" content=\"2024-01-08T01:15:48+00:00\" \/>\n<meta property=\"og:image\" content=\"https:\/\/apuntesdesanluis.com\/wp-content\/uploads\/2024\/01\/encuentro-en-el-senado.jpg\" \/>\n\t<meta property=\"og:image:width\" content=\"564\" \/>\n\t<meta property=\"og:image:height\" content=\"357\" \/>\n\t<meta property=\"og:image:type\" content=\"image\/jpeg\" \/>\n<meta name=\"author\" content=\"apuntesdesanluis.com\" \/>\n<meta name=\"twitter:card\" content=\"summary_large_image\" \/>\n<meta name=\"twitter:label1\" content=\"Escrito por\" \/>\n\t<meta name=\"twitter:data1\" content=\"apuntesdesanluis.com\" \/>\n\t<meta name=\"twitter:label2\" content=\"Tiempo de lectura\" \/>\n\t<meta name=\"twitter:data2\" content=\"2 minutos\" \/>\n<script type=\"application\/ld+json\" class=\"yoast-schema-graph\">{\"@context\":\"https:\/\/schema.org\",\"@graph\":[{\"@type\":\"Article\",\"@id\":\"https:\/\/apuntesdesanluis.com\/index.php\/2024\/01\/06\/primer-encuentro-de-ongs-y-referentes-de-personas-con-discapacidad-en-el-senado-provincial\/#article\",\"isPartOf\":{\"@id\":\"https:\/\/apuntesdesanluis.com\/index.php\/2024\/01\/06\/primer-encuentro-de-ongs-y-referentes-de-personas-con-discapacidad-en-el-senado-provincial\/\"},\"author\":{\"name\":\"apuntesdesanluis.com\",\"@id\":\"https:\/\/apuntesdesanluis.com\/#\/schema\/person\/b55151d52296fcce64d1a72538a70b90\"},\"headline\":\"PRIMER ENCUENTRO DE ONGS Y REFERENTES DE PERSONAS CON DISCAPACIDAD EN EL SENADO PROVINCIAL\",\"datePublished\":\"2024-01-07T01:12:38+00:00\",\"dateModified\":\"2024-01-08T01:15:48+00:00\",\"mainEntityOfPage\":{\"@id\":\"https:\/\/apuntesdesanluis.com\/index.php\/2024\/01\/06\/primer-encuentro-de-ongs-y-referentes-de-personas-con-discapacidad-en-el-senado-provincial\/\"},\"wordCount\":208,\"publisher\":{\"@id\":\"https:\/\/apuntesdesanluis.com\/#\/schema\/person\/b55151d52296fcce64d1a72538a70b90\"},\"image\":{\"@id\":\"https:\/\/apuntesdesanluis.com\/index.php\/2024\/01\/06\/primer-encuentro-de-ongs-y-referentes-de-personas-con-discapacidad-en-el-senado-provincial\/#primaryimage\"},\"thumbnailUrl\":\"https:\/\/apuntesdesanluis.com\/wp-content\/uploads\/2024\/01\/encuentro-en-el-senado.jpg\",\"articleSection\":[\"Ciudad\/Provincia\"],\"inLanguage\":\"es-AR\"},{\"@type\":\"WebPage\",\"@id\":\"https:\/\/apuntesdesanluis.com\/index.php\/2024\/01\/06\/primer-encuentro-de-ongs-y-referentes-de-personas-con-discapacidad-en-el-senado-provincial\/\",\"url\":\"https:\/\/apuntesdesanluis.com\/index.php\/2024\/01\/06\/primer-encuentro-de-ongs-y-referentes-de-personas-con-discapacidad-en-el-senado-provincial\/\",\"name\":\"PRIMER ENCUENTRO DE ONGS Y REFERENTES DE PERSONAS CON DISCAPACIDAD EN EL SENADO PROVINCIAL - Apuntes de San Luis\",\"isPartOf\":{\"@id\":\"https:\/\/apuntesdesanluis.com\/#website\"},\"primaryImageOfPage\":{\"@id\":\"https:\/\/apuntesdesanluis.com\/index.php\/2024\/01\/06\/primer-encuentro-de-ongs-y-referentes-de-personas-con-discapacidad-en-el-senado-provincial\/#primaryimage\"},\"image\":{\"@id\":\"https:\/\/apuntesdesanluis.com\/index.php\/2024\/01\/06\/primer-encuentro-de-ongs-y-referentes-de-personas-con-discapacidad-en-el-senado-provincial\/#primaryimage\"},\"thumbnailUrl\":\"https:\/\/apuntesdesanluis.com\/wp-content\/uploads\/2024\/01\/encuentro-en-el-senado.jpg\",\"datePublished\":\"2024-01-07T01:12:38+00:00\",\"dateModified\":\"2024-01-08T01:15:48+00:00\",\"breadcrumb\":{\"@id\":\"https:\/\/apuntesdesanluis.com\/index.php\/2024\/01\/06\/primer-encuentro-de-ongs-y-referentes-de-personas-con-discapacidad-en-el-senado-provincial\/#breadcrumb\"},\"inLanguage\":\"es-AR\",\"potentialAction\":[{\"@type\":\"ReadAction\",\"target\":[\"https:\/\/apuntesdesanluis.com\/index.php\/2024\/01\/06\/primer-encuentro-de-ongs-y-referentes-de-personas-con-discapacidad-en-el-senado-provincial\/\"]}]},{\"@type\":\"ImageObject\",\"inLanguage\":\"es-AR\",\"@id\":\"https:\/\/apuntesdesanluis.com\/index.php\/2024\/01\/06\/primer-encuentro-de-ongs-y-referentes-de-personas-con-discapacidad-en-el-senado-provincial\/#primaryimage\",\"url\":\"https:\/\/apuntesdesanluis.com\/wp-content\/uploads\/2024\/01\/encuentro-en-el-senado.jpg\",\"contentUrl\":\"https:\/\/apuntesdesanluis.com\/wp-content\/uploads\/2024\/01\/encuentro-en-el-senado.jpg\",\"width\":564,\"height\":357},{\"@type\":\"BreadcrumbList\",\"@id\":\"https:\/\/apuntesdesanluis.com\/index.php\/2024\/01\/06\/primer-encuentro-de-ongs-y-referentes-de-personas-con-discapacidad-en-el-senado-provincial\/#breadcrumb\",\"itemListElement\":[{\"@type\":\"ListItem\",\"position\":1,\"name\":\"Inicio\",\"item\":\"https:\/\/apuntesdesanluis.com\/\"},{\"@type\":\"ListItem\",\"position\":2,\"name\":\"PRIMER ENCUENTRO DE ONGS Y REFERENTES DE PERSONAS CON DISCAPACIDAD EN EL SENADO PROVINCIAL\"}]},{\"@type\":\"WebSite\",\"@id\":\"https:\/\/apuntesdesanluis.com\/#website\",\"url\":\"https:\/\/apuntesdesanluis.com\/\",\"name\":\"Apuntes de San Luis\",\"description\":\"\",\"publisher\":{\"@id\":\"https:\/\/apuntesdesanluis.com\/#\/schema\/person\/b55151d52296fcce64d1a72538a70b90\"},\"potentialAction\":[{\"@type\":\"SearchAction\",\"target\":{\"@type\":\"EntryPoint\",\"urlTemplate\":\"https:\/\/apuntesdesanluis.com\/?s={search_term_string}\"},\"query-input\":{\"@type\":\"PropertyValueSpecification\",\"valueRequired\":true,\"valueName\":\"search_term_string\"}}],\"inLanguage\":\"es-AR\"},{\"@type\":[\"Person\",\"Organization\"],\"@id\":\"https:\/\/apuntesdesanluis.com\/#\/schema\/person\/b55151d52296fcce64d1a72538a70b90\",\"name\":\"apuntesdesanluis.com\",\"image\":{\"@type\":\"ImageObject\",\"inLanguage\":\"es-AR\",\"@id\":\"https:\/\/apuntesdesanluis.com\/#\/schema\/person\/image\/\",\"url\":\"https:\/\/apuntesdesanluis.com\/wp-content\/uploads\/2023\/07\/cropped-apuntesdesanluis.png\",\"contentUrl\":\"https:\/\/apuntesdesanluis.com\/wp-content\/uploads\/2023\/07\/cropped-apuntesdesanluis.png\",\"width\":450,\"height\":112,\"caption\":\"apuntesdesanluis.com\"},\"logo\":{\"@id\":\"https:\/\/apuntesdesanluis.com\/#\/schema\/person\/image\/\"},\"sameAs\":[\"https:\/\/apuntesdesanluis.com\"],\"url\":\"https:\/\/apuntesdesanluis.com\/index.php\/author\/apuntesdesanluis-com\/\"}]}<\/script>\n<!-- \/ Yoast SEO plugin. -->","yoast_head_json":{"title":"PRIMER ENCUENTRO DE ONGS Y REFERENTES DE PERSONAS CON DISCAPACIDAD EN EL SENADO PROVINCIAL - Apuntes de San Luis","robots":{"index":"index","follow":"follow","max-snippet":"max-snippet:-1","max-image-preview":"max-image-preview:large","max-video-preview":"max-video-preview:-1"},"canonical":"https:\/\/apuntesdesanluis.com\/index.php\/2024\/01\/06\/primer-encuentro-de-ongs-y-referentes-de-personas-con-discapacidad-en-el-senado-provincial\/","og_locale":"es_ES","og_type":"article","og_title":"PRIMER ENCUENTRO DE ONGS Y REFERENTES DE PERSONAS CON DISCAPACIDAD EN EL SENADO PROVINCIAL - Apuntes de San Luis","og_description":"Este viernes se llev\u00f3 a cabo en el hall del Poder Legislativo un primer encuentro...","og_url":"https:\/\/apuntesdesanluis.com\/index.php\/2024\/01\/06\/primer-encuentro-de-ongs-y-referentes-de-personas-con-discapacidad-en-el-senado-provincial\/","og_site_name":"Apuntes de San Luis","article_published_time":"2024-01-07T01:12:38+00:00","article_modified_time":"2024-01-08T01:15:48+00:00","og_image":[{"width":564,"height":357,"url":"https:\/\/apuntesdesanluis.com\/wp-content\/uploads\/2024\/01\/encuentro-en-el-senado.jpg","type":"image\/jpeg"}],"author":"apuntesdesanluis.com","twitter_card":"summary_large_image","twitter_misc":{"Escrito por":"apuntesdesanluis.com","Tiempo de lectura":"2 minutos"},"schema":{"@context":"https:\/\/schema.org","@graph":[{"@type":"Article","@id":"https:\/\/apuntesdesanluis.com\/index.php\/2024\/01\/06\/primer-encuentro-de-ongs-y-referentes-de-personas-con-discapacidad-en-el-senado-provincial\/#article","isPartOf":{"@id":"https:\/\/apuntesdesanluis.com\/index.php\/2024\/01\/06\/primer-encuentro-de-ongs-y-referentes-de-personas-con-discapacidad-en-el-senado-provincial\/"},"author":{"name":"apuntesdesanluis.com","@id":"https:\/\/apuntesdesanluis.com\/#\/schema\/person\/b55151d52296fcce64d1a72538a70b90"},"headline":"PRIMER ENCUENTRO DE ONGS Y REFERENTES DE PERSONAS CON DISCAPACIDAD EN EL SENADO PROVINCIAL","datePublished":"2024-01-07T01:12:38+00:00","dateModified":"2024-01-08T01:15:48+00:00","mainEntityOfPage":{"@id":"https:\/\/apuntesdesanluis.com\/index.php\/2024\/01\/06\/primer-encuentro-de-ongs-y-referentes-de-personas-con-discapacidad-en-el-senado-provincial\/"},"wordCount":208,"publisher":{"@id":"https:\/\/apuntesdesanluis.com\/#\/schema\/person\/b55151d52296fcce64d1a72538a70b90"},"image":{"@id":"https:\/\/apuntesdesanluis.com\/index.php\/2024\/01\/06\/primer-encuentro-de-ongs-y-referentes-de-personas-con-discapacidad-en-el-senado-provincial\/#primaryimage"},"thumbnailUrl":"https:\/\/apuntesdesanluis.com\/wp-content\/uploads\/2024\/01\/encuentro-en-el-senado.jpg","articleSection":["Ciudad\/Provincia"],"inLanguage":"es-AR"},{"@type":"WebPage","@id":"https:\/\/apuntesdesanluis.com\/index.php\/2024\/01\/06\/primer-encuentro-de-ongs-y-referentes-de-personas-con-discapacidad-en-el-senado-provincial\/","url":"https:\/\/apuntesdesanluis.com\/index.php\/2024\/01\/06\/primer-encuentro-de-ongs-y-referentes-de-personas-con-discapacidad-en-el-senado-provincial\/","name":"PRIMER ENCUENTRO DE ONGS Y REFERENTES DE PERSONAS CON DISCAPACIDAD EN EL SENADO PROVINCIAL - Apuntes de San Luis","isPartOf":{"@id":"https:\/\/apuntesdesanluis.com\/#website"},"primaryImageOfPage":{"@id":"https:\/\/apuntesdesanluis.com\/index.php\/2024\/01\/06\/primer-encuentro-de-ongs-y-referentes-de-personas-con-discapacidad-en-el-senado-provincial\/#primaryimage"},"image":{"@id":"https:\/\/apuntesdesanluis.com\/index.php\/2024\/01\/06\/primer-encuentro-de-ongs-y-referentes-de-personas-con-discapacidad-en-el-senado-provincial\/#primaryimage"},"thumbnailUrl":"https:\/\/apuntesdesanluis.com\/wp-content\/uploads\/2024\/01\/encuentro-en-el-senado.jpg","datePublished":"2024-01-07T01:12:38+00:00","dateModified":"2024-01-08T01:15:48+00:00","breadcrumb":{"@id":"https:\/\/apuntesdesanluis.com\/index.php\/2024\/01\/06\/primer-encuentro-de-ongs-y-referentes-de-personas-con-discapacidad-en-el-senado-provincial\/#breadcrumb"},"inLanguage":"es-AR","potentialAction":[{"@type":"ReadAction","target":["https:\/\/apuntesdesanluis.com\/index.php\/2024\/01\/06\/primer-encuentro-de-ongs-y-referentes-de-personas-con-discapacidad-en-el-senado-provincial\/"]}]},{"@type":"ImageObject","inLanguage":"es-AR","@id":"https:\/\/apuntesdesanluis.com\/index.php\/2024\/01\/06\/primer-encuentro-de-ongs-y-referentes-de-personas-con-discapacidad-en-el-senado-provincial\/#primaryimage","url":"https:\/\/apuntesdesanluis.com\/wp-content\/uploads\/2024\/01\/encuentro-en-el-senado.jpg","contentUrl":"https:\/\/apuntesdesanluis.com\/wp-content\/uploads\/2024\/01\/encuentro-en-el-senado.jpg","width":564,"height":357},{"@type":"BreadcrumbList","@id":"https:\/\/apuntesdesanluis.com\/index.php\/2024\/01\/06\/primer-encuentro-de-ongs-y-referentes-de-personas-con-discapacidad-en-el-senado-provincial\/#breadcrumb","itemListElement":[{"@type":"ListItem","position":1,"name":"Inicio","item":"https:\/\/apuntesdesanluis.com\/"},{"@type":"ListItem","position":2,"name":"PRIMER ENCUENTRO DE ONGS Y REFERENTES DE PERSONAS CON DISCAPACIDAD EN EL SENADO PROVINCIAL"}]},{"@type":"WebSite","@id":"https:\/\/apuntesdesanluis.com\/#website","url":"https:\/\/apuntesdesanluis.com\/","name":"Apuntes de San Luis","description":"","publisher":{"@id":"https:\/\/apuntesdesanluis.com\/#\/schema\/person\/b55151d52296fcce64d1a72538a70b90"},"potentialAction":[{"@type":"SearchAction","target":{"@type":"EntryPoint","urlTemplate":"https:\/\/apuntesdesanluis.com\/?s={search_term_string}"},"query-input":{"@type":"PropertyValueSpecification","valueRequired":true,"valueName":"search_term_string"}}],"inLanguage":"es-AR"},{"@type":["Person","Organization"],"@id":"https:\/\/apuntesdesanluis.com\/#\/schema\/person\/b55151d52296fcce64d1a72538a70b90","name":"apuntesdesanluis.com","image":{"@type":"ImageObject","inLanguage":"es-AR","@id":"https:\/\/apuntesdesanluis.com\/#\/schema\/person\/image\/","url":"https:\/\/apuntesdesanluis.com\/wp-content\/uploads\/2023\/07\/cropped-apuntesdesanluis.png","contentUrl":"https:\/\/apuntesdesanluis.com\/wp-content\/uploads\/2023\/07\/cropped-apuntesdesanluis.png","width":450,"height":112,"caption":"apuntesdesanluis.com"},"logo":{"@id":"https:\/\/apuntesdesanluis.com\/#\/schema\/person\/image\/"},"sameAs":["https:\/\/apuntesdesanluis.com"],"url":"https:\/\/apuntesdesanluis.com\/index.php\/author\/apuntesdesanluis-com\/"}]}},"featured_image_urls":{"full":["https:\/\/apuntesdesanluis.com\/wp-content\/uploads\/2024\/01\/encuentro-en-el-senado.jpg",564,357,false],"thumbnail":["https:\/\/apuntesdesanluis.com\/wp-content\/uploads\/2024\/01\/encuentro-en-el-senado-150x150.jpg",150,150,true],"medium":["https:\/\/apuntesdesanluis.com\/wp-content\/uploads\/2024\/01\/encuentro-en-el-senado-300x190.jpg",300,190,true],"medium_large":["https:\/\/apuntesdesanluis.com\/wp-content\/uploads\/2024\/01\/encuentro-en-el-senado.jpg",564,357,false],"large":["https:\/\/apuntesdesanluis.com\/wp-content\/uploads\/2024\/01\/encuentro-en-el-senado.jpg",564,357,false],"1536x1536":["https:\/\/apuntesdesanluis.com\/wp-content\/uploads\/2024\/01\/encuentro-en-el-senado.jpg",564,357,false],"2048x2048":["https:\/\/apuntesdesanluis.com\/wp-content\/uploads\/2024\/01\/encuentro-en-el-senado.jpg",564,357,false],"newsever-slider-full":["https:\/\/apuntesdesanluis.com\/wp-content\/uploads\/2024\/01\/encuentro-en-el-senado.jpg",564,357,false],"newsever-featured":["https:\/\/apuntesdesanluis.com\/wp-content\/uploads\/2024\/01\/encuentro-en-el-senado.jpg",564,357,false],"newsever-medium":["https:\/\/apuntesdesanluis.com\/wp-content\/uploads\/2024\/01\/encuentro-en-el-senado.jpg",564,357,false]},"author_info":{"display_name":"apuntesdesanluis.com","author_link":"https:\/\/apuntesdesanluis.com\/index.php\/author\/apuntesdesanluis-com\/"},"category_info":"<a href=\"https:\/\/apuntesdesanluis.com\/index.php\/category\/ciudad-provincia\/\" rel=\"category tag\">Ciudad\/Provincia<\/a>","tag_info":"Ciudad\/Provincia","comment_count":"0","_links":{"self":[{"href":"https:\/\/apuntesdesanluis.com\/index.php\/wp-json\/wp\/v2\/posts\/9697","targetHints":{"allow":["GET"]}}],"collection":[{"href":"https:\/\/apuntesdesanluis.com\/index.php\/wp-json\/wp\/v2\/posts"}],"about":[{"href":"https:\/\/apuntesdesanluis.com\/index.php\/wp-json\/wp\/v2\/types\/post"}],"author":[{"embeddable":true,"href":"https:\/\/apuntesdesanluis.com\/index.php\/wp-json\/wp\/v2\/users\/1"}],"replies":[{"embeddable":true,"href":"https:\/\/apuntesdesanluis.com\/index.php\/wp-json\/wp\/v2\/comments?post=9697"}],"version-history":[{"count":3,"href":"https:\/\/apuntesdesanluis.com\/index.php\/wp-json\/wp\/v2\/posts\/9697\/revisions"}],"predecessor-version":[{"id":9703,"href":"https:\/\/apuntesdesanluis.com\/index.php\/wp-json\/wp\/v2\/posts\/9697\/revisions\/9703"}],"wp:featuredmedia":[{"embeddable":true,"href":"https:\/\/apuntesdesanluis.com\/index.php\/wp-json\/wp\/v2\/media\/9698"}],"wp:attachment":[{"href":"https:\/\/apuntesdesanluis.com\/index.php\/wp-json\/wp\/v2\/media?parent=9697"}],"wp:term":[{"taxonomy":"category","embeddable":true,"href":"https:\/\/apuntesdesanluis.com\/index.php\/wp-json\/wp\/v2\/categories?post=9697"},{"taxonomy":"post_tag","embeddable":true,"href":"https:\/\/apuntesdesanluis.com\/index.php\/wp-json\/wp\/v2\/tags?post=9697"}],"curies":[{"name":"wp","href":"https:\/\/api.w.org\/{rel}","templated":true}]}}