{"id":9728,"date":"2024-01-08T16:33:50","date_gmt":"2024-01-08T19:33:50","guid":{"rendered":"https:\/\/apuntesdesanluis.com\/?p=9728"},"modified":"2024-01-08T16:33:50","modified_gmt":"2024-01-08T19:33:50","slug":"fallecio-franz-beckenbauer-leyenda-del-futbol-mundial","status":"publish","type":"post","link":"https:\/\/apuntesdesanluis.com\/index.php\/2024\/01\/08\/fallecio-franz-beckenbauer-leyenda-del-futbol-mundial\/","title":{"rendered":"FALLECI\u00d3 FRANZ BECKENBAUER, LEYENDA DEL F\u00daTBOL MUNDIAL"},"content":{"rendered":"<h3>El hist\u00f3rico defensor alem\u00e1n <strong>Franz Beckenbauer<\/strong> falleci\u00f3, este lunes, a los 78 a\u00f1os de edad, tras luchar los \u00faltimos meses contra una enfermedad que lo hab\u00eda tenido fuera de la vida p\u00fablica.<\/h3>\n<h3>El mundo del f\u00fatbol se visti\u00f3 de luto este lunes con la noticia del fallecimiento de la leyenda del f\u00fatbol mundial Franz Beckenbauer, alem\u00e1n campe\u00f3n del mundo en 1974 como jugador y en 1990 como entrenador, venciendo en la final a Argentina en el Stadio Ol\u00edmpico de Roma, Italia.<\/h3>\n<h3>Tras luchar los \u00faltimos meses contra una enfermedad y, sumado a las acusaciones por presuntas irregularidades para que Alemania sea sede del Mundial de 2006, el \u201cKaiser\u201d se hab\u00eda alejado de la vida p\u00fablica hace rato y, este lunes, falleci\u00f3 a los 78 a\u00f1os de edad.<\/h3>\n<p><img fetchpriority=\"high\" decoding=\"async\" class=\"wp-image-9730 aligncenter\" src=\"https:\/\/apuntesdesanluis.com\/wp-content\/uploads\/2024\/01\/franz-300x198.png\" alt=\"\" width=\"695\" height=\"459\" srcset=\"https:\/\/apuntesdesanluis.com\/wp-content\/uploads\/2024\/01\/franz-300x198.png 300w, https:\/\/apuntesdesanluis.com\/wp-content\/uploads\/2024\/01\/franz.png 591w\" sizes=\"(max-width: 695px) 100vw, 695px\" \/><\/p>\n<h3>En un comunicado, la familia del defensor inform\u00f3 el deceso: &#8220;Con profunda tristeza anunciamos que mi esposo y nuestro padre, Franz Beckenbauer, falleci\u00f3 pac\u00edficamente mientras dorm\u00eda ayer domingo, rodeado de su familia. Les pedimos que puedan llorar en silencio y abstenerse de hacer preguntas&#8221;.<\/h3>\n<h3>Nacido el 11 de septiembre de 1945 en M\u00fanich, Franz Beckenbauer jug\u00f3 en el Bayern, el club de su ciudad, donde estuvo 13 a\u00f1os ganando una gran cantidad de trofeos incluidos dos Balones de Oro en 1972 y 1976. A pesar de su gran estad\u00eda en la instituci\u00f3n de Baviera, el defensor termin\u00f3 convirti\u00e9ndose en leyenda del f\u00fatbol mundial por lo hecho en la selecci\u00f3n de Alemania Occidental donde gan\u00f3 la Copa del Mundo de 1974 ante Holanda en Berl\u00edn.<\/h3>\n<h3>En 1977, el futbolista dej\u00f3 el equipo alem\u00e1n para pasar a jugar en el New York Cosmos de Estados Unidos, algo impensado para la \u00e9poca y que fue novedoso ya que, junto a Beckenbauer, llegaron astros como los brasile\u00f1os Carlos Alberto y Pel\u00e9, el neerland\u00e9s Johan Neeskens y, por un par de amistosos, Johann Cruyff.<\/h3>\n<h3>Luego de un paso de dos a\u00f1os por el Hamburgo alem\u00e1n, el defensor volvi\u00f3 al equipo neoyorquino para retirarse definitivamente de la actividad profesional en 1983. Un a\u00f1o despu\u00e9s, Franz Beckenbauer tom\u00f3 la direcci\u00f3n t\u00e9cnica de la selecci\u00f3n de Alemania donde sali\u00f3 subcampe\u00f3n en el Mundial de M\u00e9xico 1986 perdiendo 3-2 la final con Argentina pero tuvo revancha, cuatro a\u00f1os despu\u00e9s, en la edici\u00f3n de Italia 1990 donde venci\u00f3 1-0 a la \u201cAlbiceleste\u201d y les dio la tercera Copa del Mundo a los alemanes.<\/h3>\n<h3><\/h3>\n<p>&nbsp;<\/p>\n<p>&nbsp;<\/p>\n<p>&nbsp;<\/p>\n","protected":false},"excerpt":{"rendered":"<p>El hist\u00f3rico defensor alem\u00e1n Franz Beckenbauer falleci\u00f3, este lunes, a los 78 a\u00f1os de edad,&#8230;<\/p>\n","protected":false},"author":1,"featured_media":9729,"comment_status":"closed","ping_status":"closed","sticky":false,"template":"","format":"standard","meta":{"footnotes":""},"categories":[5],"tags":[],"class_list":["post-9728","post","type-post","status-publish","format-standard","has-post-thumbnail","hentry","category-nacionales-internacionales"],"yoast_head":"<!-- This site is optimized with the Yoast SEO plugin v26.1.1 - https:\/\/yoast.com\/wordpress\/plugins\/seo\/ -->\n<title>FALLECI\u00d3 FRANZ BECKENBAUER, LEYENDA DEL F\u00daTBOL MUNDIAL - Apuntes de San Luis<\/title>\n<meta name=\"robots\" content=\"index, follow, max-snippet:-1, max-image-preview:large, max-video-preview:-1\" \/>\n<link rel=\"canonical\" href=\"https:\/\/apuntesdesanluis.com\/index.php\/2024\/01\/08\/fallecio-franz-beckenbauer-leyenda-del-futbol-mundial\/\" \/>\n<meta property=\"og:locale\" content=\"es_ES\" \/>\n<meta property=\"og:type\" content=\"article\" \/>\n<meta property=\"og:title\" content=\"FALLECI\u00d3 FRANZ BECKENBAUER, LEYENDA DEL F\u00daTBOL MUNDIAL - Apuntes de San Luis\" \/>\n<meta property=\"og:description\" content=\"El hist\u00f3rico defensor alem\u00e1n Franz Beckenbauer falleci\u00f3, este lunes, a los 78 a\u00f1os de edad,...\" \/>\n<meta property=\"og:url\" content=\"https:\/\/apuntesdesanluis.com\/index.php\/2024\/01\/08\/fallecio-franz-beckenbauer-leyenda-del-futbol-mundial\/\" \/>\n<meta property=\"og:site_name\" content=\"Apuntes de San Luis\" \/>\n<meta property=\"article:published_time\" content=\"2024-01-08T19:33:50+00:00\" \/>\n<meta property=\"og:image\" content=\"https:\/\/apuntesdesanluis.com\/wp-content\/uploads\/2024\/01\/beken.png\" \/>\n\t<meta property=\"og:image:width\" content=\"848\" \/>\n\t<meta property=\"og:image:height\" content=\"617\" \/>\n\t<meta property=\"og:image:type\" content=\"image\/png\" \/>\n<meta name=\"author\" content=\"apuntesdesanluis.com\" \/>\n<meta name=\"twitter:card\" content=\"summary_large_image\" \/>\n<meta name=\"twitter:label1\" content=\"Escrito por\" \/>\n\t<meta name=\"twitter:data1\" content=\"apuntesdesanluis.com\" \/>\n\t<meta name=\"twitter:label2\" content=\"Tiempo de lectura\" \/>\n\t<meta name=\"twitter:data2\" content=\"2 minutos\" \/>\n<script type=\"application\/ld+json\" class=\"yoast-schema-graph\">{\"@context\":\"https:\/\/schema.org\",\"@graph\":[{\"@type\":\"Article\",\"@id\":\"https:\/\/apuntesdesanluis.com\/index.php\/2024\/01\/08\/fallecio-franz-beckenbauer-leyenda-del-futbol-mundial\/#article\",\"isPartOf\":{\"@id\":\"https:\/\/apuntesdesanluis.com\/index.php\/2024\/01\/08\/fallecio-franz-beckenbauer-leyenda-del-futbol-mundial\/\"},\"author\":{\"name\":\"apuntesdesanluis.com\",\"@id\":\"https:\/\/apuntesdesanluis.com\/#\/schema\/person\/b55151d52296fcce64d1a72538a70b90\"},\"headline\":\"FALLECI\u00d3 FRANZ BECKENBAUER, LEYENDA DEL F\u00daTBOL MUNDIAL\",\"datePublished\":\"2024-01-08T19:33:50+00:00\",\"mainEntityOfPage\":{\"@id\":\"https:\/\/apuntesdesanluis.com\/index.php\/2024\/01\/08\/fallecio-franz-beckenbauer-leyenda-del-futbol-mundial\/\"},\"wordCount\":424,\"publisher\":{\"@id\":\"https:\/\/apuntesdesanluis.com\/#\/schema\/person\/b55151d52296fcce64d1a72538a70b90\"},\"image\":{\"@id\":\"https:\/\/apuntesdesanluis.com\/index.php\/2024\/01\/08\/fallecio-franz-beckenbauer-leyenda-del-futbol-mundial\/#primaryimage\"},\"thumbnailUrl\":\"https:\/\/apuntesdesanluis.com\/wp-content\/uploads\/2024\/01\/beken.png\",\"articleSection\":[\"Nacionales\/Internacionales\"],\"inLanguage\":\"es-AR\"},{\"@type\":\"WebPage\",\"@id\":\"https:\/\/apuntesdesanluis.com\/index.php\/2024\/01\/08\/fallecio-franz-beckenbauer-leyenda-del-futbol-mundial\/\",\"url\":\"https:\/\/apuntesdesanluis.com\/index.php\/2024\/01\/08\/fallecio-franz-beckenbauer-leyenda-del-futbol-mundial\/\",\"name\":\"FALLECI\u00d3 FRANZ BECKENBAUER, LEYENDA DEL F\u00daTBOL MUNDIAL - Apuntes de San Luis\",\"isPartOf\":{\"@id\":\"https:\/\/apuntesdesanluis.com\/#website\"},\"primaryImageOfPage\":{\"@id\":\"https:\/\/apuntesdesanluis.com\/index.php\/2024\/01\/08\/fallecio-franz-beckenbauer-leyenda-del-futbol-mundial\/#primaryimage\"},\"image\":{\"@id\":\"https:\/\/apuntesdesanluis.com\/index.php\/2024\/01\/08\/fallecio-franz-beckenbauer-leyenda-del-futbol-mundial\/#primaryimage\"},\"thumbnailUrl\":\"https:\/\/apuntesdesanluis.com\/wp-content\/uploads\/2024\/01\/beken.png\",\"datePublished\":\"2024-01-08T19:33:50+00:00\",\"breadcrumb\":{\"@id\":\"https:\/\/apuntesdesanluis.com\/index.php\/2024\/01\/08\/fallecio-franz-beckenbauer-leyenda-del-futbol-mundial\/#breadcrumb\"},\"inLanguage\":\"es-AR\",\"potentialAction\":[{\"@type\":\"ReadAction\",\"target\":[\"https:\/\/apuntesdesanluis.com\/index.php\/2024\/01\/08\/fallecio-franz-beckenbauer-leyenda-del-futbol-mundial\/\"]}]},{\"@type\":\"ImageObject\",\"inLanguage\":\"es-AR\",\"@id\":\"https:\/\/apuntesdesanluis.com\/index.php\/2024\/01\/08\/fallecio-franz-beckenbauer-leyenda-del-futbol-mundial\/#primaryimage\",\"url\":\"https:\/\/apuntesdesanluis.com\/wp-content\/uploads\/2024\/01\/beken.png\",\"contentUrl\":\"https:\/\/apuntesdesanluis.com\/wp-content\/uploads\/2024\/01\/beken.png\",\"width\":848,\"height\":617},{\"@type\":\"BreadcrumbList\",\"@id\":\"https:\/\/apuntesdesanluis.com\/index.php\/2024\/01\/08\/fallecio-franz-beckenbauer-leyenda-del-futbol-mundial\/#breadcrumb\",\"itemListElement\":[{\"@type\":\"ListItem\",\"position\":1,\"name\":\"Inicio\",\"item\":\"https:\/\/apuntesdesanluis.com\/\"},{\"@type\":\"ListItem\",\"position\":2,\"name\":\"FALLECI\u00d3 FRANZ BECKENBAUER, LEYENDA DEL F\u00daTBOL MUNDIAL\"}]},{\"@type\":\"WebSite\",\"@id\":\"https:\/\/apuntesdesanluis.com\/#website\",\"url\":\"https:\/\/apuntesdesanluis.com\/\",\"name\":\"Apuntes de San Luis\",\"description\":\"\",\"publisher\":{\"@id\":\"https:\/\/apuntesdesanluis.com\/#\/schema\/person\/b55151d52296fcce64d1a72538a70b90\"},\"potentialAction\":[{\"@type\":\"SearchAction\",\"target\":{\"@type\":\"EntryPoint\",\"urlTemplate\":\"https:\/\/apuntesdesanluis.com\/?s={search_term_string}\"},\"query-input\":{\"@type\":\"PropertyValueSpecification\",\"valueRequired\":true,\"valueName\":\"search_term_string\"}}],\"inLanguage\":\"es-AR\"},{\"@type\":[\"Person\",\"Organization\"],\"@id\":\"https:\/\/apuntesdesanluis.com\/#\/schema\/person\/b55151d52296fcce64d1a72538a70b90\",\"name\":\"apuntesdesanluis.com\",\"image\":{\"@type\":\"ImageObject\",\"inLanguage\":\"es-AR\",\"@id\":\"https:\/\/apuntesdesanluis.com\/#\/schema\/person\/image\/\",\"url\":\"https:\/\/apuntesdesanluis.com\/wp-content\/uploads\/2023\/07\/cropped-apuntesdesanluis.png\",\"contentUrl\":\"https:\/\/apuntesdesanluis.com\/wp-content\/uploads\/2023\/07\/cropped-apuntesdesanluis.png\",\"width\":450,\"height\":112,\"caption\":\"apuntesdesanluis.com\"},\"logo\":{\"@id\":\"https:\/\/apuntesdesanluis.com\/#\/schema\/person\/image\/\"},\"sameAs\":[\"https:\/\/apuntesdesanluis.com\"],\"url\":\"https:\/\/apuntesdesanluis.com\/index.php\/author\/apuntesdesanluis-com\/\"}]}<\/script>\n<!-- \/ Yoast SEO plugin. -->","yoast_head_json":{"title":"FALLECI\u00d3 FRANZ BECKENBAUER, LEYENDA DEL F\u00daTBOL MUNDIAL - Apuntes de San Luis","robots":{"index":"index","follow":"follow","max-snippet":"max-snippet:-1","max-image-preview":"max-image-preview:large","max-video-preview":"max-video-preview:-1"},"canonical":"https:\/\/apuntesdesanluis.com\/index.php\/2024\/01\/08\/fallecio-franz-beckenbauer-leyenda-del-futbol-mundial\/","og_locale":"es_ES","og_type":"article","og_title":"FALLECI\u00d3 FRANZ BECKENBAUER, LEYENDA DEL F\u00daTBOL MUNDIAL - Apuntes de San Luis","og_description":"El hist\u00f3rico defensor alem\u00e1n Franz Beckenbauer falleci\u00f3, este lunes, a los 78 a\u00f1os de edad,...","og_url":"https:\/\/apuntesdesanluis.com\/index.php\/2024\/01\/08\/fallecio-franz-beckenbauer-leyenda-del-futbol-mundial\/","og_site_name":"Apuntes de San Luis","article_published_time":"2024-01-08T19:33:50+00:00","og_image":[{"width":848,"height":617,"url":"https:\/\/apuntesdesanluis.com\/wp-content\/uploads\/2024\/01\/beken.png","type":"image\/png"}],"author":"apuntesdesanluis.com","twitter_card":"summary_large_image","twitter_misc":{"Escrito por":"apuntesdesanluis.com","Tiempo de lectura":"2 minutos"},"schema":{"@context":"https:\/\/schema.org","@graph":[{"@type":"Article","@id":"https:\/\/apuntesdesanluis.com\/index.php\/2024\/01\/08\/fallecio-franz-beckenbauer-leyenda-del-futbol-mundial\/#article","isPartOf":{"@id":"https:\/\/apuntesdesanluis.com\/index.php\/2024\/01\/08\/fallecio-franz-beckenbauer-leyenda-del-futbol-mundial\/"},"author":{"name":"apuntesdesanluis.com","@id":"https:\/\/apuntesdesanluis.com\/#\/schema\/person\/b55151d52296fcce64d1a72538a70b90"},"headline":"FALLECI\u00d3 FRANZ BECKENBAUER, LEYENDA DEL F\u00daTBOL MUNDIAL","datePublished":"2024-01-08T19:33:50+00:00","mainEntityOfPage":{"@id":"https:\/\/apuntesdesanluis.com\/index.php\/2024\/01\/08\/fallecio-franz-beckenbauer-leyenda-del-futbol-mundial\/"},"wordCount":424,"publisher":{"@id":"https:\/\/apuntesdesanluis.com\/#\/schema\/person\/b55151d52296fcce64d1a72538a70b90"},"image":{"@id":"https:\/\/apuntesdesanluis.com\/index.php\/2024\/01\/08\/fallecio-franz-beckenbauer-leyenda-del-futbol-mundial\/#primaryimage"},"thumbnailUrl":"https:\/\/apuntesdesanluis.com\/wp-content\/uploads\/2024\/01\/beken.png","articleSection":["Nacionales\/Internacionales"],"inLanguage":"es-AR"},{"@type":"WebPage","@id":"https:\/\/apuntesdesanluis.com\/index.php\/2024\/01\/08\/fallecio-franz-beckenbauer-leyenda-del-futbol-mundial\/","url":"https:\/\/apuntesdesanluis.com\/index.php\/2024\/01\/08\/fallecio-franz-beckenbauer-leyenda-del-futbol-mundial\/","name":"FALLECI\u00d3 FRANZ BECKENBAUER, LEYENDA DEL F\u00daTBOL MUNDIAL - Apuntes de San Luis","isPartOf":{"@id":"https:\/\/apuntesdesanluis.com\/#website"},"primaryImageOfPage":{"@id":"https:\/\/apuntesdesanluis.com\/index.php\/2024\/01\/08\/fallecio-franz-beckenbauer-leyenda-del-futbol-mundial\/#primaryimage"},"image":{"@id":"https:\/\/apuntesdesanluis.com\/index.php\/2024\/01\/08\/fallecio-franz-beckenbauer-leyenda-del-futbol-mundial\/#primaryimage"},"thumbnailUrl":"https:\/\/apuntesdesanluis.com\/wp-content\/uploads\/2024\/01\/beken.png","datePublished":"2024-01-08T19:33:50+00:00","breadcrumb":{"@id":"https:\/\/apuntesdesanluis.com\/index.php\/2024\/01\/08\/fallecio-franz-beckenbauer-leyenda-del-futbol-mundial\/#breadcrumb"},"inLanguage":"es-AR","potentialAction":[{"@type":"ReadAction","target":["https:\/\/apuntesdesanluis.com\/index.php\/2024\/01\/08\/fallecio-franz-beckenbauer-leyenda-del-futbol-mundial\/"]}]},{"@type":"ImageObject","inLanguage":"es-AR","@id":"https:\/\/apuntesdesanluis.com\/index.php\/2024\/01\/08\/fallecio-franz-beckenbauer-leyenda-del-futbol-mundial\/#primaryimage","url":"https:\/\/apuntesdesanluis.com\/wp-content\/uploads\/2024\/01\/beken.png","contentUrl":"https:\/\/apuntesdesanluis.com\/wp-content\/uploads\/2024\/01\/beken.png","width":848,"height":617},{"@type":"BreadcrumbList","@id":"https:\/\/apuntesdesanluis.com\/index.php\/2024\/01\/08\/fallecio-franz-beckenbauer-leyenda-del-futbol-mundial\/#breadcrumb","itemListElement":[{"@type":"ListItem","position":1,"name":"Inicio","item":"https:\/\/apuntesdesanluis.com\/"},{"@type":"ListItem","position":2,"name":"FALLECI\u00d3 FRANZ BECKENBAUER, LEYENDA DEL F\u00daTBOL MUNDIAL"}]},{"@type":"WebSite","@id":"https:\/\/apuntesdesanluis.com\/#website","url":"https:\/\/apuntesdesanluis.com\/","name":"Apuntes de San Luis","description":"","publisher":{"@id":"https:\/\/apuntesdesanluis.com\/#\/schema\/person\/b55151d52296fcce64d1a72538a70b90"},"potentialAction":[{"@type":"SearchAction","target":{"@type":"EntryPoint","urlTemplate":"https:\/\/apuntesdesanluis.com\/?s={search_term_string}"},"query-input":{"@type":"PropertyValueSpecification","valueRequired":true,"valueName":"search_term_string"}}],"inLanguage":"es-AR"},{"@type":["Person","Organization"],"@id":"https:\/\/apuntesdesanluis.com\/#\/schema\/person\/b55151d52296fcce64d1a72538a70b90","name":"apuntesdesanluis.com","image":{"@type":"ImageObject","inLanguage":"es-AR","@id":"https:\/\/apuntesdesanluis.com\/#\/schema\/person\/image\/","url":"https:\/\/apuntesdesanluis.com\/wp-content\/uploads\/2023\/07\/cropped-apuntesdesanluis.png","contentUrl":"https:\/\/apuntesdesanluis.com\/wp-content\/uploads\/2023\/07\/cropped-apuntesdesanluis.png","width":450,"height":112,"caption":"apuntesdesanluis.com"},"logo":{"@id":"https:\/\/apuntesdesanluis.com\/#\/schema\/person\/image\/"},"sameAs":["https:\/\/apuntesdesanluis.com"],"url":"https:\/\/apuntesdesanluis.com\/index.php\/author\/apuntesdesanluis-com\/"}]}},"featured_image_urls":{"full":["https:\/\/apuntesdesanluis.com\/wp-content\/uploads\/2024\/01\/beken.png",848,617,false],"thumbnail":["https:\/\/apuntesdesanluis.com\/wp-content\/uploads\/2024\/01\/beken-150x150.png",150,150,true],"medium":["https:\/\/apuntesdesanluis.com\/wp-content\/uploads\/2024\/01\/beken-300x218.png",300,218,true],"medium_large":["https:\/\/apuntesdesanluis.com\/wp-content\/uploads\/2024\/01\/beken-768x559.png",640,466,true],"large":["https:\/\/apuntesdesanluis.com\/wp-content\/uploads\/2024\/01\/beken.png",640,466,false],"1536x1536":["https:\/\/apuntesdesanluis.com\/wp-content\/uploads\/2024\/01\/beken.png",848,617,false],"2048x2048":["https:\/\/apuntesdesanluis.com\/wp-content\/uploads\/2024\/01\/beken.png",848,617,false],"newsever-slider-full":["https:\/\/apuntesdesanluis.com\/wp-content\/uploads\/2024\/01\/beken.png",848,617,false],"newsever-featured":["https:\/\/apuntesdesanluis.com\/wp-content\/uploads\/2024\/01\/beken.png",848,617,false],"newsever-medium":["https:\/\/apuntesdesanluis.com\/wp-content\/uploads\/2024\/01\/beken-720x475.png",720,475,true]},"author_info":{"display_name":"apuntesdesanluis.com","author_link":"https:\/\/apuntesdesanluis.com\/index.php\/author\/apuntesdesanluis-com\/"},"category_info":"<a href=\"https:\/\/apuntesdesanluis.com\/index.php\/category\/nacionales-internacionales\/\" rel=\"category tag\">Nacionales\/Internacionales<\/a>","tag_info":"Nacionales\/Internacionales","comment_count":"0","_links":{"self":[{"href":"https:\/\/apuntesdesanluis.com\/index.php\/wp-json\/wp\/v2\/posts\/9728","targetHints":{"allow":["GET"]}}],"collection":[{"href":"https:\/\/apuntesdesanluis.com\/index.php\/wp-json\/wp\/v2\/posts"}],"about":[{"href":"https:\/\/apuntesdesanluis.com\/index.php\/wp-json\/wp\/v2\/types\/post"}],"author":[{"embeddable":true,"href":"https:\/\/apuntesdesanluis.com\/index.php\/wp-json\/wp\/v2\/users\/1"}],"replies":[{"embeddable":true,"href":"https:\/\/apuntesdesanluis.com\/index.php\/wp-json\/wp\/v2\/comments?post=9728"}],"version-history":[{"count":1,"href":"https:\/\/apuntesdesanluis.com\/index.php\/wp-json\/wp\/v2\/posts\/9728\/revisions"}],"predecessor-version":[{"id":9731,"href":"https:\/\/apuntesdesanluis.com\/index.php\/wp-json\/wp\/v2\/posts\/9728\/revisions\/9731"}],"wp:featuredmedia":[{"embeddable":true,"href":"https:\/\/apuntesdesanluis.com\/index.php\/wp-json\/wp\/v2\/media\/9729"}],"wp:attachment":[{"href":"https:\/\/apuntesdesanluis.com\/index.php\/wp-json\/wp\/v2\/media?parent=9728"}],"wp:term":[{"taxonomy":"category","embeddable":true,"href":"https:\/\/apuntesdesanluis.com\/index.php\/wp-json\/wp\/v2\/categories?post=9728"},{"taxonomy":"post_tag","embeddable":true,"href":"https:\/\/apuntesdesanluis.com\/index.php\/wp-json\/wp\/v2\/tags?post=9728"}],"curies":[{"name":"wp","href":"https:\/\/api.w.org\/{rel}","templated":true}]}}