{"id":9732,"date":"2024-01-08T16:47:23","date_gmt":"2024-01-08T19:47:23","guid":{"rendered":"https:\/\/apuntesdesanluis.com\/?p=9732"},"modified":"2024-01-08T16:47:23","modified_gmt":"2024-01-08T19:47:23","slug":"el-gobierno-confia-en-la-aprobacion-de-la-ley-omnibus-antes-de-fin-de-mes","status":"publish","type":"post","link":"https:\/\/apuntesdesanluis.com\/index.php\/2024\/01\/08\/el-gobierno-confia-en-la-aprobacion-de-la-ley-omnibus-antes-de-fin-de-mes\/","title":{"rendered":"EL GOBIERNO CONF\u00cdA EN LA APROBACI\u00d3N DE LA &#8220;LEY \u00d3MNIBUS&#8221; ANTES DE FIN DE MES"},"content":{"rendered":"<h3>El texto de la &#8220;ley \u00f3mnibus&#8221; incluye 664 art\u00edculos, m\u00e1s 6 anexos, a lo largo de 351 p\u00e1ginas.<\/h3>\n<h3>El Gobierno de <strong>Javier Milei<\/strong> conf\u00eda en que lograr\u00e1 la aprobaci\u00f3n de la ley de Bases y Principios para la Libertad de los Argentinos que se empezar\u00e1 a discutir este martes en comisiones de la C\u00e1mara de Diputados, mientras el vocero presidencial, <strong>Manuel Adorni<\/strong>, confirm\u00f3 que los ministros ir\u00e1n al Congreso a exponer sobre los alcances de una iniciativa para la que &#8220;no se negocia el norte pero s\u00ed se aceptan sugerencias&#8221;.<\/h3>\n<h3>El proyecto comenzar\u00e1 a ser debatido este martes en la C\u00e1mara de Diputados en un plenario de las comisiones de Legislaci\u00f3n General, Asuntos Constitucionales y de Presupuesto, que se reunir\u00e1 a partir de las 14 y que contar\u00e1 con la exposici\u00f3n de funcionarios del Poder Ejecutivo, aunque a\u00fan se desconoce qu\u00e9 ministros concurrir\u00e1n a la C\u00e1mara baja y cu\u00e1les lo har\u00e1n v\u00eda Zoom.<\/h3>\n<h3>El mi\u00e9rcoles, en tanto, los diputados continuar\u00e1n trabajando en el plenario de esas comisiones de 9 a 20, en un cronograma acordado por los titulares de esos tres cuerpos parlamentarios, los representantes de La Libertad Avanza (LLA) Gabriel Bornoroni y Nicol\u00e1s Mayoraz y el de Avanza Libertad, Jos\u00e9 Luis Espert.<\/h3>\n<h3>&#8220;Confiamos en que este mes va a tener aprobaci\u00f3n la ley&#8221;, dijo este lunes Adorni en una conferencia de prensa en la Casa de Gobierno, donde adem\u00e1s afirm\u00f3 que &#8220;llama la atenci\u00f3n que gente que ha dedicado toda su vida a la pol\u00edtica no termine de comprender la urgencia que hay y la gravedad que reviste la situaci\u00f3n en la Argentina y cuestionan algunos aspectos, que no tiene sentido hacer&#8221;, en referencia a la oposici\u00f3n.<\/h3>\n<h3>Ante la consulta de los periodistas, el vocero presidencial expres\u00f3 que el fin de semana se hab\u00edan publicado &#8220;inexactitudes&#8221; respecto de la concurrencia de los ministros al Parlamento y confirm\u00f3 que los funcionarios brindar\u00e1n los detalles que &#8220;hagan falta&#8221; sobre las implicancias de esa norma &#8220;en cada \u00e1rea&#8221;.<\/h3>\n<h3>&#8220;Estamos abiertos al di\u00e1logo, estamos abiertos a las sugerencias y todo aquel que pueda aportar a que la ley mejore en torno a los objetivos de la libertad, ser\u00e1 escuchado y analizado; no se negocia el contenido de la ley y no va a haber modificaciones de ninguna \u00edndole, excepto de que esa sugerencia venga acompa\u00f1ada de una mejora&#8221;, asever\u00f3 Adorni.<\/h3>\n<h3>En esa misma l\u00ednea se expres\u00f3 el presidente de la C\u00e1mara de Diputados, Mart\u00edn Menem, quien asegur\u00f3 por la ma\u00f1ana que &#8220;no se negocia el norte ni las ideas&#8221; sobre la ley \u00f3mnibus pero aclar\u00f3 que &#8220;s\u00ed se aceptan sugerencias para mejorar el camino hacia la libertad de los argentinos&#8221;.<\/h3>\n<h3>Tras considerar que &#8220;si un proyecto puede mejorar la calidad de vida de las personas con desregulaciones m\u00e1s creativas, van a ser tomadas sin problema&#8221;, Menem cuestion\u00f3 al bloque de Uni\u00f3n por la Patria (UxP), la principal fuerza de oposici\u00f3n en el Congreso, al sostener que es &#8220;la m\u00e1quina de impedir&#8221;.<\/h3>\n<p>&nbsp;<\/p>\n<p>&nbsp;<\/p>\n<p>&nbsp;<\/p>\n","protected":false},"excerpt":{"rendered":"<p>El texto de la &#8220;ley \u00f3mnibus&#8221; incluye 664 art\u00edculos, m\u00e1s 6 anexos, a lo largo&#8230;<\/p>\n","protected":false},"author":1,"featured_media":9733,"comment_status":"closed","ping_status":"closed","sticky":false,"template":"","format":"standard","meta":{"footnotes":""},"categories":[5],"tags":[],"class_list":["post-9732","post","type-post","status-publish","format-standard","has-post-thumbnail","hentry","category-nacionales-internacionales"],"yoast_head":"<!-- This site is optimized with the Yoast SEO plugin v26.1.1 - https:\/\/yoast.com\/wordpress\/plugins\/seo\/ -->\n<title>EL GOBIERNO CONF\u00cdA EN LA APROBACI\u00d3N DE LA &quot;LEY \u00d3MNIBUS&quot; ANTES DE FIN DE MES - Apuntes de San Luis<\/title>\n<meta name=\"robots\" content=\"index, follow, max-snippet:-1, max-image-preview:large, max-video-preview:-1\" \/>\n<link rel=\"canonical\" href=\"https:\/\/apuntesdesanluis.com\/index.php\/2024\/01\/08\/el-gobierno-confia-en-la-aprobacion-de-la-ley-omnibus-antes-de-fin-de-mes\/\" \/>\n<meta property=\"og:locale\" content=\"es_ES\" \/>\n<meta property=\"og:type\" content=\"article\" \/>\n<meta property=\"og:title\" content=\"EL GOBIERNO CONF\u00cdA EN LA APROBACI\u00d3N DE LA &quot;LEY \u00d3MNIBUS&quot; ANTES DE FIN DE MES - Apuntes de San Luis\" \/>\n<meta property=\"og:description\" content=\"El texto de la &#8220;ley \u00f3mnibus&#8221; incluye 664 art\u00edculos, m\u00e1s 6 anexos, a lo largo...\" \/>\n<meta property=\"og:url\" content=\"https:\/\/apuntesdesanluis.com\/index.php\/2024\/01\/08\/el-gobierno-confia-en-la-aprobacion-de-la-ley-omnibus-antes-de-fin-de-mes\/\" \/>\n<meta property=\"og:site_name\" content=\"Apuntes de San Luis\" \/>\n<meta property=\"article:published_time\" content=\"2024-01-08T19:47:23+00:00\" \/>\n<meta property=\"og:image\" content=\"https:\/\/apuntesdesanluis.com\/wp-content\/uploads\/2024\/01\/BASES.png\" \/>\n\t<meta property=\"og:image:width\" content=\"600\" \/>\n\t<meta property=\"og:image:height\" content=\"351\" \/>\n\t<meta property=\"og:image:type\" content=\"image\/png\" \/>\n<meta name=\"author\" content=\"apuntesdesanluis.com\" \/>\n<meta name=\"twitter:card\" content=\"summary_large_image\" \/>\n<meta name=\"twitter:label1\" content=\"Escrito por\" \/>\n\t<meta name=\"twitter:data1\" content=\"apuntesdesanluis.com\" \/>\n\t<meta name=\"twitter:label2\" content=\"Tiempo de lectura\" \/>\n\t<meta name=\"twitter:data2\" content=\"3 minutos\" \/>\n<script type=\"application\/ld+json\" class=\"yoast-schema-graph\">{\"@context\":\"https:\/\/schema.org\",\"@graph\":[{\"@type\":\"Article\",\"@id\":\"https:\/\/apuntesdesanluis.com\/index.php\/2024\/01\/08\/el-gobierno-confia-en-la-aprobacion-de-la-ley-omnibus-antes-de-fin-de-mes\/#article\",\"isPartOf\":{\"@id\":\"https:\/\/apuntesdesanluis.com\/index.php\/2024\/01\/08\/el-gobierno-confia-en-la-aprobacion-de-la-ley-omnibus-antes-de-fin-de-mes\/\"},\"author\":{\"name\":\"apuntesdesanluis.com\",\"@id\":\"https:\/\/apuntesdesanluis.com\/#\/schema\/person\/b55151d52296fcce64d1a72538a70b90\"},\"headline\":\"EL GOBIERNO CONF\u00cdA EN LA APROBACI\u00d3N DE LA &#8220;LEY \u00d3MNIBUS&#8221; ANTES DE FIN DE MES\",\"datePublished\":\"2024-01-08T19:47:23+00:00\",\"mainEntityOfPage\":{\"@id\":\"https:\/\/apuntesdesanluis.com\/index.php\/2024\/01\/08\/el-gobierno-confia-en-la-aprobacion-de-la-ley-omnibus-antes-de-fin-de-mes\/\"},\"wordCount\":539,\"publisher\":{\"@id\":\"https:\/\/apuntesdesanluis.com\/#\/schema\/person\/b55151d52296fcce64d1a72538a70b90\"},\"image\":{\"@id\":\"https:\/\/apuntesdesanluis.com\/index.php\/2024\/01\/08\/el-gobierno-confia-en-la-aprobacion-de-la-ley-omnibus-antes-de-fin-de-mes\/#primaryimage\"},\"thumbnailUrl\":\"https:\/\/apuntesdesanluis.com\/wp-content\/uploads\/2024\/01\/BASES.png\",\"articleSection\":[\"Nacionales\/Internacionales\"],\"inLanguage\":\"es-AR\"},{\"@type\":\"WebPage\",\"@id\":\"https:\/\/apuntesdesanluis.com\/index.php\/2024\/01\/08\/el-gobierno-confia-en-la-aprobacion-de-la-ley-omnibus-antes-de-fin-de-mes\/\",\"url\":\"https:\/\/apuntesdesanluis.com\/index.php\/2024\/01\/08\/el-gobierno-confia-en-la-aprobacion-de-la-ley-omnibus-antes-de-fin-de-mes\/\",\"name\":\"EL GOBIERNO CONF\u00cdA EN LA APROBACI\u00d3N DE LA \\\"LEY \u00d3MNIBUS\\\" ANTES DE FIN DE MES - Apuntes de San Luis\",\"isPartOf\":{\"@id\":\"https:\/\/apuntesdesanluis.com\/#website\"},\"primaryImageOfPage\":{\"@id\":\"https:\/\/apuntesdesanluis.com\/index.php\/2024\/01\/08\/el-gobierno-confia-en-la-aprobacion-de-la-ley-omnibus-antes-de-fin-de-mes\/#primaryimage\"},\"image\":{\"@id\":\"https:\/\/apuntesdesanluis.com\/index.php\/2024\/01\/08\/el-gobierno-confia-en-la-aprobacion-de-la-ley-omnibus-antes-de-fin-de-mes\/#primaryimage\"},\"thumbnailUrl\":\"https:\/\/apuntesdesanluis.com\/wp-content\/uploads\/2024\/01\/BASES.png\",\"datePublished\":\"2024-01-08T19:47:23+00:00\",\"breadcrumb\":{\"@id\":\"https:\/\/apuntesdesanluis.com\/index.php\/2024\/01\/08\/el-gobierno-confia-en-la-aprobacion-de-la-ley-omnibus-antes-de-fin-de-mes\/#breadcrumb\"},\"inLanguage\":\"es-AR\",\"potentialAction\":[{\"@type\":\"ReadAction\",\"target\":[\"https:\/\/apuntesdesanluis.com\/index.php\/2024\/01\/08\/el-gobierno-confia-en-la-aprobacion-de-la-ley-omnibus-antes-de-fin-de-mes\/\"]}]},{\"@type\":\"ImageObject\",\"inLanguage\":\"es-AR\",\"@id\":\"https:\/\/apuntesdesanluis.com\/index.php\/2024\/01\/08\/el-gobierno-confia-en-la-aprobacion-de-la-ley-omnibus-antes-de-fin-de-mes\/#primaryimage\",\"url\":\"https:\/\/apuntesdesanluis.com\/wp-content\/uploads\/2024\/01\/BASES.png\",\"contentUrl\":\"https:\/\/apuntesdesanluis.com\/wp-content\/uploads\/2024\/01\/BASES.png\",\"width\":600,\"height\":351},{\"@type\":\"BreadcrumbList\",\"@id\":\"https:\/\/apuntesdesanluis.com\/index.php\/2024\/01\/08\/el-gobierno-confia-en-la-aprobacion-de-la-ley-omnibus-antes-de-fin-de-mes\/#breadcrumb\",\"itemListElement\":[{\"@type\":\"ListItem\",\"position\":1,\"name\":\"Inicio\",\"item\":\"https:\/\/apuntesdesanluis.com\/\"},{\"@type\":\"ListItem\",\"position\":2,\"name\":\"EL GOBIERNO CONF\u00cdA EN LA APROBACI\u00d3N DE LA &#8220;LEY \u00d3MNIBUS&#8221; ANTES DE FIN DE MES\"}]},{\"@type\":\"WebSite\",\"@id\":\"https:\/\/apuntesdesanluis.com\/#website\",\"url\":\"https:\/\/apuntesdesanluis.com\/\",\"name\":\"Apuntes de San Luis\",\"description\":\"\",\"publisher\":{\"@id\":\"https:\/\/apuntesdesanluis.com\/#\/schema\/person\/b55151d52296fcce64d1a72538a70b90\"},\"potentialAction\":[{\"@type\":\"SearchAction\",\"target\":{\"@type\":\"EntryPoint\",\"urlTemplate\":\"https:\/\/apuntesdesanluis.com\/?s={search_term_string}\"},\"query-input\":{\"@type\":\"PropertyValueSpecification\",\"valueRequired\":true,\"valueName\":\"search_term_string\"}}],\"inLanguage\":\"es-AR\"},{\"@type\":[\"Person\",\"Organization\"],\"@id\":\"https:\/\/apuntesdesanluis.com\/#\/schema\/person\/b55151d52296fcce64d1a72538a70b90\",\"name\":\"apuntesdesanluis.com\",\"image\":{\"@type\":\"ImageObject\",\"inLanguage\":\"es-AR\",\"@id\":\"https:\/\/apuntesdesanluis.com\/#\/schema\/person\/image\/\",\"url\":\"https:\/\/apuntesdesanluis.com\/wp-content\/uploads\/2023\/07\/cropped-apuntesdesanluis.png\",\"contentUrl\":\"https:\/\/apuntesdesanluis.com\/wp-content\/uploads\/2023\/07\/cropped-apuntesdesanluis.png\",\"width\":450,\"height\":112,\"caption\":\"apuntesdesanluis.com\"},\"logo\":{\"@id\":\"https:\/\/apuntesdesanluis.com\/#\/schema\/person\/image\/\"},\"sameAs\":[\"https:\/\/apuntesdesanluis.com\"],\"url\":\"https:\/\/apuntesdesanluis.com\/index.php\/author\/apuntesdesanluis-com\/\"}]}<\/script>\n<!-- \/ Yoast SEO plugin. -->","yoast_head_json":{"title":"EL GOBIERNO CONF\u00cdA EN LA APROBACI\u00d3N DE LA \"LEY \u00d3MNIBUS\" ANTES DE FIN DE MES - Apuntes de San Luis","robots":{"index":"index","follow":"follow","max-snippet":"max-snippet:-1","max-image-preview":"max-image-preview:large","max-video-preview":"max-video-preview:-1"},"canonical":"https:\/\/apuntesdesanluis.com\/index.php\/2024\/01\/08\/el-gobierno-confia-en-la-aprobacion-de-la-ley-omnibus-antes-de-fin-de-mes\/","og_locale":"es_ES","og_type":"article","og_title":"EL GOBIERNO CONF\u00cdA EN LA APROBACI\u00d3N DE LA \"LEY \u00d3MNIBUS\" ANTES DE FIN DE MES - Apuntes de San Luis","og_description":"El texto de la &#8220;ley \u00f3mnibus&#8221; incluye 664 art\u00edculos, m\u00e1s 6 anexos, a lo largo...","og_url":"https:\/\/apuntesdesanluis.com\/index.php\/2024\/01\/08\/el-gobierno-confia-en-la-aprobacion-de-la-ley-omnibus-antes-de-fin-de-mes\/","og_site_name":"Apuntes de San Luis","article_published_time":"2024-01-08T19:47:23+00:00","og_image":[{"width":600,"height":351,"url":"https:\/\/apuntesdesanluis.com\/wp-content\/uploads\/2024\/01\/BASES.png","type":"image\/png"}],"author":"apuntesdesanluis.com","twitter_card":"summary_large_image","twitter_misc":{"Escrito por":"apuntesdesanluis.com","Tiempo de lectura":"3 minutos"},"schema":{"@context":"https:\/\/schema.org","@graph":[{"@type":"Article","@id":"https:\/\/apuntesdesanluis.com\/index.php\/2024\/01\/08\/el-gobierno-confia-en-la-aprobacion-de-la-ley-omnibus-antes-de-fin-de-mes\/#article","isPartOf":{"@id":"https:\/\/apuntesdesanluis.com\/index.php\/2024\/01\/08\/el-gobierno-confia-en-la-aprobacion-de-la-ley-omnibus-antes-de-fin-de-mes\/"},"author":{"name":"apuntesdesanluis.com","@id":"https:\/\/apuntesdesanluis.com\/#\/schema\/person\/b55151d52296fcce64d1a72538a70b90"},"headline":"EL GOBIERNO CONF\u00cdA EN LA APROBACI\u00d3N DE LA &#8220;LEY \u00d3MNIBUS&#8221; ANTES DE FIN DE MES","datePublished":"2024-01-08T19:47:23+00:00","mainEntityOfPage":{"@id":"https:\/\/apuntesdesanluis.com\/index.php\/2024\/01\/08\/el-gobierno-confia-en-la-aprobacion-de-la-ley-omnibus-antes-de-fin-de-mes\/"},"wordCount":539,"publisher":{"@id":"https:\/\/apuntesdesanluis.com\/#\/schema\/person\/b55151d52296fcce64d1a72538a70b90"},"image":{"@id":"https:\/\/apuntesdesanluis.com\/index.php\/2024\/01\/08\/el-gobierno-confia-en-la-aprobacion-de-la-ley-omnibus-antes-de-fin-de-mes\/#primaryimage"},"thumbnailUrl":"https:\/\/apuntesdesanluis.com\/wp-content\/uploads\/2024\/01\/BASES.png","articleSection":["Nacionales\/Internacionales"],"inLanguage":"es-AR"},{"@type":"WebPage","@id":"https:\/\/apuntesdesanluis.com\/index.php\/2024\/01\/08\/el-gobierno-confia-en-la-aprobacion-de-la-ley-omnibus-antes-de-fin-de-mes\/","url":"https:\/\/apuntesdesanluis.com\/index.php\/2024\/01\/08\/el-gobierno-confia-en-la-aprobacion-de-la-ley-omnibus-antes-de-fin-de-mes\/","name":"EL GOBIERNO CONF\u00cdA EN LA APROBACI\u00d3N DE LA \"LEY \u00d3MNIBUS\" ANTES DE FIN DE MES - Apuntes de San Luis","isPartOf":{"@id":"https:\/\/apuntesdesanluis.com\/#website"},"primaryImageOfPage":{"@id":"https:\/\/apuntesdesanluis.com\/index.php\/2024\/01\/08\/el-gobierno-confia-en-la-aprobacion-de-la-ley-omnibus-antes-de-fin-de-mes\/#primaryimage"},"image":{"@id":"https:\/\/apuntesdesanluis.com\/index.php\/2024\/01\/08\/el-gobierno-confia-en-la-aprobacion-de-la-ley-omnibus-antes-de-fin-de-mes\/#primaryimage"},"thumbnailUrl":"https:\/\/apuntesdesanluis.com\/wp-content\/uploads\/2024\/01\/BASES.png","datePublished":"2024-01-08T19:47:23+00:00","breadcrumb":{"@id":"https:\/\/apuntesdesanluis.com\/index.php\/2024\/01\/08\/el-gobierno-confia-en-la-aprobacion-de-la-ley-omnibus-antes-de-fin-de-mes\/#breadcrumb"},"inLanguage":"es-AR","potentialAction":[{"@type":"ReadAction","target":["https:\/\/apuntesdesanluis.com\/index.php\/2024\/01\/08\/el-gobierno-confia-en-la-aprobacion-de-la-ley-omnibus-antes-de-fin-de-mes\/"]}]},{"@type":"ImageObject","inLanguage":"es-AR","@id":"https:\/\/apuntesdesanluis.com\/index.php\/2024\/01\/08\/el-gobierno-confia-en-la-aprobacion-de-la-ley-omnibus-antes-de-fin-de-mes\/#primaryimage","url":"https:\/\/apuntesdesanluis.com\/wp-content\/uploads\/2024\/01\/BASES.png","contentUrl":"https:\/\/apuntesdesanluis.com\/wp-content\/uploads\/2024\/01\/BASES.png","width":600,"height":351},{"@type":"BreadcrumbList","@id":"https:\/\/apuntesdesanluis.com\/index.php\/2024\/01\/08\/el-gobierno-confia-en-la-aprobacion-de-la-ley-omnibus-antes-de-fin-de-mes\/#breadcrumb","itemListElement":[{"@type":"ListItem","position":1,"name":"Inicio","item":"https:\/\/apuntesdesanluis.com\/"},{"@type":"ListItem","position":2,"name":"EL GOBIERNO CONF\u00cdA EN LA APROBACI\u00d3N DE LA &#8220;LEY \u00d3MNIBUS&#8221; ANTES DE FIN DE MES"}]},{"@type":"WebSite","@id":"https:\/\/apuntesdesanluis.com\/#website","url":"https:\/\/apuntesdesanluis.com\/","name":"Apuntes de San Luis","description":"","publisher":{"@id":"https:\/\/apuntesdesanluis.com\/#\/schema\/person\/b55151d52296fcce64d1a72538a70b90"},"potentialAction":[{"@type":"SearchAction","target":{"@type":"EntryPoint","urlTemplate":"https:\/\/apuntesdesanluis.com\/?s={search_term_string}"},"query-input":{"@type":"PropertyValueSpecification","valueRequired":true,"valueName":"search_term_string"}}],"inLanguage":"es-AR"},{"@type":["Person","Organization"],"@id":"https:\/\/apuntesdesanluis.com\/#\/schema\/person\/b55151d52296fcce64d1a72538a70b90","name":"apuntesdesanluis.com","image":{"@type":"ImageObject","inLanguage":"es-AR","@id":"https:\/\/apuntesdesanluis.com\/#\/schema\/person\/image\/","url":"https:\/\/apuntesdesanluis.com\/wp-content\/uploads\/2023\/07\/cropped-apuntesdesanluis.png","contentUrl":"https:\/\/apuntesdesanluis.com\/wp-content\/uploads\/2023\/07\/cropped-apuntesdesanluis.png","width":450,"height":112,"caption":"apuntesdesanluis.com"},"logo":{"@id":"https:\/\/apuntesdesanluis.com\/#\/schema\/person\/image\/"},"sameAs":["https:\/\/apuntesdesanluis.com"],"url":"https:\/\/apuntesdesanluis.com\/index.php\/author\/apuntesdesanluis-com\/"}]}},"featured_image_urls":{"full":["https:\/\/apuntesdesanluis.com\/wp-content\/uploads\/2024\/01\/BASES.png",600,351,false],"thumbnail":["https:\/\/apuntesdesanluis.com\/wp-content\/uploads\/2024\/01\/BASES-150x150.png",150,150,true],"medium":["https:\/\/apuntesdesanluis.com\/wp-content\/uploads\/2024\/01\/BASES-300x176.png",300,176,true],"medium_large":["https:\/\/apuntesdesanluis.com\/wp-content\/uploads\/2024\/01\/BASES.png",600,351,false],"large":["https:\/\/apuntesdesanluis.com\/wp-content\/uploads\/2024\/01\/BASES.png",600,351,false],"1536x1536":["https:\/\/apuntesdesanluis.com\/wp-content\/uploads\/2024\/01\/BASES.png",600,351,false],"2048x2048":["https:\/\/apuntesdesanluis.com\/wp-content\/uploads\/2024\/01\/BASES.png",600,351,false],"newsever-slider-full":["https:\/\/apuntesdesanluis.com\/wp-content\/uploads\/2024\/01\/BASES.png",600,351,false],"newsever-featured":["https:\/\/apuntesdesanluis.com\/wp-content\/uploads\/2024\/01\/BASES.png",600,351,false],"newsever-medium":["https:\/\/apuntesdesanluis.com\/wp-content\/uploads\/2024\/01\/BASES.png",600,351,false]},"author_info":{"display_name":"apuntesdesanluis.com","author_link":"https:\/\/apuntesdesanluis.com\/index.php\/author\/apuntesdesanluis-com\/"},"category_info":"<a href=\"https:\/\/apuntesdesanluis.com\/index.php\/category\/nacionales-internacionales\/\" rel=\"category tag\">Nacionales\/Internacionales<\/a>","tag_info":"Nacionales\/Internacionales","comment_count":"0","_links":{"self":[{"href":"https:\/\/apuntesdesanluis.com\/index.php\/wp-json\/wp\/v2\/posts\/9732","targetHints":{"allow":["GET"]}}],"collection":[{"href":"https:\/\/apuntesdesanluis.com\/index.php\/wp-json\/wp\/v2\/posts"}],"about":[{"href":"https:\/\/apuntesdesanluis.com\/index.php\/wp-json\/wp\/v2\/types\/post"}],"author":[{"embeddable":true,"href":"https:\/\/apuntesdesanluis.com\/index.php\/wp-json\/wp\/v2\/users\/1"}],"replies":[{"embeddable":true,"href":"https:\/\/apuntesdesanluis.com\/index.php\/wp-json\/wp\/v2\/comments?post=9732"}],"version-history":[{"count":1,"href":"https:\/\/apuntesdesanluis.com\/index.php\/wp-json\/wp\/v2\/posts\/9732\/revisions"}],"predecessor-version":[{"id":9734,"href":"https:\/\/apuntesdesanluis.com\/index.php\/wp-json\/wp\/v2\/posts\/9732\/revisions\/9734"}],"wp:featuredmedia":[{"embeddable":true,"href":"https:\/\/apuntesdesanluis.com\/index.php\/wp-json\/wp\/v2\/media\/9733"}],"wp:attachment":[{"href":"https:\/\/apuntesdesanluis.com\/index.php\/wp-json\/wp\/v2\/media?parent=9732"}],"wp:term":[{"taxonomy":"category","embeddable":true,"href":"https:\/\/apuntesdesanluis.com\/index.php\/wp-json\/wp\/v2\/categories?post=9732"},{"taxonomy":"post_tag","embeddable":true,"href":"https:\/\/apuntesdesanluis.com\/index.php\/wp-json\/wp\/v2\/tags?post=9732"}],"curies":[{"name":"wp","href":"https:\/\/api.w.org\/{rel}","templated":true}]}}