{"id":9735,"date":"2024-01-08T16:57:02","date_gmt":"2024-01-08T19:57:02","guid":{"rendered":"https:\/\/apuntesdesanluis.com\/?p=9735"},"modified":"2024-01-08T16:57:02","modified_gmt":"2024-01-08T19:57:02","slug":"hacen-lugar-a-otra-medida-cautelar-contra-el-dnu-y-habilitan-feria-ante-planteo-de-500-municipios","status":"publish","type":"post","link":"https:\/\/apuntesdesanluis.com\/index.php\/2024\/01\/08\/hacen-lugar-a-otra-medida-cautelar-contra-el-dnu-y-habilitan-feria-ante-planteo-de-500-municipios\/","title":{"rendered":"HACEN LUGAR A OTRA MEDIDA CAUTELAR CONTRA EL DNU Y HABILITAN FERIA ANTE PLANTEO DE 500 MUNICIPIOS"},"content":{"rendered":"<h3>La jueza <strong>Silvia Garzini<\/strong> \u00a0hizo lugar este lunes a una medida cautelar reclamada por la Federaci\u00f3n \u00danica de Viajantes de Comercio de Argentina (FUVA) para que se suspenda la aplicaci\u00f3n del cap\u00edtulo laboral del DNU del presidente Javier Milei, que incluye &#8220;la eliminaci\u00f3n sin ning\u00fan tipo de fundamento del Estatuto del Viajante normado en la ley 14.546&#8221;, seg\u00fan surge de la resoluci\u00f3n a la que accedi\u00f3 T\u00e9lam.<\/h3>\n<h3>Por otra parte, otro juez habilit\u00f3 este lunes la feria judicial para tratar el planteo de la Federaci\u00f3n Argentina de Municipios (FAM)<\/h3>\n<h3>La jueza cit\u00f3 en su resoluci\u00f3n el fallo emitido la semana pasada por la C\u00e1mara Nacional de Apelaciones del Trabajo en el caso iniciado por la CGT, el primero que suspendi\u00f3 el cap\u00edtulo laboral del megadecreto del Gobierno de Milei.<\/h3>\n<h3>En ese contexto, la jueza Garzini resolvi\u00f3 &#8220;hacer lugar a la medida cautelar pretendida y, en consecuencia, suspender preventivamente la aplicabilidad de lo dispuesto en el T\u00edtulo IV -Trabajo- del decreto de necesidad y urgencia No 70\/2023, t\u00edtulo que incluye la derogaci\u00f3n de la ley 14.546 (Estatuto del Viajante), en cuanto afecta a los trabajadores representados por la entidad gremial requirente, hasta tanto se dicte sentencia definitiva en las presente actuaciones&#8221;.<\/h3>\n<h3>La ley 14.546 fue dictada &#8220;a fin de regular una actividad con modalidades espec\u00edficas y ha sido, a lo largo de estos a\u00f1os, respetada por las partes involucradas en la relaci\u00f3n, sin que, &#8216;prima facie&#8217;, se avizore en los considerandos del decreto cuestionado que la especialidad del r\u00e9gimen que regula la actividad del viajante de comercio pudiera de forma trascendental afectar en materia social y\/o econ\u00f3mica, al extremo de haber sido derogada mediante un decreto de necesidad y urgencia&#8221;, sostuvo la jueza.<\/h3>\n<h3>En la presentaci\u00f3n de la FUVA se hab\u00eda se\u00f1alado que, adem\u00e1s de las limitaciones a la organizaci\u00f3n colectiva de los trabajadores, el DNU inclu\u00eda la eliminaci\u00f3n de plano de una categor\u00eda de trabajadores como son los viajantes vendedores.<\/h3>\n<h3>Se trata de la tercera cautelar concedida por ese tribunal: la justicia laboral hab\u00eda hecho lugar a un planteo de la CGT y a otro de la Central de Trabajadores y Trabajadoras de la Argentina (CTA).<\/h3>\n<h3>En todos los casos se consider\u00f3 que deb\u00eda quedar suspendido el cap\u00edtulo laboral del DNU hasta tanto se analice su contenido de fondo.<\/h3>\n<h3><strong>FEDERACI\u00d3N ARGENTINA DE MUNICIPIOS<\/strong><\/h3>\n<h3>El juez del fuero contencioso administrativo federal <strong>Enrique Lavi\u00e9 Pico<\/strong> habilit\u00f3 este lunes la feria judicial para tratar el planteo de la Federaci\u00f3n Argentina de Municipios (FAM) contra el DNU de desregulaci\u00f3n de la econom\u00eda presentado por el presidente Javier Milei.<\/h3>\n<h3>El magistrado habilit\u00f3 tambi\u00e9n la feria judicial para dar tr\u00e1mite a la presentaci\u00f3n realizada por la Asociaci\u00f3n Civil Inquilinos Agrupados, seg\u00fan pudo constatar T\u00e9lam a trav\u00e9s de la b\u00fasqueda en el sistema inform\u00e1tico del Poder Judicial de la Naci\u00f3n.<\/h3>\n<p><img fetchpriority=\"high\" decoding=\"async\" class=\"wp-image-9737 aligncenter\" src=\"https:\/\/apuntesdesanluis.com\/wp-content\/uploads\/2024\/01\/ESPINOZA-300x248.png\" alt=\"\" width=\"602\" height=\"498\" srcset=\"https:\/\/apuntesdesanluis.com\/wp-content\/uploads\/2024\/01\/ESPINOZA-300x248.png 300w, https:\/\/apuntesdesanluis.com\/wp-content\/uploads\/2024\/01\/ESPINOZA.png 441w\" sizes=\"(max-width: 602px) 100vw, 602px\" \/><\/p>\n<h3>La Federaci\u00f3n Argentina de Municipios (FAM), encabezada por el intendente de La Matanza, <strong>Fernando Espinoza<\/strong>, pidi\u00f3 que se deje sin efecto el DNU 70\/2023 hasta tanto se dicte sentencia pasada en autoridad de cosa juzgada, seg\u00fan inform\u00f3 la propia FAM el viernes a trav\u00e9s de un comunicado.<\/h3>\n<h3>A la vez, solicit\u00f3 que &#8220;se ordene, como medida urgente de protecci\u00f3n cautelar, la inmediata suspensi\u00f3n de los efectos del decreto hasta tanto las C\u00e1maras del Congreso de la Naci\u00f3n se expidan por la aceptaci\u00f3n o rechazo del Decreto 70\/23&#8221;.<\/h3>\n<h3>&#8220;Desde la FAM hemos decidido trabajar para ponerle un freno al accionar inconstitucional que impulsa el Gobierno de Milei. Por eso, 500 intendentas e intendentes de todo el pa\u00eds presentamos este recurso de amparo ante la Justicia para frenar el DNU que avasalla los derechos de las argentinas y argentinos&#8221;, explic\u00f3 Espinoza en el comunicado.<\/h3>\n<h3>Para el dirigente peronista, el decreto presidencial &#8220;afecta gravemente muchos aspectos de la vida de nuestras vecinas y vecinos, deja desprotegidos a nuestros jubilados y jubiladas, y atenta contra nuestras pymes y los productores regionales&#8221;.<\/h3>\n<h3>En el pedido de acci\u00f3n de amparo se se\u00f1al\u00f3 que &#8220;el decreto cuestionado viola el presupuesto de validez esencial fijado por la Constituci\u00f3n, por cuanto arremete contra el principio general consagrado por el art\u00edculo 99 inciso 3, que es la prohibici\u00f3n del Presidente de dictar disposiciones de car\u00e1cter legislativo&#8221;.<\/h3>\n<h3>&#8220;Pero para ello, y sin la intermediaci\u00f3n -como corresponde- del Congreso, prefiri\u00f3 arrogarse facultades extraordinarias equivalentes a ejercer la suma del poder p\u00fablico y as\u00ed derogar el siguiente paquete normativo de amplia vigencia en el pa\u00eds&#8221;, mencion\u00f3.<\/h3>\n<h3>Y se sostuvo que el DNU &#8220;viola el principio rector que sustenta el estatuto del poder&#8221;, en referencia a &#8220;la separaci\u00f3n de poderes&#8221; y &#8220;conduce a la suma del poder p\u00fablico&#8221;, lo que &#8220;constituye una amenaza cierta e inmediata sobre el sistema democr\u00e1tico&#8221;.<\/h3>\n<h3>Espinoza consider\u00f3 que &#8220;a d\u00edas de haber asumido Milei, ya se gener\u00f3 un antes y un despu\u00e9s en la Argentina. Vemos c\u00f3mo se van cayendo argentinos del sistema laboral y c\u00f3mo se est\u00e1 generando un desmoronamiento del poder econ\u00f3mico de todo el pueblo&#8221;, advirti\u00f3.<\/h3>\n<h3>&#8220;Nosotros, como primer escal\u00f3n de la democracia, tenemos la responsabilidad de defender las voces de millones de mujeres, hombres, abuelas y abuelos, estudiantes, trabajadores y trabajadoras y pymes, productores rurales y regionales que representamos en cada una de nuestras ciudades&#8221;, concluy\u00f3.<\/h3>\n<p>&nbsp;<\/p>\n<p>&nbsp;<\/p>\n<p>&nbsp;<\/p>\n<p>&nbsp;<\/p>\n<p>&nbsp;<\/p>\n","protected":false},"excerpt":{"rendered":"<p>La jueza Silvia Garzini \u00a0hizo lugar este lunes a una medida cautelar reclamada por la&#8230;<\/p>\n","protected":false},"author":1,"featured_media":9736,"comment_status":"closed","ping_status":"closed","sticky":false,"template":"","format":"standard","meta":{"footnotes":""},"categories":[5],"tags":[],"class_list":["post-9735","post","type-post","status-publish","format-standard","has-post-thumbnail","hentry","category-nacionales-internacionales"],"yoast_head":"<!-- This site is optimized with the Yoast SEO plugin v26.1.1 - https:\/\/yoast.com\/wordpress\/plugins\/seo\/ -->\n<title>HACEN LUGAR A OTRA MEDIDA CAUTELAR CONTRA EL DNU Y HABILITAN FERIA ANTE PLANTEO DE 500 MUNICIPIOS - Apuntes de San Luis<\/title>\n<meta name=\"robots\" content=\"index, follow, max-snippet:-1, max-image-preview:large, max-video-preview:-1\" \/>\n<link rel=\"canonical\" href=\"https:\/\/apuntesdesanluis.com\/index.php\/2024\/01\/08\/hacen-lugar-a-otra-medida-cautelar-contra-el-dnu-y-habilitan-feria-ante-planteo-de-500-municipios\/\" \/>\n<meta property=\"og:locale\" content=\"es_ES\" \/>\n<meta property=\"og:type\" content=\"article\" \/>\n<meta property=\"og:title\" content=\"HACEN LUGAR A OTRA MEDIDA CAUTELAR CONTRA EL DNU Y HABILITAN FERIA ANTE PLANTEO DE 500 MUNICIPIOS - Apuntes de San Luis\" \/>\n<meta property=\"og:description\" content=\"La jueza Silvia Garzini \u00a0hizo lugar este lunes a una medida cautelar reclamada por la...\" \/>\n<meta property=\"og:url\" content=\"https:\/\/apuntesdesanluis.com\/index.php\/2024\/01\/08\/hacen-lugar-a-otra-medida-cautelar-contra-el-dnu-y-habilitan-feria-ante-planteo-de-500-municipios\/\" \/>\n<meta property=\"og:site_name\" content=\"Apuntes de San Luis\" \/>\n<meta property=\"article:published_time\" content=\"2024-01-08T19:57:02+00:00\" \/>\n<meta property=\"og:image\" content=\"https:\/\/apuntesdesanluis.com\/wp-content\/uploads\/2024\/01\/ABAJO-DNU.png\" \/>\n\t<meta property=\"og:image:width\" content=\"728\" \/>\n\t<meta property=\"og:image:height\" content=\"420\" \/>\n\t<meta property=\"og:image:type\" content=\"image\/png\" \/>\n<meta name=\"author\" content=\"apuntesdesanluis.com\" \/>\n<meta name=\"twitter:card\" content=\"summary_large_image\" \/>\n<meta name=\"twitter:label1\" content=\"Escrito por\" \/>\n\t<meta name=\"twitter:data1\" content=\"apuntesdesanluis.com\" \/>\n\t<meta name=\"twitter:label2\" content=\"Tiempo de lectura\" \/>\n\t<meta name=\"twitter:data2\" content=\"5 minutos\" \/>\n<script type=\"application\/ld+json\" class=\"yoast-schema-graph\">{\"@context\":\"https:\/\/schema.org\",\"@graph\":[{\"@type\":\"Article\",\"@id\":\"https:\/\/apuntesdesanluis.com\/index.php\/2024\/01\/08\/hacen-lugar-a-otra-medida-cautelar-contra-el-dnu-y-habilitan-feria-ante-planteo-de-500-municipios\/#article\",\"isPartOf\":{\"@id\":\"https:\/\/apuntesdesanluis.com\/index.php\/2024\/01\/08\/hacen-lugar-a-otra-medida-cautelar-contra-el-dnu-y-habilitan-feria-ante-planteo-de-500-municipios\/\"},\"author\":{\"name\":\"apuntesdesanluis.com\",\"@id\":\"https:\/\/apuntesdesanluis.com\/#\/schema\/person\/b55151d52296fcce64d1a72538a70b90\"},\"headline\":\"HACEN LUGAR A OTRA MEDIDA CAUTELAR CONTRA EL DNU Y HABILITAN FERIA ANTE PLANTEO DE 500 MUNICIPIOS\",\"datePublished\":\"2024-01-08T19:57:02+00:00\",\"mainEntityOfPage\":{\"@id\":\"https:\/\/apuntesdesanluis.com\/index.php\/2024\/01\/08\/hacen-lugar-a-otra-medida-cautelar-contra-el-dnu-y-habilitan-feria-ante-planteo-de-500-municipios\/\"},\"wordCount\":939,\"publisher\":{\"@id\":\"https:\/\/apuntesdesanluis.com\/#\/schema\/person\/b55151d52296fcce64d1a72538a70b90\"},\"image\":{\"@id\":\"https:\/\/apuntesdesanluis.com\/index.php\/2024\/01\/08\/hacen-lugar-a-otra-medida-cautelar-contra-el-dnu-y-habilitan-feria-ante-planteo-de-500-municipios\/#primaryimage\"},\"thumbnailUrl\":\"https:\/\/apuntesdesanluis.com\/wp-content\/uploads\/2024\/01\/ABAJO-DNU.png\",\"articleSection\":[\"Nacionales\/Internacionales\"],\"inLanguage\":\"es-AR\"},{\"@type\":\"WebPage\",\"@id\":\"https:\/\/apuntesdesanluis.com\/index.php\/2024\/01\/08\/hacen-lugar-a-otra-medida-cautelar-contra-el-dnu-y-habilitan-feria-ante-planteo-de-500-municipios\/\",\"url\":\"https:\/\/apuntesdesanluis.com\/index.php\/2024\/01\/08\/hacen-lugar-a-otra-medida-cautelar-contra-el-dnu-y-habilitan-feria-ante-planteo-de-500-municipios\/\",\"name\":\"HACEN LUGAR A OTRA MEDIDA CAUTELAR CONTRA EL DNU Y HABILITAN FERIA ANTE PLANTEO DE 500 MUNICIPIOS - Apuntes de San Luis\",\"isPartOf\":{\"@id\":\"https:\/\/apuntesdesanluis.com\/#website\"},\"primaryImageOfPage\":{\"@id\":\"https:\/\/apuntesdesanluis.com\/index.php\/2024\/01\/08\/hacen-lugar-a-otra-medida-cautelar-contra-el-dnu-y-habilitan-feria-ante-planteo-de-500-municipios\/#primaryimage\"},\"image\":{\"@id\":\"https:\/\/apuntesdesanluis.com\/index.php\/2024\/01\/08\/hacen-lugar-a-otra-medida-cautelar-contra-el-dnu-y-habilitan-feria-ante-planteo-de-500-municipios\/#primaryimage\"},\"thumbnailUrl\":\"https:\/\/apuntesdesanluis.com\/wp-content\/uploads\/2024\/01\/ABAJO-DNU.png\",\"datePublished\":\"2024-01-08T19:57:02+00:00\",\"breadcrumb\":{\"@id\":\"https:\/\/apuntesdesanluis.com\/index.php\/2024\/01\/08\/hacen-lugar-a-otra-medida-cautelar-contra-el-dnu-y-habilitan-feria-ante-planteo-de-500-municipios\/#breadcrumb\"},\"inLanguage\":\"es-AR\",\"potentialAction\":[{\"@type\":\"ReadAction\",\"target\":[\"https:\/\/apuntesdesanluis.com\/index.php\/2024\/01\/08\/hacen-lugar-a-otra-medida-cautelar-contra-el-dnu-y-habilitan-feria-ante-planteo-de-500-municipios\/\"]}]},{\"@type\":\"ImageObject\",\"inLanguage\":\"es-AR\",\"@id\":\"https:\/\/apuntesdesanluis.com\/index.php\/2024\/01\/08\/hacen-lugar-a-otra-medida-cautelar-contra-el-dnu-y-habilitan-feria-ante-planteo-de-500-municipios\/#primaryimage\",\"url\":\"https:\/\/apuntesdesanluis.com\/wp-content\/uploads\/2024\/01\/ABAJO-DNU.png\",\"contentUrl\":\"https:\/\/apuntesdesanluis.com\/wp-content\/uploads\/2024\/01\/ABAJO-DNU.png\",\"width\":728,\"height\":420},{\"@type\":\"BreadcrumbList\",\"@id\":\"https:\/\/apuntesdesanluis.com\/index.php\/2024\/01\/08\/hacen-lugar-a-otra-medida-cautelar-contra-el-dnu-y-habilitan-feria-ante-planteo-de-500-municipios\/#breadcrumb\",\"itemListElement\":[{\"@type\":\"ListItem\",\"position\":1,\"name\":\"Inicio\",\"item\":\"https:\/\/apuntesdesanluis.com\/\"},{\"@type\":\"ListItem\",\"position\":2,\"name\":\"HACEN LUGAR A OTRA MEDIDA CAUTELAR CONTRA EL DNU Y HABILITAN FERIA ANTE PLANTEO DE 500 MUNICIPIOS\"}]},{\"@type\":\"WebSite\",\"@id\":\"https:\/\/apuntesdesanluis.com\/#website\",\"url\":\"https:\/\/apuntesdesanluis.com\/\",\"name\":\"Apuntes de San Luis\",\"description\":\"\",\"publisher\":{\"@id\":\"https:\/\/apuntesdesanluis.com\/#\/schema\/person\/b55151d52296fcce64d1a72538a70b90\"},\"potentialAction\":[{\"@type\":\"SearchAction\",\"target\":{\"@type\":\"EntryPoint\",\"urlTemplate\":\"https:\/\/apuntesdesanluis.com\/?s={search_term_string}\"},\"query-input\":{\"@type\":\"PropertyValueSpecification\",\"valueRequired\":true,\"valueName\":\"search_term_string\"}}],\"inLanguage\":\"es-AR\"},{\"@type\":[\"Person\",\"Organization\"],\"@id\":\"https:\/\/apuntesdesanluis.com\/#\/schema\/person\/b55151d52296fcce64d1a72538a70b90\",\"name\":\"apuntesdesanluis.com\",\"image\":{\"@type\":\"ImageObject\",\"inLanguage\":\"es-AR\",\"@id\":\"https:\/\/apuntesdesanluis.com\/#\/schema\/person\/image\/\",\"url\":\"https:\/\/apuntesdesanluis.com\/wp-content\/uploads\/2023\/07\/cropped-apuntesdesanluis.png\",\"contentUrl\":\"https:\/\/apuntesdesanluis.com\/wp-content\/uploads\/2023\/07\/cropped-apuntesdesanluis.png\",\"width\":450,\"height\":112,\"caption\":\"apuntesdesanluis.com\"},\"logo\":{\"@id\":\"https:\/\/apuntesdesanluis.com\/#\/schema\/person\/image\/\"},\"sameAs\":[\"https:\/\/apuntesdesanluis.com\"],\"url\":\"https:\/\/apuntesdesanluis.com\/index.php\/author\/apuntesdesanluis-com\/\"}]}<\/script>\n<!-- \/ Yoast SEO plugin. -->","yoast_head_json":{"title":"HACEN LUGAR A OTRA MEDIDA CAUTELAR CONTRA EL DNU Y HABILITAN FERIA ANTE PLANTEO DE 500 MUNICIPIOS - Apuntes de San Luis","robots":{"index":"index","follow":"follow","max-snippet":"max-snippet:-1","max-image-preview":"max-image-preview:large","max-video-preview":"max-video-preview:-1"},"canonical":"https:\/\/apuntesdesanluis.com\/index.php\/2024\/01\/08\/hacen-lugar-a-otra-medida-cautelar-contra-el-dnu-y-habilitan-feria-ante-planteo-de-500-municipios\/","og_locale":"es_ES","og_type":"article","og_title":"HACEN LUGAR A OTRA MEDIDA CAUTELAR CONTRA EL DNU Y HABILITAN FERIA ANTE PLANTEO DE 500 MUNICIPIOS - Apuntes de San Luis","og_description":"La jueza Silvia Garzini \u00a0hizo lugar este lunes a una medida cautelar reclamada por la...","og_url":"https:\/\/apuntesdesanluis.com\/index.php\/2024\/01\/08\/hacen-lugar-a-otra-medida-cautelar-contra-el-dnu-y-habilitan-feria-ante-planteo-de-500-municipios\/","og_site_name":"Apuntes de San Luis","article_published_time":"2024-01-08T19:57:02+00:00","og_image":[{"width":728,"height":420,"url":"https:\/\/apuntesdesanluis.com\/wp-content\/uploads\/2024\/01\/ABAJO-DNU.png","type":"image\/png"}],"author":"apuntesdesanluis.com","twitter_card":"summary_large_image","twitter_misc":{"Escrito por":"apuntesdesanluis.com","Tiempo de lectura":"5 minutos"},"schema":{"@context":"https:\/\/schema.org","@graph":[{"@type":"Article","@id":"https:\/\/apuntesdesanluis.com\/index.php\/2024\/01\/08\/hacen-lugar-a-otra-medida-cautelar-contra-el-dnu-y-habilitan-feria-ante-planteo-de-500-municipios\/#article","isPartOf":{"@id":"https:\/\/apuntesdesanluis.com\/index.php\/2024\/01\/08\/hacen-lugar-a-otra-medida-cautelar-contra-el-dnu-y-habilitan-feria-ante-planteo-de-500-municipios\/"},"author":{"name":"apuntesdesanluis.com","@id":"https:\/\/apuntesdesanluis.com\/#\/schema\/person\/b55151d52296fcce64d1a72538a70b90"},"headline":"HACEN LUGAR A OTRA MEDIDA CAUTELAR CONTRA EL DNU Y HABILITAN FERIA ANTE PLANTEO DE 500 MUNICIPIOS","datePublished":"2024-01-08T19:57:02+00:00","mainEntityOfPage":{"@id":"https:\/\/apuntesdesanluis.com\/index.php\/2024\/01\/08\/hacen-lugar-a-otra-medida-cautelar-contra-el-dnu-y-habilitan-feria-ante-planteo-de-500-municipios\/"},"wordCount":939,"publisher":{"@id":"https:\/\/apuntesdesanluis.com\/#\/schema\/person\/b55151d52296fcce64d1a72538a70b90"},"image":{"@id":"https:\/\/apuntesdesanluis.com\/index.php\/2024\/01\/08\/hacen-lugar-a-otra-medida-cautelar-contra-el-dnu-y-habilitan-feria-ante-planteo-de-500-municipios\/#primaryimage"},"thumbnailUrl":"https:\/\/apuntesdesanluis.com\/wp-content\/uploads\/2024\/01\/ABAJO-DNU.png","articleSection":["Nacionales\/Internacionales"],"inLanguage":"es-AR"},{"@type":"WebPage","@id":"https:\/\/apuntesdesanluis.com\/index.php\/2024\/01\/08\/hacen-lugar-a-otra-medida-cautelar-contra-el-dnu-y-habilitan-feria-ante-planteo-de-500-municipios\/","url":"https:\/\/apuntesdesanluis.com\/index.php\/2024\/01\/08\/hacen-lugar-a-otra-medida-cautelar-contra-el-dnu-y-habilitan-feria-ante-planteo-de-500-municipios\/","name":"HACEN LUGAR A OTRA MEDIDA CAUTELAR CONTRA EL DNU Y HABILITAN FERIA ANTE PLANTEO DE 500 MUNICIPIOS - Apuntes de San Luis","isPartOf":{"@id":"https:\/\/apuntesdesanluis.com\/#website"},"primaryImageOfPage":{"@id":"https:\/\/apuntesdesanluis.com\/index.php\/2024\/01\/08\/hacen-lugar-a-otra-medida-cautelar-contra-el-dnu-y-habilitan-feria-ante-planteo-de-500-municipios\/#primaryimage"},"image":{"@id":"https:\/\/apuntesdesanluis.com\/index.php\/2024\/01\/08\/hacen-lugar-a-otra-medida-cautelar-contra-el-dnu-y-habilitan-feria-ante-planteo-de-500-municipios\/#primaryimage"},"thumbnailUrl":"https:\/\/apuntesdesanluis.com\/wp-content\/uploads\/2024\/01\/ABAJO-DNU.png","datePublished":"2024-01-08T19:57:02+00:00","breadcrumb":{"@id":"https:\/\/apuntesdesanluis.com\/index.php\/2024\/01\/08\/hacen-lugar-a-otra-medida-cautelar-contra-el-dnu-y-habilitan-feria-ante-planteo-de-500-municipios\/#breadcrumb"},"inLanguage":"es-AR","potentialAction":[{"@type":"ReadAction","target":["https:\/\/apuntesdesanluis.com\/index.php\/2024\/01\/08\/hacen-lugar-a-otra-medida-cautelar-contra-el-dnu-y-habilitan-feria-ante-planteo-de-500-municipios\/"]}]},{"@type":"ImageObject","inLanguage":"es-AR","@id":"https:\/\/apuntesdesanluis.com\/index.php\/2024\/01\/08\/hacen-lugar-a-otra-medida-cautelar-contra-el-dnu-y-habilitan-feria-ante-planteo-de-500-municipios\/#primaryimage","url":"https:\/\/apuntesdesanluis.com\/wp-content\/uploads\/2024\/01\/ABAJO-DNU.png","contentUrl":"https:\/\/apuntesdesanluis.com\/wp-content\/uploads\/2024\/01\/ABAJO-DNU.png","width":728,"height":420},{"@type":"BreadcrumbList","@id":"https:\/\/apuntesdesanluis.com\/index.php\/2024\/01\/08\/hacen-lugar-a-otra-medida-cautelar-contra-el-dnu-y-habilitan-feria-ante-planteo-de-500-municipios\/#breadcrumb","itemListElement":[{"@type":"ListItem","position":1,"name":"Inicio","item":"https:\/\/apuntesdesanluis.com\/"},{"@type":"ListItem","position":2,"name":"HACEN LUGAR A OTRA MEDIDA CAUTELAR CONTRA EL DNU Y HABILITAN FERIA ANTE PLANTEO DE 500 MUNICIPIOS"}]},{"@type":"WebSite","@id":"https:\/\/apuntesdesanluis.com\/#website","url":"https:\/\/apuntesdesanluis.com\/","name":"Apuntes de San Luis","description":"","publisher":{"@id":"https:\/\/apuntesdesanluis.com\/#\/schema\/person\/b55151d52296fcce64d1a72538a70b90"},"potentialAction":[{"@type":"SearchAction","target":{"@type":"EntryPoint","urlTemplate":"https:\/\/apuntesdesanluis.com\/?s={search_term_string}"},"query-input":{"@type":"PropertyValueSpecification","valueRequired":true,"valueName":"search_term_string"}}],"inLanguage":"es-AR"},{"@type":["Person","Organization"],"@id":"https:\/\/apuntesdesanluis.com\/#\/schema\/person\/b55151d52296fcce64d1a72538a70b90","name":"apuntesdesanluis.com","image":{"@type":"ImageObject","inLanguage":"es-AR","@id":"https:\/\/apuntesdesanluis.com\/#\/schema\/person\/image\/","url":"https:\/\/apuntesdesanluis.com\/wp-content\/uploads\/2023\/07\/cropped-apuntesdesanluis.png","contentUrl":"https:\/\/apuntesdesanluis.com\/wp-content\/uploads\/2023\/07\/cropped-apuntesdesanluis.png","width":450,"height":112,"caption":"apuntesdesanluis.com"},"logo":{"@id":"https:\/\/apuntesdesanluis.com\/#\/schema\/person\/image\/"},"sameAs":["https:\/\/apuntesdesanluis.com"],"url":"https:\/\/apuntesdesanluis.com\/index.php\/author\/apuntesdesanluis-com\/"}]}},"featured_image_urls":{"full":["https:\/\/apuntesdesanluis.com\/wp-content\/uploads\/2024\/01\/ABAJO-DNU.png",728,420,false],"thumbnail":["https:\/\/apuntesdesanluis.com\/wp-content\/uploads\/2024\/01\/ABAJO-DNU-150x150.png",150,150,true],"medium":["https:\/\/apuntesdesanluis.com\/wp-content\/uploads\/2024\/01\/ABAJO-DNU-300x173.png",300,173,true],"medium_large":["https:\/\/apuntesdesanluis.com\/wp-content\/uploads\/2024\/01\/ABAJO-DNU.png",640,369,false],"large":["https:\/\/apuntesdesanluis.com\/wp-content\/uploads\/2024\/01\/ABAJO-DNU.png",640,369,false],"1536x1536":["https:\/\/apuntesdesanluis.com\/wp-content\/uploads\/2024\/01\/ABAJO-DNU.png",728,420,false],"2048x2048":["https:\/\/apuntesdesanluis.com\/wp-content\/uploads\/2024\/01\/ABAJO-DNU.png",728,420,false],"newsever-slider-full":["https:\/\/apuntesdesanluis.com\/wp-content\/uploads\/2024\/01\/ABAJO-DNU.png",728,420,false],"newsever-featured":["https:\/\/apuntesdesanluis.com\/wp-content\/uploads\/2024\/01\/ABAJO-DNU.png",728,420,false],"newsever-medium":["https:\/\/apuntesdesanluis.com\/wp-content\/uploads\/2024\/01\/ABAJO-DNU-720x420.png",720,420,true]},"author_info":{"display_name":"apuntesdesanluis.com","author_link":"https:\/\/apuntesdesanluis.com\/index.php\/author\/apuntesdesanluis-com\/"},"category_info":"<a href=\"https:\/\/apuntesdesanluis.com\/index.php\/category\/nacionales-internacionales\/\" rel=\"category tag\">Nacionales\/Internacionales<\/a>","tag_info":"Nacionales\/Internacionales","comment_count":"0","_links":{"self":[{"href":"https:\/\/apuntesdesanluis.com\/index.php\/wp-json\/wp\/v2\/posts\/9735","targetHints":{"allow":["GET"]}}],"collection":[{"href":"https:\/\/apuntesdesanluis.com\/index.php\/wp-json\/wp\/v2\/posts"}],"about":[{"href":"https:\/\/apuntesdesanluis.com\/index.php\/wp-json\/wp\/v2\/types\/post"}],"author":[{"embeddable":true,"href":"https:\/\/apuntesdesanluis.com\/index.php\/wp-json\/wp\/v2\/users\/1"}],"replies":[{"embeddable":true,"href":"https:\/\/apuntesdesanluis.com\/index.php\/wp-json\/wp\/v2\/comments?post=9735"}],"version-history":[{"count":1,"href":"https:\/\/apuntesdesanluis.com\/index.php\/wp-json\/wp\/v2\/posts\/9735\/revisions"}],"predecessor-version":[{"id":9738,"href":"https:\/\/apuntesdesanluis.com\/index.php\/wp-json\/wp\/v2\/posts\/9735\/revisions\/9738"}],"wp:featuredmedia":[{"embeddable":true,"href":"https:\/\/apuntesdesanluis.com\/index.php\/wp-json\/wp\/v2\/media\/9736"}],"wp:attachment":[{"href":"https:\/\/apuntesdesanluis.com\/index.php\/wp-json\/wp\/v2\/media?parent=9735"}],"wp:term":[{"taxonomy":"category","embeddable":true,"href":"https:\/\/apuntesdesanluis.com\/index.php\/wp-json\/wp\/v2\/categories?post=9735"},{"taxonomy":"post_tag","embeddable":true,"href":"https:\/\/apuntesdesanluis.com\/index.php\/wp-json\/wp\/v2\/tags?post=9735"}],"curies":[{"name":"wp","href":"https:\/\/api.w.org\/{rel}","templated":true}]}}