{"id":9747,"date":"2024-01-08T21:26:33","date_gmt":"2024-01-09T00:26:33","guid":{"rendered":"https:\/\/apuntesdesanluis.com\/?p=9747"},"modified":"2024-01-08T21:28:21","modified_gmt":"2024-01-09T00:28:21","slug":"restablecen-las-instancias-de-revalida-de-cargos-docentes-de-los-ifdc","status":"publish","type":"post","link":"https:\/\/apuntesdesanluis.com\/index.php\/2024\/01\/08\/restablecen-las-instancias-de-revalida-de-cargos-docentes-de-los-ifdc\/","title":{"rendered":"RESTABLECEN LAS INSTANCIAS DE REV\u00c1LIDA DE CARGOS DOCENTES DE LOS IFDC"},"content":{"rendered":"<h3>En ese marco, 35 docentes de los <strong>Institutos de Formaci\u00f3n Docente Continua<\/strong> de las ciudades de San Luis y Villa Mercedes acceder\u00e1n a su titularizaci\u00f3n por primera vez.<\/h3>\n<h3>Con el objeto de garantizar el nivel educativo y acad\u00e9mico en los Institutos de Formaci\u00f3n Docente de toda la provincia y en el Instituto Superior de Seguridad P\u00fablica \u2018Coronel Juan Pascual Pringles\u2019, mediante Decreto N\u00b0830-ME-2023, se restablecen todas las instancias de rev\u00e1lida de cargos para los docentes Responsables y Auxiliares de los institutos mencionados, que hab\u00edan sido dejadas sin efecto mediante Decreto N\u00b010000-ME-2023.<\/h3>\n<h3>Adem\u00e1s, en base a lo dispuesto en el Art\u00edculo 20 de la Ley N\u00ba 24.521 de Educaci\u00f3n Superior, que establece: \u201cEl ingreso a la carrera docente en las instituciones de gesti\u00f3n estatal de educaci\u00f3n superior no universitaria se har\u00e1 mediante concurso p\u00fablico y abierto de antecedentes y oposici\u00f3n, que garantice la idoneidad profesional para el desempe\u00f1o de las tareas espec\u00edficas. La estabilidad estar\u00e1 sujeta a un r\u00e9gimen de evaluaci\u00f3n y control de la gesti\u00f3n docente, y cuando sea el caso, a los requerimientos y caracter\u00edsticas de las carreras flexibles y a t\u00e9rmino\u201d.<\/h3>\n<h3>Esta decisi\u00f3n responde a la necesidad adecuar, ordenar y reorganizar el procedimiento de evaluaci\u00f3n y control del desempe\u00f1o de los docentes, a fin de elevar el nivel de exigencia acad\u00e9mica de quienes tienen la responsabilidad de formar a futuros educadores, y ello se materializa a trav\u00e9s de distintas instancias de rev\u00e1lida, para garantizar la equidad y la trasparencia en los procesos.<\/h3>\n<h3>La resoluci\u00f3n es tomada en el marco de la emergencia p\u00fablica en materia econ\u00f3mica, financiera, administrativa, social, alimentaria, sanitaria, educativa y de seguridad, declarada mediante Decreto N\u00ba150-SGG-2023.<\/h3>\n<h3><strong>REPUDIOS<\/strong><\/h3>\n<h3>En los \u00faltimos d\u00edas se conoci\u00f3 que existir\u00eda un marcado malestar en el \u00e1mbito docente de los Institutos de Formaci\u00f3n de Capital y Villa Mercedes, a partir de conocerse el Decreto 830-2023 del gobierno provincial, que revoc\u00f3 una norma anterior que otorgaba la titularidad a profesores que tuvieran dos o m\u00e1s rev\u00e1lidas en el cargo. Tambi\u00e9n se critica que no se haya llamado a concurso para designar al cuerpo directivo de dichas instituciones.<\/h3>\n<h3><img fetchpriority=\"high\" decoding=\"async\" class=\"wp-image-9748 aligncenter\" src=\"https:\/\/apuntesdesanluis.com\/wp-content\/uploads\/2024\/01\/repudio-1-212x300.jpg\" alt=\"\" width=\"500\" height=\"708\" srcset=\"https:\/\/apuntesdesanluis.com\/wp-content\/uploads\/2024\/01\/repudio-1-212x300.jpg 212w, https:\/\/apuntesdesanluis.com\/wp-content\/uploads\/2024\/01\/repudio-1.jpg 600w\" sizes=\"(max-width: 500px) 100vw, 500px\" \/><\/h3>\n<h3>Tambi\u00e9n cuestion\u00f3 la medida la <strong>Asociaci\u00f3n Sanluise\u00f1a de docentes Estatales<\/strong> (ASDE), que expres\u00f3 su solidaridad con los docentes afectados.<\/h3>\n<p><img decoding=\"async\" class=\"wp-image-9749 aligncenter\" src=\"https:\/\/apuntesdesanluis.com\/wp-content\/uploads\/2024\/01\/asde-212x300.jpg\" alt=\"\" width=\"521\" height=\"737\" srcset=\"https:\/\/apuntesdesanluis.com\/wp-content\/uploads\/2024\/01\/asde-212x300.jpg 212w, https:\/\/apuntesdesanluis.com\/wp-content\/uploads\/2024\/01\/asde.jpg 600w\" sizes=\"(max-width: 521px) 100vw, 521px\" \/><\/p>\n<p>&nbsp;<\/p>\n<p>&nbsp;<\/p>\n<p>&nbsp;<\/p>\n","protected":false},"excerpt":{"rendered":"<p>En ese marco, 35 docentes de los Institutos de Formaci\u00f3n Docente Continua de las ciudades&#8230;<\/p>\n","protected":false},"author":1,"featured_media":9751,"comment_status":"closed","ping_status":"closed","sticky":false,"template":"","format":"standard","meta":{"footnotes":""},"categories":[6],"tags":[],"class_list":["post-9747","post","type-post","status-publish","format-standard","has-post-thumbnail","hentry","category-ciudad-provincia"],"yoast_head":"<!-- This site is optimized with the Yoast SEO plugin v26.1.1 - https:\/\/yoast.com\/wordpress\/plugins\/seo\/ -->\n<title>RESTABLECEN LAS INSTANCIAS DE REV\u00c1LIDA DE CARGOS DOCENTES DE LOS IFDC - Apuntes de San Luis<\/title>\n<meta name=\"robots\" content=\"index, follow, max-snippet:-1, max-image-preview:large, max-video-preview:-1\" \/>\n<link rel=\"canonical\" href=\"https:\/\/apuntesdesanluis.com\/index.php\/2024\/01\/08\/restablecen-las-instancias-de-revalida-de-cargos-docentes-de-los-ifdc\/\" \/>\n<meta property=\"og:locale\" content=\"es_ES\" \/>\n<meta property=\"og:type\" content=\"article\" \/>\n<meta property=\"og:title\" content=\"RESTABLECEN LAS INSTANCIAS DE REV\u00c1LIDA DE CARGOS DOCENTES DE LOS IFDC - Apuntes de San Luis\" \/>\n<meta property=\"og:description\" content=\"En ese marco, 35 docentes de los Institutos de Formaci\u00f3n Docente Continua de las ciudades...\" \/>\n<meta property=\"og:url\" content=\"https:\/\/apuntesdesanluis.com\/index.php\/2024\/01\/08\/restablecen-las-instancias-de-revalida-de-cargos-docentes-de-los-ifdc\/\" \/>\n<meta property=\"og:site_name\" content=\"Apuntes de San Luis\" \/>\n<meta property=\"article:published_time\" content=\"2024-01-09T00:26:33+00:00\" \/>\n<meta property=\"article:modified_time\" content=\"2024-01-09T00:28:21+00:00\" \/>\n<meta property=\"og:image\" content=\"https:\/\/apuntesdesanluis.com\/wp-content\/uploads\/2024\/01\/ifdc-villa-mercedes.png\" \/>\n\t<meta property=\"og:image:width\" content=\"607\" \/>\n\t<meta property=\"og:image:height\" content=\"364\" \/>\n\t<meta property=\"og:image:type\" content=\"image\/png\" \/>\n<meta name=\"author\" content=\"apuntesdesanluis.com\" \/>\n<meta name=\"twitter:card\" content=\"summary_large_image\" \/>\n<meta name=\"twitter:label1\" content=\"Escrito por\" \/>\n\t<meta name=\"twitter:data1\" content=\"apuntesdesanluis.com\" \/>\n\t<meta name=\"twitter:label2\" content=\"Tiempo de lectura\" \/>\n\t<meta name=\"twitter:data2\" content=\"3 minutos\" \/>\n<script type=\"application\/ld+json\" class=\"yoast-schema-graph\">{\"@context\":\"https:\/\/schema.org\",\"@graph\":[{\"@type\":\"Article\",\"@id\":\"https:\/\/apuntesdesanluis.com\/index.php\/2024\/01\/08\/restablecen-las-instancias-de-revalida-de-cargos-docentes-de-los-ifdc\/#article\",\"isPartOf\":{\"@id\":\"https:\/\/apuntesdesanluis.com\/index.php\/2024\/01\/08\/restablecen-las-instancias-de-revalida-de-cargos-docentes-de-los-ifdc\/\"},\"author\":{\"name\":\"apuntesdesanluis.com\",\"@id\":\"https:\/\/apuntesdesanluis.com\/#\/schema\/person\/b55151d52296fcce64d1a72538a70b90\"},\"headline\":\"RESTABLECEN LAS INSTANCIAS DE REV\u00c1LIDA DE CARGOS DOCENTES DE LOS IFDC\",\"datePublished\":\"2024-01-09T00:26:33+00:00\",\"dateModified\":\"2024-01-09T00:28:21+00:00\",\"mainEntityOfPage\":{\"@id\":\"https:\/\/apuntesdesanluis.com\/index.php\/2024\/01\/08\/restablecen-las-instancias-de-revalida-de-cargos-docentes-de-los-ifdc\/\"},\"wordCount\":419,\"publisher\":{\"@id\":\"https:\/\/apuntesdesanluis.com\/#\/schema\/person\/b55151d52296fcce64d1a72538a70b90\"},\"image\":{\"@id\":\"https:\/\/apuntesdesanluis.com\/index.php\/2024\/01\/08\/restablecen-las-instancias-de-revalida-de-cargos-docentes-de-los-ifdc\/#primaryimage\"},\"thumbnailUrl\":\"https:\/\/apuntesdesanluis.com\/wp-content\/uploads\/2024\/01\/ifdc-villa-mercedes.png\",\"articleSection\":[\"Ciudad\/Provincia\"],\"inLanguage\":\"es-AR\"},{\"@type\":\"WebPage\",\"@id\":\"https:\/\/apuntesdesanluis.com\/index.php\/2024\/01\/08\/restablecen-las-instancias-de-revalida-de-cargos-docentes-de-los-ifdc\/\",\"url\":\"https:\/\/apuntesdesanluis.com\/index.php\/2024\/01\/08\/restablecen-las-instancias-de-revalida-de-cargos-docentes-de-los-ifdc\/\",\"name\":\"RESTABLECEN LAS INSTANCIAS DE REV\u00c1LIDA DE CARGOS DOCENTES DE LOS IFDC - Apuntes de San Luis\",\"isPartOf\":{\"@id\":\"https:\/\/apuntesdesanluis.com\/#website\"},\"primaryImageOfPage\":{\"@id\":\"https:\/\/apuntesdesanluis.com\/index.php\/2024\/01\/08\/restablecen-las-instancias-de-revalida-de-cargos-docentes-de-los-ifdc\/#primaryimage\"},\"image\":{\"@id\":\"https:\/\/apuntesdesanluis.com\/index.php\/2024\/01\/08\/restablecen-las-instancias-de-revalida-de-cargos-docentes-de-los-ifdc\/#primaryimage\"},\"thumbnailUrl\":\"https:\/\/apuntesdesanluis.com\/wp-content\/uploads\/2024\/01\/ifdc-villa-mercedes.png\",\"datePublished\":\"2024-01-09T00:26:33+00:00\",\"dateModified\":\"2024-01-09T00:28:21+00:00\",\"breadcrumb\":{\"@id\":\"https:\/\/apuntesdesanluis.com\/index.php\/2024\/01\/08\/restablecen-las-instancias-de-revalida-de-cargos-docentes-de-los-ifdc\/#breadcrumb\"},\"inLanguage\":\"es-AR\",\"potentialAction\":[{\"@type\":\"ReadAction\",\"target\":[\"https:\/\/apuntesdesanluis.com\/index.php\/2024\/01\/08\/restablecen-las-instancias-de-revalida-de-cargos-docentes-de-los-ifdc\/\"]}]},{\"@type\":\"ImageObject\",\"inLanguage\":\"es-AR\",\"@id\":\"https:\/\/apuntesdesanluis.com\/index.php\/2024\/01\/08\/restablecen-las-instancias-de-revalida-de-cargos-docentes-de-los-ifdc\/#primaryimage\",\"url\":\"https:\/\/apuntesdesanluis.com\/wp-content\/uploads\/2024\/01\/ifdc-villa-mercedes.png\",\"contentUrl\":\"https:\/\/apuntesdesanluis.com\/wp-content\/uploads\/2024\/01\/ifdc-villa-mercedes.png\",\"width\":607,\"height\":364},{\"@type\":\"BreadcrumbList\",\"@id\":\"https:\/\/apuntesdesanluis.com\/index.php\/2024\/01\/08\/restablecen-las-instancias-de-revalida-de-cargos-docentes-de-los-ifdc\/#breadcrumb\",\"itemListElement\":[{\"@type\":\"ListItem\",\"position\":1,\"name\":\"Inicio\",\"item\":\"https:\/\/apuntesdesanluis.com\/\"},{\"@type\":\"ListItem\",\"position\":2,\"name\":\"RESTABLECEN LAS INSTANCIAS DE REV\u00c1LIDA DE CARGOS DOCENTES DE LOS IFDC\"}]},{\"@type\":\"WebSite\",\"@id\":\"https:\/\/apuntesdesanluis.com\/#website\",\"url\":\"https:\/\/apuntesdesanluis.com\/\",\"name\":\"Apuntes de San Luis\",\"description\":\"\",\"publisher\":{\"@id\":\"https:\/\/apuntesdesanluis.com\/#\/schema\/person\/b55151d52296fcce64d1a72538a70b90\"},\"potentialAction\":[{\"@type\":\"SearchAction\",\"target\":{\"@type\":\"EntryPoint\",\"urlTemplate\":\"https:\/\/apuntesdesanluis.com\/?s={search_term_string}\"},\"query-input\":{\"@type\":\"PropertyValueSpecification\",\"valueRequired\":true,\"valueName\":\"search_term_string\"}}],\"inLanguage\":\"es-AR\"},{\"@type\":[\"Person\",\"Organization\"],\"@id\":\"https:\/\/apuntesdesanluis.com\/#\/schema\/person\/b55151d52296fcce64d1a72538a70b90\",\"name\":\"apuntesdesanluis.com\",\"image\":{\"@type\":\"ImageObject\",\"inLanguage\":\"es-AR\",\"@id\":\"https:\/\/apuntesdesanluis.com\/#\/schema\/person\/image\/\",\"url\":\"https:\/\/apuntesdesanluis.com\/wp-content\/uploads\/2023\/07\/cropped-apuntesdesanluis.png\",\"contentUrl\":\"https:\/\/apuntesdesanluis.com\/wp-content\/uploads\/2023\/07\/cropped-apuntesdesanluis.png\",\"width\":450,\"height\":112,\"caption\":\"apuntesdesanluis.com\"},\"logo\":{\"@id\":\"https:\/\/apuntesdesanluis.com\/#\/schema\/person\/image\/\"},\"sameAs\":[\"https:\/\/apuntesdesanluis.com\"],\"url\":\"https:\/\/apuntesdesanluis.com\/index.php\/author\/apuntesdesanluis-com\/\"}]}<\/script>\n<!-- \/ Yoast SEO plugin. -->","yoast_head_json":{"title":"RESTABLECEN LAS INSTANCIAS DE REV\u00c1LIDA DE CARGOS DOCENTES DE LOS IFDC - Apuntes de San Luis","robots":{"index":"index","follow":"follow","max-snippet":"max-snippet:-1","max-image-preview":"max-image-preview:large","max-video-preview":"max-video-preview:-1"},"canonical":"https:\/\/apuntesdesanluis.com\/index.php\/2024\/01\/08\/restablecen-las-instancias-de-revalida-de-cargos-docentes-de-los-ifdc\/","og_locale":"es_ES","og_type":"article","og_title":"RESTABLECEN LAS INSTANCIAS DE REV\u00c1LIDA DE CARGOS DOCENTES DE LOS IFDC - Apuntes de San Luis","og_description":"En ese marco, 35 docentes de los Institutos de Formaci\u00f3n Docente Continua de las ciudades...","og_url":"https:\/\/apuntesdesanluis.com\/index.php\/2024\/01\/08\/restablecen-las-instancias-de-revalida-de-cargos-docentes-de-los-ifdc\/","og_site_name":"Apuntes de San Luis","article_published_time":"2024-01-09T00:26:33+00:00","article_modified_time":"2024-01-09T00:28:21+00:00","og_image":[{"width":607,"height":364,"url":"https:\/\/apuntesdesanluis.com\/wp-content\/uploads\/2024\/01\/ifdc-villa-mercedes.png","type":"image\/png"}],"author":"apuntesdesanluis.com","twitter_card":"summary_large_image","twitter_misc":{"Escrito por":"apuntesdesanluis.com","Tiempo de lectura":"3 minutos"},"schema":{"@context":"https:\/\/schema.org","@graph":[{"@type":"Article","@id":"https:\/\/apuntesdesanluis.com\/index.php\/2024\/01\/08\/restablecen-las-instancias-de-revalida-de-cargos-docentes-de-los-ifdc\/#article","isPartOf":{"@id":"https:\/\/apuntesdesanluis.com\/index.php\/2024\/01\/08\/restablecen-las-instancias-de-revalida-de-cargos-docentes-de-los-ifdc\/"},"author":{"name":"apuntesdesanluis.com","@id":"https:\/\/apuntesdesanluis.com\/#\/schema\/person\/b55151d52296fcce64d1a72538a70b90"},"headline":"RESTABLECEN LAS INSTANCIAS DE REV\u00c1LIDA DE CARGOS DOCENTES DE LOS IFDC","datePublished":"2024-01-09T00:26:33+00:00","dateModified":"2024-01-09T00:28:21+00:00","mainEntityOfPage":{"@id":"https:\/\/apuntesdesanluis.com\/index.php\/2024\/01\/08\/restablecen-las-instancias-de-revalida-de-cargos-docentes-de-los-ifdc\/"},"wordCount":419,"publisher":{"@id":"https:\/\/apuntesdesanluis.com\/#\/schema\/person\/b55151d52296fcce64d1a72538a70b90"},"image":{"@id":"https:\/\/apuntesdesanluis.com\/index.php\/2024\/01\/08\/restablecen-las-instancias-de-revalida-de-cargos-docentes-de-los-ifdc\/#primaryimage"},"thumbnailUrl":"https:\/\/apuntesdesanluis.com\/wp-content\/uploads\/2024\/01\/ifdc-villa-mercedes.png","articleSection":["Ciudad\/Provincia"],"inLanguage":"es-AR"},{"@type":"WebPage","@id":"https:\/\/apuntesdesanluis.com\/index.php\/2024\/01\/08\/restablecen-las-instancias-de-revalida-de-cargos-docentes-de-los-ifdc\/","url":"https:\/\/apuntesdesanluis.com\/index.php\/2024\/01\/08\/restablecen-las-instancias-de-revalida-de-cargos-docentes-de-los-ifdc\/","name":"RESTABLECEN LAS INSTANCIAS DE REV\u00c1LIDA DE CARGOS DOCENTES DE LOS IFDC - Apuntes de San Luis","isPartOf":{"@id":"https:\/\/apuntesdesanluis.com\/#website"},"primaryImageOfPage":{"@id":"https:\/\/apuntesdesanluis.com\/index.php\/2024\/01\/08\/restablecen-las-instancias-de-revalida-de-cargos-docentes-de-los-ifdc\/#primaryimage"},"image":{"@id":"https:\/\/apuntesdesanluis.com\/index.php\/2024\/01\/08\/restablecen-las-instancias-de-revalida-de-cargos-docentes-de-los-ifdc\/#primaryimage"},"thumbnailUrl":"https:\/\/apuntesdesanluis.com\/wp-content\/uploads\/2024\/01\/ifdc-villa-mercedes.png","datePublished":"2024-01-09T00:26:33+00:00","dateModified":"2024-01-09T00:28:21+00:00","breadcrumb":{"@id":"https:\/\/apuntesdesanluis.com\/index.php\/2024\/01\/08\/restablecen-las-instancias-de-revalida-de-cargos-docentes-de-los-ifdc\/#breadcrumb"},"inLanguage":"es-AR","potentialAction":[{"@type":"ReadAction","target":["https:\/\/apuntesdesanluis.com\/index.php\/2024\/01\/08\/restablecen-las-instancias-de-revalida-de-cargos-docentes-de-los-ifdc\/"]}]},{"@type":"ImageObject","inLanguage":"es-AR","@id":"https:\/\/apuntesdesanluis.com\/index.php\/2024\/01\/08\/restablecen-las-instancias-de-revalida-de-cargos-docentes-de-los-ifdc\/#primaryimage","url":"https:\/\/apuntesdesanluis.com\/wp-content\/uploads\/2024\/01\/ifdc-villa-mercedes.png","contentUrl":"https:\/\/apuntesdesanluis.com\/wp-content\/uploads\/2024\/01\/ifdc-villa-mercedes.png","width":607,"height":364},{"@type":"BreadcrumbList","@id":"https:\/\/apuntesdesanluis.com\/index.php\/2024\/01\/08\/restablecen-las-instancias-de-revalida-de-cargos-docentes-de-los-ifdc\/#breadcrumb","itemListElement":[{"@type":"ListItem","position":1,"name":"Inicio","item":"https:\/\/apuntesdesanluis.com\/"},{"@type":"ListItem","position":2,"name":"RESTABLECEN LAS INSTANCIAS DE REV\u00c1LIDA DE CARGOS DOCENTES DE LOS IFDC"}]},{"@type":"WebSite","@id":"https:\/\/apuntesdesanluis.com\/#website","url":"https:\/\/apuntesdesanluis.com\/","name":"Apuntes de San Luis","description":"","publisher":{"@id":"https:\/\/apuntesdesanluis.com\/#\/schema\/person\/b55151d52296fcce64d1a72538a70b90"},"potentialAction":[{"@type":"SearchAction","target":{"@type":"EntryPoint","urlTemplate":"https:\/\/apuntesdesanluis.com\/?s={search_term_string}"},"query-input":{"@type":"PropertyValueSpecification","valueRequired":true,"valueName":"search_term_string"}}],"inLanguage":"es-AR"},{"@type":["Person","Organization"],"@id":"https:\/\/apuntesdesanluis.com\/#\/schema\/person\/b55151d52296fcce64d1a72538a70b90","name":"apuntesdesanluis.com","image":{"@type":"ImageObject","inLanguage":"es-AR","@id":"https:\/\/apuntesdesanluis.com\/#\/schema\/person\/image\/","url":"https:\/\/apuntesdesanluis.com\/wp-content\/uploads\/2023\/07\/cropped-apuntesdesanluis.png","contentUrl":"https:\/\/apuntesdesanluis.com\/wp-content\/uploads\/2023\/07\/cropped-apuntesdesanluis.png","width":450,"height":112,"caption":"apuntesdesanluis.com"},"logo":{"@id":"https:\/\/apuntesdesanluis.com\/#\/schema\/person\/image\/"},"sameAs":["https:\/\/apuntesdesanluis.com"],"url":"https:\/\/apuntesdesanluis.com\/index.php\/author\/apuntesdesanluis-com\/"}]}},"featured_image_urls":{"full":["https:\/\/apuntesdesanluis.com\/wp-content\/uploads\/2024\/01\/ifdc-villa-mercedes.png",607,364,false],"thumbnail":["https:\/\/apuntesdesanluis.com\/wp-content\/uploads\/2024\/01\/ifdc-villa-mercedes-150x150.png",150,150,true],"medium":["https:\/\/apuntesdesanluis.com\/wp-content\/uploads\/2024\/01\/ifdc-villa-mercedes-300x180.png",300,180,true],"medium_large":["https:\/\/apuntesdesanluis.com\/wp-content\/uploads\/2024\/01\/ifdc-villa-mercedes.png",607,364,false],"large":["https:\/\/apuntesdesanluis.com\/wp-content\/uploads\/2024\/01\/ifdc-villa-mercedes.png",607,364,false],"1536x1536":["https:\/\/apuntesdesanluis.com\/wp-content\/uploads\/2024\/01\/ifdc-villa-mercedes.png",607,364,false],"2048x2048":["https:\/\/apuntesdesanluis.com\/wp-content\/uploads\/2024\/01\/ifdc-villa-mercedes.png",607,364,false],"newsever-slider-full":["https:\/\/apuntesdesanluis.com\/wp-content\/uploads\/2024\/01\/ifdc-villa-mercedes.png",607,364,false],"newsever-featured":["https:\/\/apuntesdesanluis.com\/wp-content\/uploads\/2024\/01\/ifdc-villa-mercedes.png",607,364,false],"newsever-medium":["https:\/\/apuntesdesanluis.com\/wp-content\/uploads\/2024\/01\/ifdc-villa-mercedes.png",607,364,false]},"author_info":{"display_name":"apuntesdesanluis.com","author_link":"https:\/\/apuntesdesanluis.com\/index.php\/author\/apuntesdesanluis-com\/"},"category_info":"<a href=\"https:\/\/apuntesdesanluis.com\/index.php\/category\/ciudad-provincia\/\" rel=\"category tag\">Ciudad\/Provincia<\/a>","tag_info":"Ciudad\/Provincia","comment_count":"0","_links":{"self":[{"href":"https:\/\/apuntesdesanluis.com\/index.php\/wp-json\/wp\/v2\/posts\/9747","targetHints":{"allow":["GET"]}}],"collection":[{"href":"https:\/\/apuntesdesanluis.com\/index.php\/wp-json\/wp\/v2\/posts"}],"about":[{"href":"https:\/\/apuntesdesanluis.com\/index.php\/wp-json\/wp\/v2\/types\/post"}],"author":[{"embeddable":true,"href":"https:\/\/apuntesdesanluis.com\/index.php\/wp-json\/wp\/v2\/users\/1"}],"replies":[{"embeddable":true,"href":"https:\/\/apuntesdesanluis.com\/index.php\/wp-json\/wp\/v2\/comments?post=9747"}],"version-history":[{"count":3,"href":"https:\/\/apuntesdesanluis.com\/index.php\/wp-json\/wp\/v2\/posts\/9747\/revisions"}],"predecessor-version":[{"id":9753,"href":"https:\/\/apuntesdesanluis.com\/index.php\/wp-json\/wp\/v2\/posts\/9747\/revisions\/9753"}],"wp:featuredmedia":[{"embeddable":true,"href":"https:\/\/apuntesdesanluis.com\/index.php\/wp-json\/wp\/v2\/media\/9751"}],"wp:attachment":[{"href":"https:\/\/apuntesdesanluis.com\/index.php\/wp-json\/wp\/v2\/media?parent=9747"}],"wp:term":[{"taxonomy":"category","embeddable":true,"href":"https:\/\/apuntesdesanluis.com\/index.php\/wp-json\/wp\/v2\/categories?post=9747"},{"taxonomy":"post_tag","embeddable":true,"href":"https:\/\/apuntesdesanluis.com\/index.php\/wp-json\/wp\/v2\/tags?post=9747"}],"curies":[{"name":"wp","href":"https:\/\/api.w.org\/{rel}","templated":true}]}}