{"id":9792,"date":"2024-01-09T19:38:26","date_gmt":"2024-01-09T22:38:26","guid":{"rendered":"https:\/\/apuntesdesanluis.com\/?p=9792"},"modified":"2024-01-09T19:40:42","modified_gmt":"2024-01-09T22:40:42","slug":"el-gobierno-sumara-servicios-en-la-35-edicion-del-festival-de-la-calle-angosta","status":"publish","type":"post","link":"https:\/\/apuntesdesanluis.com\/index.php\/2024\/01\/09\/el-gobierno-sumara-servicios-en-la-35-edicion-del-festival-de-la-calle-angosta\/","title":{"rendered":"EL GOBIERNO SUMAR\u00c1 SERVICIOS EN LA 35\u00b0 EDICI\u00d3N DEL FESTIVAL DE LA CALLE ANGOSTA"},"content":{"rendered":"<h3>En el tradicional encuentro folcl\u00f3rico que se va a desarrollar entre el 26 y el 27 de enero, participar\u00e1 la direcci\u00f3n de Estado Civil y Capacidad de las Personas para ofrecerle al p\u00fabico la posibilidad de tramitar la actualizaci\u00f3n del documento nacional de identidad, como tambi\u00e9n el cambio de domicilio.<\/h3>\n<h3>Para aprovechar el inmenso flujo de gente que se acerca cada a\u00f1o para disfrutar el Festival de la Calle Angosta, la direcci\u00f3n de Estado Civil y Capacidad de las Personas diagram\u00f3 para este a\u00f1o un operativo especial para que el que quiera pueda renovar el DNI o dar cambio de domicilio. Esto qued\u00f3 confirmado este martes por la ma\u00f1ana, cuando su titular, <strong>Guillermo Valdeven\u00edtez<\/strong>, visit\u00f3 el complejo Calle Angosta para determinar d\u00f3nde ubicar el punto de emisi\u00f3n.<\/h3>\n<h3>\u201cEste operativo se llevar\u00e1 a cabo el s\u00e1bado 27 de enero, en la segunda jornada, a partir de las 20:00. Estaremos con nuestra unidad m\u00f3vil con un cupo de entre 80 a 100 tr\u00e1mites, tanto para actualizaci\u00f3n de DNI y cambio de domicilio, como tambi\u00e9n para gestionar el pasaporte\u201d, ratific\u00f3 el funcionario.<\/h3>\n<h3>Valdeven\u00edtez recalc\u00f3 que \u201cestos operativos surgen de un pedido del gobernador Claudio Poggi y del ministro de Gobierno, Facundo Endeiza, para acercar el Registro Civil a todos los vecinos, es decir federalizar el servicio y llegar cualquier rinc\u00f3n de la provincia\u201d.<\/h3>\n<h3><strong>TURISMO TAMBI\u00c9N DIR\u00c1 PRESENTE<\/strong><\/h3>\n<h3>Otro organismo del Estado provincial que participar\u00e1 de la Fiesta de la Calle Angosta, ser\u00e1 el Ministerio de Turismo, cuyo responsable, Juan Manuel Rigau, tambi\u00e9n recorri\u00f3 las instalaciones para interiorizarse sobre la organizaci\u00f3n de las dos veladas y acordar el sector en el que se instalar\u00e1 un stand informativo.<\/h3>\n<p><img fetchpriority=\"high\" decoding=\"async\" class=\"wp-image-9795 aligncenter\" src=\"https:\/\/apuntesdesanluis.com\/wp-content\/uploads\/2024\/01\/RIGAU-300x173.png\" alt=\"\" width=\"657\" height=\"379\" srcset=\"https:\/\/apuntesdesanluis.com\/wp-content\/uploads\/2024\/01\/RIGAU-300x173.png 300w, https:\/\/apuntesdesanluis.com\/wp-content\/uploads\/2024\/01\/RIGAU-768x444.png 768w, https:\/\/apuntesdesanluis.com\/wp-content\/uploads\/2024\/01\/RIGAU.png 770w\" sizes=\"(max-width: 657px) 100vw, 657px\" \/><\/p>\n<h3>El funcionario abord\u00f3 esos detalles con la secretaria general de las Culturas, de los Deportes y del Turismo, <strong>Carolina Sosa<\/strong>, y junto con integrantes del equipo organizador.<\/h3>\n<h3>De esta manera se espera difundir los destinos que San Luis tiene para ofrecerle a quienes acudan a \u201cLa Fiesta de Todos\u201d, teniendo en cuenta que se espera el arribo de turistas de diversos puntos del pa\u00eds.<\/h3>\n<p>&nbsp;<\/p>\n<p>&nbsp;<\/p>\n<p>&nbsp;<\/p>\n<p>&nbsp;<\/p>\n","protected":false},"excerpt":{"rendered":"<p>En el tradicional encuentro folcl\u00f3rico que se va a desarrollar entre el 26 y el&#8230;<\/p>\n","protected":false},"author":1,"featured_media":9794,"comment_status":"closed","ping_status":"closed","sticky":false,"template":"","format":"standard","meta":{"footnotes":""},"categories":[6],"tags":[],"class_list":["post-9792","post","type-post","status-publish","format-standard","has-post-thumbnail","hentry","category-ciudad-provincia"],"yoast_head":"<!-- This site is optimized with the Yoast SEO plugin v26.1.1 - https:\/\/yoast.com\/wordpress\/plugins\/seo\/ -->\n<title>EL GOBIERNO SUMAR\u00c1 SERVICIOS EN LA 35\u00b0 EDICI\u00d3N DEL FESTIVAL DE LA CALLE ANGOSTA - Apuntes de San Luis<\/title>\n<meta name=\"robots\" content=\"index, follow, max-snippet:-1, max-image-preview:large, max-video-preview:-1\" \/>\n<link rel=\"canonical\" href=\"https:\/\/apuntesdesanluis.com\/index.php\/2024\/01\/09\/el-gobierno-sumara-servicios-en-la-35-edicion-del-festival-de-la-calle-angosta\/\" \/>\n<meta property=\"og:locale\" content=\"es_ES\" \/>\n<meta property=\"og:type\" content=\"article\" \/>\n<meta property=\"og:title\" content=\"EL GOBIERNO SUMAR\u00c1 SERVICIOS EN LA 35\u00b0 EDICI\u00d3N DEL FESTIVAL DE LA CALLE ANGOSTA - Apuntes de San Luis\" \/>\n<meta property=\"og:description\" content=\"En el tradicional encuentro folcl\u00f3rico que se va a desarrollar entre el 26 y el...\" \/>\n<meta property=\"og:url\" content=\"https:\/\/apuntesdesanluis.com\/index.php\/2024\/01\/09\/el-gobierno-sumara-servicios-en-la-35-edicion-del-festival-de-la-calle-angosta\/\" \/>\n<meta property=\"og:site_name\" content=\"Apuntes de San Luis\" \/>\n<meta property=\"article:published_time\" content=\"2024-01-09T22:38:26+00:00\" \/>\n<meta property=\"article:modified_time\" content=\"2024-01-09T22:40:42+00:00\" \/>\n<meta property=\"og:image\" content=\"https:\/\/apuntesdesanluis.com\/wp-content\/uploads\/2024\/01\/CAROLINA-SOSA.png\" \/>\n\t<meta property=\"og:image:width\" content=\"839\" \/>\n\t<meta property=\"og:image:height\" content=\"508\" \/>\n\t<meta property=\"og:image:type\" content=\"image\/png\" \/>\n<meta name=\"author\" content=\"apuntesdesanluis.com\" \/>\n<meta name=\"twitter:card\" content=\"summary_large_image\" \/>\n<meta name=\"twitter:label1\" content=\"Escrito por\" \/>\n\t<meta name=\"twitter:data1\" content=\"apuntesdesanluis.com\" \/>\n\t<meta name=\"twitter:label2\" content=\"Tiempo de lectura\" \/>\n\t<meta name=\"twitter:data2\" content=\"2 minutos\" \/>\n<script type=\"application\/ld+json\" class=\"yoast-schema-graph\">{\"@context\":\"https:\/\/schema.org\",\"@graph\":[{\"@type\":\"Article\",\"@id\":\"https:\/\/apuntesdesanluis.com\/index.php\/2024\/01\/09\/el-gobierno-sumara-servicios-en-la-35-edicion-del-festival-de-la-calle-angosta\/#article\",\"isPartOf\":{\"@id\":\"https:\/\/apuntesdesanluis.com\/index.php\/2024\/01\/09\/el-gobierno-sumara-servicios-en-la-35-edicion-del-festival-de-la-calle-angosta\/\"},\"author\":{\"name\":\"apuntesdesanluis.com\",\"@id\":\"https:\/\/apuntesdesanluis.com\/#\/schema\/person\/b55151d52296fcce64d1a72538a70b90\"},\"headline\":\"EL GOBIERNO SUMAR\u00c1 SERVICIOS EN LA 35\u00b0 EDICI\u00d3N DEL FESTIVAL DE LA CALLE ANGOSTA\",\"datePublished\":\"2024-01-09T22:38:26+00:00\",\"dateModified\":\"2024-01-09T22:40:42+00:00\",\"mainEntityOfPage\":{\"@id\":\"https:\/\/apuntesdesanluis.com\/index.php\/2024\/01\/09\/el-gobierno-sumara-servicios-en-la-35-edicion-del-festival-de-la-calle-angosta\/\"},\"wordCount\":372,\"publisher\":{\"@id\":\"https:\/\/apuntesdesanluis.com\/#\/schema\/person\/b55151d52296fcce64d1a72538a70b90\"},\"image\":{\"@id\":\"https:\/\/apuntesdesanluis.com\/index.php\/2024\/01\/09\/el-gobierno-sumara-servicios-en-la-35-edicion-del-festival-de-la-calle-angosta\/#primaryimage\"},\"thumbnailUrl\":\"https:\/\/apuntesdesanluis.com\/wp-content\/uploads\/2024\/01\/CAROLINA-SOSA.png\",\"articleSection\":[\"Ciudad\/Provincia\"],\"inLanguage\":\"es-AR\"},{\"@type\":\"WebPage\",\"@id\":\"https:\/\/apuntesdesanluis.com\/index.php\/2024\/01\/09\/el-gobierno-sumara-servicios-en-la-35-edicion-del-festival-de-la-calle-angosta\/\",\"url\":\"https:\/\/apuntesdesanluis.com\/index.php\/2024\/01\/09\/el-gobierno-sumara-servicios-en-la-35-edicion-del-festival-de-la-calle-angosta\/\",\"name\":\"EL GOBIERNO SUMAR\u00c1 SERVICIOS EN LA 35\u00b0 EDICI\u00d3N DEL FESTIVAL DE LA CALLE ANGOSTA - Apuntes de San Luis\",\"isPartOf\":{\"@id\":\"https:\/\/apuntesdesanluis.com\/#website\"},\"primaryImageOfPage\":{\"@id\":\"https:\/\/apuntesdesanluis.com\/index.php\/2024\/01\/09\/el-gobierno-sumara-servicios-en-la-35-edicion-del-festival-de-la-calle-angosta\/#primaryimage\"},\"image\":{\"@id\":\"https:\/\/apuntesdesanluis.com\/index.php\/2024\/01\/09\/el-gobierno-sumara-servicios-en-la-35-edicion-del-festival-de-la-calle-angosta\/#primaryimage\"},\"thumbnailUrl\":\"https:\/\/apuntesdesanluis.com\/wp-content\/uploads\/2024\/01\/CAROLINA-SOSA.png\",\"datePublished\":\"2024-01-09T22:38:26+00:00\",\"dateModified\":\"2024-01-09T22:40:42+00:00\",\"breadcrumb\":{\"@id\":\"https:\/\/apuntesdesanluis.com\/index.php\/2024\/01\/09\/el-gobierno-sumara-servicios-en-la-35-edicion-del-festival-de-la-calle-angosta\/#breadcrumb\"},\"inLanguage\":\"es-AR\",\"potentialAction\":[{\"@type\":\"ReadAction\",\"target\":[\"https:\/\/apuntesdesanluis.com\/index.php\/2024\/01\/09\/el-gobierno-sumara-servicios-en-la-35-edicion-del-festival-de-la-calle-angosta\/\"]}]},{\"@type\":\"ImageObject\",\"inLanguage\":\"es-AR\",\"@id\":\"https:\/\/apuntesdesanluis.com\/index.php\/2024\/01\/09\/el-gobierno-sumara-servicios-en-la-35-edicion-del-festival-de-la-calle-angosta\/#primaryimage\",\"url\":\"https:\/\/apuntesdesanluis.com\/wp-content\/uploads\/2024\/01\/CAROLINA-SOSA.png\",\"contentUrl\":\"https:\/\/apuntesdesanluis.com\/wp-content\/uploads\/2024\/01\/CAROLINA-SOSA.png\",\"width\":839,\"height\":508},{\"@type\":\"BreadcrumbList\",\"@id\":\"https:\/\/apuntesdesanluis.com\/index.php\/2024\/01\/09\/el-gobierno-sumara-servicios-en-la-35-edicion-del-festival-de-la-calle-angosta\/#breadcrumb\",\"itemListElement\":[{\"@type\":\"ListItem\",\"position\":1,\"name\":\"Inicio\",\"item\":\"https:\/\/apuntesdesanluis.com\/\"},{\"@type\":\"ListItem\",\"position\":2,\"name\":\"EL GOBIERNO SUMAR\u00c1 SERVICIOS EN LA 35\u00b0 EDICI\u00d3N DEL FESTIVAL DE LA CALLE ANGOSTA\"}]},{\"@type\":\"WebSite\",\"@id\":\"https:\/\/apuntesdesanluis.com\/#website\",\"url\":\"https:\/\/apuntesdesanluis.com\/\",\"name\":\"Apuntes de San Luis\",\"description\":\"\",\"publisher\":{\"@id\":\"https:\/\/apuntesdesanluis.com\/#\/schema\/person\/b55151d52296fcce64d1a72538a70b90\"},\"potentialAction\":[{\"@type\":\"SearchAction\",\"target\":{\"@type\":\"EntryPoint\",\"urlTemplate\":\"https:\/\/apuntesdesanluis.com\/?s={search_term_string}\"},\"query-input\":{\"@type\":\"PropertyValueSpecification\",\"valueRequired\":true,\"valueName\":\"search_term_string\"}}],\"inLanguage\":\"es-AR\"},{\"@type\":[\"Person\",\"Organization\"],\"@id\":\"https:\/\/apuntesdesanluis.com\/#\/schema\/person\/b55151d52296fcce64d1a72538a70b90\",\"name\":\"apuntesdesanluis.com\",\"image\":{\"@type\":\"ImageObject\",\"inLanguage\":\"es-AR\",\"@id\":\"https:\/\/apuntesdesanluis.com\/#\/schema\/person\/image\/\",\"url\":\"https:\/\/apuntesdesanluis.com\/wp-content\/uploads\/2023\/07\/cropped-apuntesdesanluis.png\",\"contentUrl\":\"https:\/\/apuntesdesanluis.com\/wp-content\/uploads\/2023\/07\/cropped-apuntesdesanluis.png\",\"width\":450,\"height\":112,\"caption\":\"apuntesdesanluis.com\"},\"logo\":{\"@id\":\"https:\/\/apuntesdesanluis.com\/#\/schema\/person\/image\/\"},\"sameAs\":[\"https:\/\/apuntesdesanluis.com\"],\"url\":\"https:\/\/apuntesdesanluis.com\/index.php\/author\/apuntesdesanluis-com\/\"}]}<\/script>\n<!-- \/ Yoast SEO plugin. -->","yoast_head_json":{"title":"EL GOBIERNO SUMAR\u00c1 SERVICIOS EN LA 35\u00b0 EDICI\u00d3N DEL FESTIVAL DE LA CALLE ANGOSTA - Apuntes de San Luis","robots":{"index":"index","follow":"follow","max-snippet":"max-snippet:-1","max-image-preview":"max-image-preview:large","max-video-preview":"max-video-preview:-1"},"canonical":"https:\/\/apuntesdesanluis.com\/index.php\/2024\/01\/09\/el-gobierno-sumara-servicios-en-la-35-edicion-del-festival-de-la-calle-angosta\/","og_locale":"es_ES","og_type":"article","og_title":"EL GOBIERNO SUMAR\u00c1 SERVICIOS EN LA 35\u00b0 EDICI\u00d3N DEL FESTIVAL DE LA CALLE ANGOSTA - Apuntes de San Luis","og_description":"En el tradicional encuentro folcl\u00f3rico que se va a desarrollar entre el 26 y el...","og_url":"https:\/\/apuntesdesanluis.com\/index.php\/2024\/01\/09\/el-gobierno-sumara-servicios-en-la-35-edicion-del-festival-de-la-calle-angosta\/","og_site_name":"Apuntes de San Luis","article_published_time":"2024-01-09T22:38:26+00:00","article_modified_time":"2024-01-09T22:40:42+00:00","og_image":[{"width":839,"height":508,"url":"https:\/\/apuntesdesanluis.com\/wp-content\/uploads\/2024\/01\/CAROLINA-SOSA.png","type":"image\/png"}],"author":"apuntesdesanluis.com","twitter_card":"summary_large_image","twitter_misc":{"Escrito por":"apuntesdesanluis.com","Tiempo de lectura":"2 minutos"},"schema":{"@context":"https:\/\/schema.org","@graph":[{"@type":"Article","@id":"https:\/\/apuntesdesanluis.com\/index.php\/2024\/01\/09\/el-gobierno-sumara-servicios-en-la-35-edicion-del-festival-de-la-calle-angosta\/#article","isPartOf":{"@id":"https:\/\/apuntesdesanluis.com\/index.php\/2024\/01\/09\/el-gobierno-sumara-servicios-en-la-35-edicion-del-festival-de-la-calle-angosta\/"},"author":{"name":"apuntesdesanluis.com","@id":"https:\/\/apuntesdesanluis.com\/#\/schema\/person\/b55151d52296fcce64d1a72538a70b90"},"headline":"EL GOBIERNO SUMAR\u00c1 SERVICIOS EN LA 35\u00b0 EDICI\u00d3N DEL FESTIVAL DE LA CALLE ANGOSTA","datePublished":"2024-01-09T22:38:26+00:00","dateModified":"2024-01-09T22:40:42+00:00","mainEntityOfPage":{"@id":"https:\/\/apuntesdesanluis.com\/index.php\/2024\/01\/09\/el-gobierno-sumara-servicios-en-la-35-edicion-del-festival-de-la-calle-angosta\/"},"wordCount":372,"publisher":{"@id":"https:\/\/apuntesdesanluis.com\/#\/schema\/person\/b55151d52296fcce64d1a72538a70b90"},"image":{"@id":"https:\/\/apuntesdesanluis.com\/index.php\/2024\/01\/09\/el-gobierno-sumara-servicios-en-la-35-edicion-del-festival-de-la-calle-angosta\/#primaryimage"},"thumbnailUrl":"https:\/\/apuntesdesanluis.com\/wp-content\/uploads\/2024\/01\/CAROLINA-SOSA.png","articleSection":["Ciudad\/Provincia"],"inLanguage":"es-AR"},{"@type":"WebPage","@id":"https:\/\/apuntesdesanluis.com\/index.php\/2024\/01\/09\/el-gobierno-sumara-servicios-en-la-35-edicion-del-festival-de-la-calle-angosta\/","url":"https:\/\/apuntesdesanluis.com\/index.php\/2024\/01\/09\/el-gobierno-sumara-servicios-en-la-35-edicion-del-festival-de-la-calle-angosta\/","name":"EL GOBIERNO SUMAR\u00c1 SERVICIOS EN LA 35\u00b0 EDICI\u00d3N DEL FESTIVAL DE LA CALLE ANGOSTA - Apuntes de San Luis","isPartOf":{"@id":"https:\/\/apuntesdesanluis.com\/#website"},"primaryImageOfPage":{"@id":"https:\/\/apuntesdesanluis.com\/index.php\/2024\/01\/09\/el-gobierno-sumara-servicios-en-la-35-edicion-del-festival-de-la-calle-angosta\/#primaryimage"},"image":{"@id":"https:\/\/apuntesdesanluis.com\/index.php\/2024\/01\/09\/el-gobierno-sumara-servicios-en-la-35-edicion-del-festival-de-la-calle-angosta\/#primaryimage"},"thumbnailUrl":"https:\/\/apuntesdesanluis.com\/wp-content\/uploads\/2024\/01\/CAROLINA-SOSA.png","datePublished":"2024-01-09T22:38:26+00:00","dateModified":"2024-01-09T22:40:42+00:00","breadcrumb":{"@id":"https:\/\/apuntesdesanluis.com\/index.php\/2024\/01\/09\/el-gobierno-sumara-servicios-en-la-35-edicion-del-festival-de-la-calle-angosta\/#breadcrumb"},"inLanguage":"es-AR","potentialAction":[{"@type":"ReadAction","target":["https:\/\/apuntesdesanluis.com\/index.php\/2024\/01\/09\/el-gobierno-sumara-servicios-en-la-35-edicion-del-festival-de-la-calle-angosta\/"]}]},{"@type":"ImageObject","inLanguage":"es-AR","@id":"https:\/\/apuntesdesanluis.com\/index.php\/2024\/01\/09\/el-gobierno-sumara-servicios-en-la-35-edicion-del-festival-de-la-calle-angosta\/#primaryimage","url":"https:\/\/apuntesdesanluis.com\/wp-content\/uploads\/2024\/01\/CAROLINA-SOSA.png","contentUrl":"https:\/\/apuntesdesanluis.com\/wp-content\/uploads\/2024\/01\/CAROLINA-SOSA.png","width":839,"height":508},{"@type":"BreadcrumbList","@id":"https:\/\/apuntesdesanluis.com\/index.php\/2024\/01\/09\/el-gobierno-sumara-servicios-en-la-35-edicion-del-festival-de-la-calle-angosta\/#breadcrumb","itemListElement":[{"@type":"ListItem","position":1,"name":"Inicio","item":"https:\/\/apuntesdesanluis.com\/"},{"@type":"ListItem","position":2,"name":"EL GOBIERNO SUMAR\u00c1 SERVICIOS EN LA 35\u00b0 EDICI\u00d3N DEL FESTIVAL DE LA CALLE ANGOSTA"}]},{"@type":"WebSite","@id":"https:\/\/apuntesdesanluis.com\/#website","url":"https:\/\/apuntesdesanluis.com\/","name":"Apuntes de San Luis","description":"","publisher":{"@id":"https:\/\/apuntesdesanluis.com\/#\/schema\/person\/b55151d52296fcce64d1a72538a70b90"},"potentialAction":[{"@type":"SearchAction","target":{"@type":"EntryPoint","urlTemplate":"https:\/\/apuntesdesanluis.com\/?s={search_term_string}"},"query-input":{"@type":"PropertyValueSpecification","valueRequired":true,"valueName":"search_term_string"}}],"inLanguage":"es-AR"},{"@type":["Person","Organization"],"@id":"https:\/\/apuntesdesanluis.com\/#\/schema\/person\/b55151d52296fcce64d1a72538a70b90","name":"apuntesdesanluis.com","image":{"@type":"ImageObject","inLanguage":"es-AR","@id":"https:\/\/apuntesdesanluis.com\/#\/schema\/person\/image\/","url":"https:\/\/apuntesdesanluis.com\/wp-content\/uploads\/2023\/07\/cropped-apuntesdesanluis.png","contentUrl":"https:\/\/apuntesdesanluis.com\/wp-content\/uploads\/2023\/07\/cropped-apuntesdesanluis.png","width":450,"height":112,"caption":"apuntesdesanluis.com"},"logo":{"@id":"https:\/\/apuntesdesanluis.com\/#\/schema\/person\/image\/"},"sameAs":["https:\/\/apuntesdesanluis.com"],"url":"https:\/\/apuntesdesanluis.com\/index.php\/author\/apuntesdesanluis-com\/"}]}},"featured_image_urls":{"full":["https:\/\/apuntesdesanluis.com\/wp-content\/uploads\/2024\/01\/CAROLINA-SOSA.png",839,508,false],"thumbnail":["https:\/\/apuntesdesanluis.com\/wp-content\/uploads\/2024\/01\/CAROLINA-SOSA-150x150.png",150,150,true],"medium":["https:\/\/apuntesdesanluis.com\/wp-content\/uploads\/2024\/01\/CAROLINA-SOSA-300x182.png",300,182,true],"medium_large":["https:\/\/apuntesdesanluis.com\/wp-content\/uploads\/2024\/01\/CAROLINA-SOSA-768x465.png",640,388,true],"large":["https:\/\/apuntesdesanluis.com\/wp-content\/uploads\/2024\/01\/CAROLINA-SOSA.png",640,388,false],"1536x1536":["https:\/\/apuntesdesanluis.com\/wp-content\/uploads\/2024\/01\/CAROLINA-SOSA.png",839,508,false],"2048x2048":["https:\/\/apuntesdesanluis.com\/wp-content\/uploads\/2024\/01\/CAROLINA-SOSA.png",839,508,false],"newsever-slider-full":["https:\/\/apuntesdesanluis.com\/wp-content\/uploads\/2024\/01\/CAROLINA-SOSA.png",839,508,false],"newsever-featured":["https:\/\/apuntesdesanluis.com\/wp-content\/uploads\/2024\/01\/CAROLINA-SOSA.png",839,508,false],"newsever-medium":["https:\/\/apuntesdesanluis.com\/wp-content\/uploads\/2024\/01\/CAROLINA-SOSA-720x475.png",720,475,true]},"author_info":{"display_name":"apuntesdesanluis.com","author_link":"https:\/\/apuntesdesanluis.com\/index.php\/author\/apuntesdesanluis-com\/"},"category_info":"<a href=\"https:\/\/apuntesdesanluis.com\/index.php\/category\/ciudad-provincia\/\" rel=\"category tag\">Ciudad\/Provincia<\/a>","tag_info":"Ciudad\/Provincia","comment_count":"0","_links":{"self":[{"href":"https:\/\/apuntesdesanluis.com\/index.php\/wp-json\/wp\/v2\/posts\/9792","targetHints":{"allow":["GET"]}}],"collection":[{"href":"https:\/\/apuntesdesanluis.com\/index.php\/wp-json\/wp\/v2\/posts"}],"about":[{"href":"https:\/\/apuntesdesanluis.com\/index.php\/wp-json\/wp\/v2\/types\/post"}],"author":[{"embeddable":true,"href":"https:\/\/apuntesdesanluis.com\/index.php\/wp-json\/wp\/v2\/users\/1"}],"replies":[{"embeddable":true,"href":"https:\/\/apuntesdesanluis.com\/index.php\/wp-json\/wp\/v2\/comments?post=9792"}],"version-history":[{"count":3,"href":"https:\/\/apuntesdesanluis.com\/index.php\/wp-json\/wp\/v2\/posts\/9792\/revisions"}],"predecessor-version":[{"id":9797,"href":"https:\/\/apuntesdesanluis.com\/index.php\/wp-json\/wp\/v2\/posts\/9792\/revisions\/9797"}],"wp:featuredmedia":[{"embeddable":true,"href":"https:\/\/apuntesdesanluis.com\/index.php\/wp-json\/wp\/v2\/media\/9794"}],"wp:attachment":[{"href":"https:\/\/apuntesdesanluis.com\/index.php\/wp-json\/wp\/v2\/media?parent=9792"}],"wp:term":[{"taxonomy":"category","embeddable":true,"href":"https:\/\/apuntesdesanluis.com\/index.php\/wp-json\/wp\/v2\/categories?post=9792"},{"taxonomy":"post_tag","embeddable":true,"href":"https:\/\/apuntesdesanluis.com\/index.php\/wp-json\/wp\/v2\/tags?post=9792"}],"curies":[{"name":"wp","href":"https:\/\/api.w.org\/{rel}","templated":true}]}}