{"id":98,"date":"2023-07-16T10:44:21","date_gmt":"2023-07-16T13:44:21","guid":{"rendered":"https:\/\/apuntesdesanluis.com\/?p=98"},"modified":"2023-07-17T00:43:54","modified_gmt":"2023-07-17T03:43:54","slug":"la-inquietante-metamorfosis-macrista","status":"publish","type":"post","link":"https:\/\/apuntesdesanluis.com\/index.php\/2023\/07\/16\/la-inquietante-metamorfosis-macrista\/","title":{"rendered":"LA INQUIETANTE METAMORFOSIS MACRISTA"},"content":{"rendered":"<h3>Hasta hace poco tiempo, nadie se hubiera atrevido a atacar a otra persona porque dice que le parece mal la homofobia o el antisemitismo. De repente, la l\u00ednea se corre y lo que era impensable empieza a ser naturalizado<\/h3>\n<h3>Por <strong><em>Ernesto Tenembaum *<\/em><\/strong><\/h3>\n<h3>Hace muchos a\u00f1os, en su libro La historia de la homosexualidad en la Argentina, el periodista y escritor Osvaldo Baz\u00e1n escribi\u00f3 un hermoso p\u00e1rrafo:<\/h3>\n<h3>\u201cEl ni\u00f1o jud\u00edo sufre la estupidez del mundo, vuelve a casa y en su casa sus padres jud\u00edos le dicen \u201cest\u00fapido es el mundo, no t\u00fa\u201d(\u2026) Le dan una lista de tradiciones y le dicen: \u201cT\u00fa est\u00e1s parado ac\u00e1\u201d. Y sabr\u00e1, el ni\u00f1o jud\u00edo, que no est\u00e1 solo. El ni\u00f1o negro sufre la estupidez del mundo, y vuelve a casa y en su casa sus padres negros le dicen \u201cest\u00fapido es el mundo, no t\u00fa\u201d (\u2026) Le dan una lista de valores y de tradiciones y le dicen: \u201cT\u00fa est\u00e1s parado ac\u00e1\u201d. Y sabr\u00e1 que no est\u00e1 solo. El ni\u00f1o homosexual sufre la estupidez del mundo y ni se le ocurre hablar con sus padres. Supone que se van a enojar. \u00c9l no sabe por qu\u00e9, pero se van a enojar\u201d.<\/h3>\n<h3>Aquel libro de Baz\u00e1n fue uno de los elementos que contribuy\u00f3 fuerte, junto con muchos otros, para que la sociedad argentina -o un sector de ella, al menos- comprendiera finalmente la tragedia que caus\u00f3 la eterna persecuci\u00f3n a los homosexuales. Como consecuencia de todo ese movimiento, hace poco m\u00e1s de una d\u00e9cada se produjo un hecho hist\u00f3rico que distingui\u00f3 a nuestro pa\u00eds: se aprob\u00f3 la ley de matrimonio igualitario.<\/h3>\n<h3>En estos \u00faltimos d\u00edas, ese tema -la discriminaci\u00f3n contra la comunidad LGBT- volvi\u00f3 a ocupar el centro del debate p\u00fablico, cuando se conocieron declaraciones de Franco Rinaldi, el primer candidato a legislador porte\u00f1o por el macrismo. Rinaldi se refer\u00eda a un periodista muy conocido con la expresi\u00f3n \u201csabemos hace 20 a\u00f1os que te arde la cola\u201d. Al conocerse ese audio, el primero en reaccionar fue Luis Novaresio. El talentoso periodista explic\u00f3 una de las consecuencias de ese tipo de exabruptos: \u201cHay chicos que se suicidan cuando reciben ese desprecio\u201d. La relevancia del problema fue explicada tambi\u00e9n hace algunos a\u00f1os, por el periodista Bruno Bimbi en su libro El fin del Armario: \u201cEl bullying homo\u0301fobo empieza antes de que podamos entenderlo (\u2026) La primera vez que escuchamos un insulto homo\u0301fobo, no sabi\u0301amos que e\u0301ramos gays, ni que\u0301 era ser gay, pero comenzamos a intuir que, si fue\u0301ramos eso, la pasari\u0301amos mal\u201d.<\/h3>\n<h3>Con el correr de los d\u00edas, se conocer\u00eda que, adem\u00e1s, Rinaldi se hab\u00eda burlado del movimiento Black Lives Matter (las vidas negras importan), llam\u00e1ndolo Black Lies Matter (las mentiras negras importan), hab\u00eda dejado caer una expresi\u00f3n antisemita al llamar \u201cSinagoga 12\u2033 al diario P\u00e1gina 12 y comentarios agraviantes contra mujeres que denuncian abusos y habitantes de villas miserias.<\/h3>\n<h3>Hab\u00eda ofendido a los tres ni\u00f1os -el jud\u00edo, el negro, el gay- y a muchos otros ni\u00f1os.<\/h3>\n<h3>La Argentina tiene, por suerte, una larga tradici\u00f3n respecto de la discusi\u00f3n libre, y muchas veces demasiado agresiva, acerca de candidatos, de pol\u00edticos y de otras figuras p\u00fablicas, como periodistas: todos lo hemos vivido y, en muchos casos, sufrido. Son las reglas de la libertad. En el 2013 la prensa debati\u00f3 durante largos meses acerca de un abuso de autoridad que hab\u00eda protagonizado Juan Cabandi\u00e9 al ser multado por una agente de polic\u00eda. Cabandi\u00e9 era, por entonces, el primer candidato a diputado nacional del peronismo en CABA. En el 2019, hubo una larga discusi\u00f3n acerca de una serie de tuits muy agresivos que hab\u00eda escrito Alberto Fern\u00e1ndez. Fernando Niembro fue desplazado de una lista de diputados en 2015 luego de la denuncia de un hecho de corrupci\u00f3n que luego no recibi\u00f3 sentencia judicial. A otros candidatos \u2013Francisco de Narvaez, Anibal Fern\u00e1ndez- los acusaron de narcos. El ejercicio de la libertad, muchas veces es cruel e injusto. Pero es mucho mejor que el silencio y la censura.<\/h3>\n<h3>Dados esos antecedentes \u2013la habitual discusi\u00f3n sobre el perfil de nuestros dirigentes y los avances de la sociedad en el rechazo al racismo o la homofobia- era esperable que las opiniones hirientes de Rinaldi generaran un fuerte debate. Cuando esas cosas ocurren, a quienes conducen una campa\u00f1a electoral se les presenta un dilema. Si se sacan de encima al candidato problem\u00e1tico, admiten su error y ofrecen un flanco. Si lo mantienen, se arriesgan a que toda la campa\u00f1a gire alrededor de ese flanco. En este caso, luego de una semana de dudas, todo termin\u00f3 de la peor manera para Rinaldi: renunci\u00f3 -o lo hicieron renunciar- a su candidatura.<\/h3>\n<h3>Pero, adem\u00e1s de todo eso, ocurri\u00f3 algo novedoso. La difusi\u00f3n de los exabruptos de Rinaldi provoc\u00f3 una respuesta de gente que no intentaba solo defenderlo a \u00e9l, sino fundamentalmente agraviar a quienes se atrevieran a decir que la homofobia, el antisemitismo y el racismo estaban mal: semejante obviedad. As\u00ed, a lo largo de los d\u00edas, muchas personas fueron acusadas de pacatas, cazadoras de brujas, canceladoras (?), traidoras, miembros del Tribunal de la Inquisici\u00f3n. Y, tambi\u00e9n, de putos, putas, cornudos, cornudas, terroristas, ensobrados, zurdas, aborteras.<\/h3>\n<h3>El mecanismo funcion\u00f3 de la siguiente manera. En general, una figura p\u00fablica del macrismo \u2013un diputado, una diputada, un periodista, una periodista- se\u00f1alaba al transgresor y lo acusaba de algo m\u00e1s bien liviano: de complicidad con el kirchnerismo o de formar parte de una \u201cpatota canceladora\u201d o de no haber sido igual de duro con situaciones similares cuando afectaban al peronismo. Inmediatamente, sus seguidores -debajo de ese tuit- arrancaban con agresiones mucho peores. Luego, las agresiones se dirig\u00edan directamente a los blancos elegidos.<\/h3>\n<h3>A Marina Calabr\u00f3 le publicaban fotos sexis acompa\u00f1adas de bajezas, o la acusaban por cosas que hab\u00eda hecho un ex cu\u00f1ado. A Luis Novaresio le difund\u00edan un video donde se besaba con su pareja: para defender la homofobia reproduc\u00edan la homofobia. A Alfredo Leuco lo acusaban de terrorista (?). Agresiones similares recibieron otras figuras como la periodista Debora Plager o la actriz Carla Peterson. Mientras eso ocurr\u00eda, las figuras del macrismo que hab\u00edan empujado la bola de nieve dejaban correr los insultos y volv\u00edan a atacar con las acusaciones de doble est\u00e1ndar o de persecuci\u00f3n. Si entre esas figuras queda alguien con sensibilidad, deber\u00edan pensar qu\u00e9 los hizo tan parecidos a aquellos panelistas de 678, o si su pelea contra los lugares comunes del progresismo no los ha llevado a cualquier parte.<\/h3>\n<h3>De todos modos, m\u00e1s all\u00e1 de la opini\u00f3n que cada cual tenga sobre este episodio, lo cierto es que refleja la aparici\u00f3n en la Argentina de un fen\u00f3meno pol\u00edtico que reproduce lo que ocurre en otras democracias del mundo. Hasta hace poco tiempo, nadie se hubiera atrevido a atacar a otra persona porque dice que le parece mal la homofobia o el antisemitismo. De repente, la l\u00ednea se corre y lo que era impensable empieza a ser naturalizado. Donald Trump y Jair Bolsonaro \u2013personajes que Rinaldi ha defendido sostenidamente en sus redes sociales- jugaron un rol protag\u00f3nico en este proceso, al naturalizar el racismo, o la misoginia.<\/h3>\n<h3>Ese corrimiento ha empezado a producir heridas profundas dentro del macrismo, porque descoloca a algunos de sus dirigentes que se acercaron antes del 2015, cuando Mauricio Macri, por ejemplo, fue de los primeros dirigentes que aval\u00f3 la uni\u00f3n civil entre personas del mismo sexo. Algunos de los que siguen apegados a la idea de que la centro derecha debe ser liberal reaccionaron; otros, viven la procesi\u00f3n en silencio y se empiezan a preguntar si est\u00e1n donde deben estar. Los pronunciamientos de Silvia Lospenatto y Mar\u00eda Migliore fueron respondidos, otra vez, con un insulto que empieza a ser com\u00fan dentro del PRO: traidoras.<\/h3>\n<h3>El otro s\u00edntoma de deterioro, en esta saga, es el amateurismo pol\u00edtico. Los dirigentes que eligieron a Rinaldi: \u00bfsab\u00edan qui\u00e9n era o no? Algunas personas sostienen que s\u00ed, y que su designaci\u00f3n va en l\u00ednea con otros gestos de coqueteo con posiciones de una derecha radical: las campa\u00f1as contra extranjeros, la negativa a condenar el atentado contra Cristina Kirchner, la resistencia a reconocer el triunfo de Lula en Brasil o a repudiar la toma del Planalto, el rechazo a las medidas preventivas contra el Covid, los v\u00ednculos abiertos de algunos dirigentes \u2013como Cristian Ritondo y Joaqu\u00edn de la Torre- con el bolsonarismo. Si no sab\u00edan qui\u00e9n era Rinaldi, peor a\u00fan: solo alguien muy torpe podr\u00eda colocar en un lugar tan visible a un candidato de quien desconoc\u00eda cosas tan elementales. Por estas razones, muchos dirigentes empiezan a decir que extra\u00f1an a Marcos Pe\u00f1a.<\/h3>\n<h3>Mientras tanto, los roces dentro del PRO, se est\u00e1n volviendo muy intensos y personales, algo que antes no ocurr\u00eda, al menos en p\u00fablico. Un ejemplo muy elocuente es el episodio que protagoniz\u00f3 esta semana con el ex diputado Waldo Wolff. Luego de ese aviso proselitista donde Patricia Bullrich sosten\u00eda que el pr\u00f3ximo gobierno deb\u00eda ganar la calle porque \u201csi no es todo, es nada\u201d, Wolff declar\u00f3 en un reportaje con Jorge Fontevecchia:<\/h3>\n<h3>\u201cHay un sector nuestro que dice que esto se arregla f\u00e1cil, la gente a la calle y es a todo nada. Se parece al kirchnerismo, porque denosta al que piensa distinto. Todo o nada es que si no pens\u00e1s como yo no sos nada. En la Argentina hay una cultura fachista, de pensamiento \u00fanico. El sector nuestro m\u00e1s duro est\u00e1 buscando al macho alfa, el que va a cambiar todo y con tal de hacerlo le pisa la cabeza a los otros. Hoy la sociedad pide sangre. Otras veces la pidi\u00f3 y no nos sali\u00f3 bien\u201d.<\/h3>\n<h3>Luego de esas declaraciones, distintos dirigentes del bullrichismo -Laura Alonso, Silvina Giudici, entre otros- lo cuestionaron. \u201cNo te piden tanto\u201d, \u201cno entendiste el spot\u201d.<\/h3>\n<h3>Wolf, entonces, grab\u00f3 un mensaje: \u201cYo dije que todo o nada es pensamiento \u00fanico, al que no piensa como yo lo trato de narco, lo trato de asesinos y amenazo con que voy a romper el espacio. Ciertos referentes me salieron a criticar diciendo que interpret\u00f3 mal el spot. Esto me dijo Laura Alonso, a quien le tengo el mayor de los respetos. Laura, yo interpreto las cosas como las interpreto yo. Si no, es todo o nada: las tengo que interpretar como las interpreta otro. Silvana Guidici, me preguntaste si me piden tanto: nadie me pide nada. Tengo libre albedr\u00edo y estoy donde estuve siempre, en el mismo partido, haci\u00e9ndole 23 denuncias penales al kirchnerismo y banc\u00e1ndome cinco. No vale todo o nada. Los que tenemos diferencias podemos estar adentro sin ser considerados traidores ni narcos\u201d.<\/h3>\n<h3>Se dicen esas cosas: traidores, narcos, kirchneristas, fachistas.<\/h3>\n<h3>Otro de los dirigentes macristas preocupados por lo que est\u00e1 pasando es el ex ministro de Cultura, Pablo Avelluto, quien escribi\u00f3 lo siguiente:<\/h3>\n<h3>\u201cDel fanatismo a la barbarie hay un solo paso, escribi\u00f3 Diderot. Los tiempos actuales son proclives a que muchas personas se sientan tentadas a dar ese paso. No soy qui\u00e9n para dar consejos. Pero es bueno cada tanto parar y pensar en lugar de jugar a apagar los incendios con nafta\u201d.<\/h3>\n<h3>-\u00bfPor qui\u00e9n lo dec\u00eds?\u2014le pregunt\u00f3 un tuitero an\u00f3nimo.<\/h3>\n<h3>\u201cPor algunos amigos a los que noto c\u00f3modamente instalados en el espacio del fanatismo y que han perdido la capacidad de mirar las cosas con algo de perspectiva. Yo he pasado por esos momentos y, si aprend\u00ed algo, es que no sirven para nada\u201d.<\/h3>\n<h3>Esas son apenas algunas postales entre decenas que se reproducen en estos d\u00edas tan agitados.<\/h3>\n<h3>Una de las tantas frases c\u00e9lebres atribuidas a Juan Domingo Per\u00f3n dec\u00eda: \u201cLos peronistas somos como los gatos. Cuando nos escuchan gritar, los de afuera creen que no estamos matando. Pero, en realidad, nos estamos reproduciendo\u201d.<\/h3>\n<h3>Eso era parcialmente cierto: muchas veces los gatos -en este caso, los peronistas- se han lastimado en serio.<\/h3>\n<h3>El tiempo dir\u00e1 cu\u00e1l es el caso en el macrismo.<\/h3>\n<h3>Por lo pronto, aquellos ni\u00f1os \u2013el gay, el jud\u00edo, el negro y todos los dem\u00e1s- tienen un motivo de preocupaci\u00f3n. En la Argentina ha aparecido alguna gente que defiende a quienes los humillan.<\/h3>\n<h3>La estupidez del mundo no ha sido derrotada..<\/h3>\n<h4><strong><em>* Columnista. (publicado en Infobae)<\/em><\/strong><\/h4>\n","protected":false},"excerpt":{"rendered":"<p>Hasta hace poco tiempo, nadie se hubiera atrevido a atacar a otra persona porque dice&#8230;<\/p>\n","protected":false},"author":1,"featured_media":99,"comment_status":"closed","ping_status":"closed","sticky":false,"template":"","format":"standard","meta":{"footnotes":""},"categories":[9],"tags":[],"class_list":["post-98","post","type-post","status-publish","format-standard","has-post-thumbnail","hentry","category-opinion"],"yoast_head":"<!-- This site is optimized with the Yoast SEO plugin v26.1.1 - https:\/\/yoast.com\/wordpress\/plugins\/seo\/ -->\n<title>LA INQUIETANTE METAMORFOSIS MACRISTA - Apuntes de San Luis<\/title>\n<meta name=\"robots\" content=\"index, follow, max-snippet:-1, max-image-preview:large, max-video-preview:-1\" \/>\n<link rel=\"canonical\" href=\"https:\/\/apuntesdesanluis.com\/index.php\/2023\/07\/16\/la-inquietante-metamorfosis-macrista\/\" \/>\n<meta property=\"og:locale\" content=\"es_ES\" \/>\n<meta property=\"og:type\" content=\"article\" \/>\n<meta property=\"og:title\" content=\"LA INQUIETANTE METAMORFOSIS MACRISTA - Apuntes de San Luis\" \/>\n<meta property=\"og:description\" content=\"Hasta hace poco tiempo, nadie se hubiera atrevido a atacar a otra persona porque dice...\" \/>\n<meta property=\"og:url\" content=\"https:\/\/apuntesdesanluis.com\/index.php\/2023\/07\/16\/la-inquietante-metamorfosis-macrista\/\" \/>\n<meta property=\"og:site_name\" content=\"Apuntes de San Luis\" \/>\n<meta property=\"article:published_time\" content=\"2023-07-16T13:44:21+00:00\" \/>\n<meta property=\"article:modified_time\" content=\"2023-07-17T03:43:54+00:00\" \/>\n<meta property=\"og:image\" content=\"https:\/\/apuntesdesanluis.com\/wp-content\/uploads\/2023\/07\/franco-rinaldi-1-g20230628-1597832.jpg\" \/>\n\t<meta property=\"og:image:width\" content=\"900\" \/>\n\t<meta property=\"og:image:height\" content=\"505\" \/>\n\t<meta property=\"og:image:type\" content=\"image\/jpeg\" \/>\n<meta name=\"author\" content=\"apuntesdesanluis.com\" \/>\n<meta name=\"twitter:card\" content=\"summary_large_image\" \/>\n<meta name=\"twitter:label1\" content=\"Escrito por\" \/>\n\t<meta name=\"twitter:data1\" content=\"apuntesdesanluis.com\" \/>\n\t<meta name=\"twitter:label2\" content=\"Tiempo de lectura\" \/>\n\t<meta name=\"twitter:data2\" content=\"11 minutos\" \/>\n<script type=\"application\/ld+json\" class=\"yoast-schema-graph\">{\"@context\":\"https:\/\/schema.org\",\"@graph\":[{\"@type\":\"Article\",\"@id\":\"https:\/\/apuntesdesanluis.com\/index.php\/2023\/07\/16\/la-inquietante-metamorfosis-macrista\/#article\",\"isPartOf\":{\"@id\":\"https:\/\/apuntesdesanluis.com\/index.php\/2023\/07\/16\/la-inquietante-metamorfosis-macrista\/\"},\"author\":{\"name\":\"apuntesdesanluis.com\",\"@id\":\"https:\/\/apuntesdesanluis.com\/#\/schema\/person\/b55151d52296fcce64d1a72538a70b90\"},\"headline\":\"LA INQUIETANTE METAMORFOSIS MACRISTA\",\"datePublished\":\"2023-07-16T13:44:21+00:00\",\"dateModified\":\"2023-07-17T03:43:54+00:00\",\"mainEntityOfPage\":{\"@id\":\"https:\/\/apuntesdesanluis.com\/index.php\/2023\/07\/16\/la-inquietante-metamorfosis-macrista\/\"},\"wordCount\":2133,\"publisher\":{\"@id\":\"https:\/\/apuntesdesanluis.com\/#\/schema\/person\/b55151d52296fcce64d1a72538a70b90\"},\"image\":{\"@id\":\"https:\/\/apuntesdesanluis.com\/index.php\/2023\/07\/16\/la-inquietante-metamorfosis-macrista\/#primaryimage\"},\"thumbnailUrl\":\"https:\/\/apuntesdesanluis.com\/wp-content\/uploads\/2023\/07\/franco-rinaldi-1-g20230628-1597832.jpg\",\"articleSection\":[\"Opini\u00f3n\"],\"inLanguage\":\"es-AR\"},{\"@type\":\"WebPage\",\"@id\":\"https:\/\/apuntesdesanluis.com\/index.php\/2023\/07\/16\/la-inquietante-metamorfosis-macrista\/\",\"url\":\"https:\/\/apuntesdesanluis.com\/index.php\/2023\/07\/16\/la-inquietante-metamorfosis-macrista\/\",\"name\":\"LA INQUIETANTE METAMORFOSIS MACRISTA - Apuntes de San Luis\",\"isPartOf\":{\"@id\":\"https:\/\/apuntesdesanluis.com\/#website\"},\"primaryImageOfPage\":{\"@id\":\"https:\/\/apuntesdesanluis.com\/index.php\/2023\/07\/16\/la-inquietante-metamorfosis-macrista\/#primaryimage\"},\"image\":{\"@id\":\"https:\/\/apuntesdesanluis.com\/index.php\/2023\/07\/16\/la-inquietante-metamorfosis-macrista\/#primaryimage\"},\"thumbnailUrl\":\"https:\/\/apuntesdesanluis.com\/wp-content\/uploads\/2023\/07\/franco-rinaldi-1-g20230628-1597832.jpg\",\"datePublished\":\"2023-07-16T13:44:21+00:00\",\"dateModified\":\"2023-07-17T03:43:54+00:00\",\"breadcrumb\":{\"@id\":\"https:\/\/apuntesdesanluis.com\/index.php\/2023\/07\/16\/la-inquietante-metamorfosis-macrista\/#breadcrumb\"},\"inLanguage\":\"es-AR\",\"potentialAction\":[{\"@type\":\"ReadAction\",\"target\":[\"https:\/\/apuntesdesanluis.com\/index.php\/2023\/07\/16\/la-inquietante-metamorfosis-macrista\/\"]}]},{\"@type\":\"ImageObject\",\"inLanguage\":\"es-AR\",\"@id\":\"https:\/\/apuntesdesanluis.com\/index.php\/2023\/07\/16\/la-inquietante-metamorfosis-macrista\/#primaryimage\",\"url\":\"https:\/\/apuntesdesanluis.com\/wp-content\/uploads\/2023\/07\/franco-rinaldi-1-g20230628-1597832.jpg\",\"contentUrl\":\"https:\/\/apuntesdesanluis.com\/wp-content\/uploads\/2023\/07\/franco-rinaldi-1-g20230628-1597832.jpg\",\"width\":900,\"height\":505},{\"@type\":\"BreadcrumbList\",\"@id\":\"https:\/\/apuntesdesanluis.com\/index.php\/2023\/07\/16\/la-inquietante-metamorfosis-macrista\/#breadcrumb\",\"itemListElement\":[{\"@type\":\"ListItem\",\"position\":1,\"name\":\"Inicio\",\"item\":\"https:\/\/apuntesdesanluis.com\/\"},{\"@type\":\"ListItem\",\"position\":2,\"name\":\"LA INQUIETANTE METAMORFOSIS MACRISTA\"}]},{\"@type\":\"WebSite\",\"@id\":\"https:\/\/apuntesdesanluis.com\/#website\",\"url\":\"https:\/\/apuntesdesanluis.com\/\",\"name\":\"Apuntes de San Luis\",\"description\":\"\",\"publisher\":{\"@id\":\"https:\/\/apuntesdesanluis.com\/#\/schema\/person\/b55151d52296fcce64d1a72538a70b90\"},\"potentialAction\":[{\"@type\":\"SearchAction\",\"target\":{\"@type\":\"EntryPoint\",\"urlTemplate\":\"https:\/\/apuntesdesanluis.com\/?s={search_term_string}\"},\"query-input\":{\"@type\":\"PropertyValueSpecification\",\"valueRequired\":true,\"valueName\":\"search_term_string\"}}],\"inLanguage\":\"es-AR\"},{\"@type\":[\"Person\",\"Organization\"],\"@id\":\"https:\/\/apuntesdesanluis.com\/#\/schema\/person\/b55151d52296fcce64d1a72538a70b90\",\"name\":\"apuntesdesanluis.com\",\"image\":{\"@type\":\"ImageObject\",\"inLanguage\":\"es-AR\",\"@id\":\"https:\/\/apuntesdesanluis.com\/#\/schema\/person\/image\/\",\"url\":\"https:\/\/apuntesdesanluis.com\/wp-content\/uploads\/2023\/07\/cropped-apuntesdesanluis.png\",\"contentUrl\":\"https:\/\/apuntesdesanluis.com\/wp-content\/uploads\/2023\/07\/cropped-apuntesdesanluis.png\",\"width\":450,\"height\":112,\"caption\":\"apuntesdesanluis.com\"},\"logo\":{\"@id\":\"https:\/\/apuntesdesanluis.com\/#\/schema\/person\/image\/\"},\"sameAs\":[\"https:\/\/apuntesdesanluis.com\"],\"url\":\"https:\/\/apuntesdesanluis.com\/index.php\/author\/apuntesdesanluis-com\/\"}]}<\/script>\n<!-- \/ Yoast SEO plugin. -->","yoast_head_json":{"title":"LA INQUIETANTE METAMORFOSIS MACRISTA - Apuntes de San Luis","robots":{"index":"index","follow":"follow","max-snippet":"max-snippet:-1","max-image-preview":"max-image-preview:large","max-video-preview":"max-video-preview:-1"},"canonical":"https:\/\/apuntesdesanluis.com\/index.php\/2023\/07\/16\/la-inquietante-metamorfosis-macrista\/","og_locale":"es_ES","og_type":"article","og_title":"LA INQUIETANTE METAMORFOSIS MACRISTA - Apuntes de San Luis","og_description":"Hasta hace poco tiempo, nadie se hubiera atrevido a atacar a otra persona porque dice...","og_url":"https:\/\/apuntesdesanluis.com\/index.php\/2023\/07\/16\/la-inquietante-metamorfosis-macrista\/","og_site_name":"Apuntes de San Luis","article_published_time":"2023-07-16T13:44:21+00:00","article_modified_time":"2023-07-17T03:43:54+00:00","og_image":[{"width":900,"height":505,"url":"https:\/\/apuntesdesanluis.com\/wp-content\/uploads\/2023\/07\/franco-rinaldi-1-g20230628-1597832.jpg","type":"image\/jpeg"}],"author":"apuntesdesanluis.com","twitter_card":"summary_large_image","twitter_misc":{"Escrito por":"apuntesdesanluis.com","Tiempo de lectura":"11 minutos"},"schema":{"@context":"https:\/\/schema.org","@graph":[{"@type":"Article","@id":"https:\/\/apuntesdesanluis.com\/index.php\/2023\/07\/16\/la-inquietante-metamorfosis-macrista\/#article","isPartOf":{"@id":"https:\/\/apuntesdesanluis.com\/index.php\/2023\/07\/16\/la-inquietante-metamorfosis-macrista\/"},"author":{"name":"apuntesdesanluis.com","@id":"https:\/\/apuntesdesanluis.com\/#\/schema\/person\/b55151d52296fcce64d1a72538a70b90"},"headline":"LA INQUIETANTE METAMORFOSIS MACRISTA","datePublished":"2023-07-16T13:44:21+00:00","dateModified":"2023-07-17T03:43:54+00:00","mainEntityOfPage":{"@id":"https:\/\/apuntesdesanluis.com\/index.php\/2023\/07\/16\/la-inquietante-metamorfosis-macrista\/"},"wordCount":2133,"publisher":{"@id":"https:\/\/apuntesdesanluis.com\/#\/schema\/person\/b55151d52296fcce64d1a72538a70b90"},"image":{"@id":"https:\/\/apuntesdesanluis.com\/index.php\/2023\/07\/16\/la-inquietante-metamorfosis-macrista\/#primaryimage"},"thumbnailUrl":"https:\/\/apuntesdesanluis.com\/wp-content\/uploads\/2023\/07\/franco-rinaldi-1-g20230628-1597832.jpg","articleSection":["Opini\u00f3n"],"inLanguage":"es-AR"},{"@type":"WebPage","@id":"https:\/\/apuntesdesanluis.com\/index.php\/2023\/07\/16\/la-inquietante-metamorfosis-macrista\/","url":"https:\/\/apuntesdesanluis.com\/index.php\/2023\/07\/16\/la-inquietante-metamorfosis-macrista\/","name":"LA INQUIETANTE METAMORFOSIS MACRISTA - Apuntes de San Luis","isPartOf":{"@id":"https:\/\/apuntesdesanluis.com\/#website"},"primaryImageOfPage":{"@id":"https:\/\/apuntesdesanluis.com\/index.php\/2023\/07\/16\/la-inquietante-metamorfosis-macrista\/#primaryimage"},"image":{"@id":"https:\/\/apuntesdesanluis.com\/index.php\/2023\/07\/16\/la-inquietante-metamorfosis-macrista\/#primaryimage"},"thumbnailUrl":"https:\/\/apuntesdesanluis.com\/wp-content\/uploads\/2023\/07\/franco-rinaldi-1-g20230628-1597832.jpg","datePublished":"2023-07-16T13:44:21+00:00","dateModified":"2023-07-17T03:43:54+00:00","breadcrumb":{"@id":"https:\/\/apuntesdesanluis.com\/index.php\/2023\/07\/16\/la-inquietante-metamorfosis-macrista\/#breadcrumb"},"inLanguage":"es-AR","potentialAction":[{"@type":"ReadAction","target":["https:\/\/apuntesdesanluis.com\/index.php\/2023\/07\/16\/la-inquietante-metamorfosis-macrista\/"]}]},{"@type":"ImageObject","inLanguage":"es-AR","@id":"https:\/\/apuntesdesanluis.com\/index.php\/2023\/07\/16\/la-inquietante-metamorfosis-macrista\/#primaryimage","url":"https:\/\/apuntesdesanluis.com\/wp-content\/uploads\/2023\/07\/franco-rinaldi-1-g20230628-1597832.jpg","contentUrl":"https:\/\/apuntesdesanluis.com\/wp-content\/uploads\/2023\/07\/franco-rinaldi-1-g20230628-1597832.jpg","width":900,"height":505},{"@type":"BreadcrumbList","@id":"https:\/\/apuntesdesanluis.com\/index.php\/2023\/07\/16\/la-inquietante-metamorfosis-macrista\/#breadcrumb","itemListElement":[{"@type":"ListItem","position":1,"name":"Inicio","item":"https:\/\/apuntesdesanluis.com\/"},{"@type":"ListItem","position":2,"name":"LA INQUIETANTE METAMORFOSIS MACRISTA"}]},{"@type":"WebSite","@id":"https:\/\/apuntesdesanluis.com\/#website","url":"https:\/\/apuntesdesanluis.com\/","name":"Apuntes de San Luis","description":"","publisher":{"@id":"https:\/\/apuntesdesanluis.com\/#\/schema\/person\/b55151d52296fcce64d1a72538a70b90"},"potentialAction":[{"@type":"SearchAction","target":{"@type":"EntryPoint","urlTemplate":"https:\/\/apuntesdesanluis.com\/?s={search_term_string}"},"query-input":{"@type":"PropertyValueSpecification","valueRequired":true,"valueName":"search_term_string"}}],"inLanguage":"es-AR"},{"@type":["Person","Organization"],"@id":"https:\/\/apuntesdesanluis.com\/#\/schema\/person\/b55151d52296fcce64d1a72538a70b90","name":"apuntesdesanluis.com","image":{"@type":"ImageObject","inLanguage":"es-AR","@id":"https:\/\/apuntesdesanluis.com\/#\/schema\/person\/image\/","url":"https:\/\/apuntesdesanluis.com\/wp-content\/uploads\/2023\/07\/cropped-apuntesdesanluis.png","contentUrl":"https:\/\/apuntesdesanluis.com\/wp-content\/uploads\/2023\/07\/cropped-apuntesdesanluis.png","width":450,"height":112,"caption":"apuntesdesanluis.com"},"logo":{"@id":"https:\/\/apuntesdesanluis.com\/#\/schema\/person\/image\/"},"sameAs":["https:\/\/apuntesdesanluis.com"],"url":"https:\/\/apuntesdesanluis.com\/index.php\/author\/apuntesdesanluis-com\/"}]}},"featured_image_urls":{"full":["https:\/\/apuntesdesanluis.com\/wp-content\/uploads\/2023\/07\/franco-rinaldi-1-g20230628-1597832.jpg",900,505,false],"thumbnail":["https:\/\/apuntesdesanluis.com\/wp-content\/uploads\/2023\/07\/franco-rinaldi-1-g20230628-1597832-150x150.jpg",150,150,true],"medium":["https:\/\/apuntesdesanluis.com\/wp-content\/uploads\/2023\/07\/franco-rinaldi-1-g20230628-1597832-300x168.jpg",300,168,true],"medium_large":["https:\/\/apuntesdesanluis.com\/wp-content\/uploads\/2023\/07\/franco-rinaldi-1-g20230628-1597832-768x431.jpg",640,359,true],"large":["https:\/\/apuntesdesanluis.com\/wp-content\/uploads\/2023\/07\/franco-rinaldi-1-g20230628-1597832.jpg",640,359,false],"1536x1536":["https:\/\/apuntesdesanluis.com\/wp-content\/uploads\/2023\/07\/franco-rinaldi-1-g20230628-1597832.jpg",900,505,false],"2048x2048":["https:\/\/apuntesdesanluis.com\/wp-content\/uploads\/2023\/07\/franco-rinaldi-1-g20230628-1597832.jpg",900,505,false],"newsever-slider-full":["https:\/\/apuntesdesanluis.com\/wp-content\/uploads\/2023\/07\/franco-rinaldi-1-g20230628-1597832.jpg",900,505,false],"newsever-featured":["https:\/\/apuntesdesanluis.com\/wp-content\/uploads\/2023\/07\/franco-rinaldi-1-g20230628-1597832.jpg",900,505,false],"newsever-medium":["https:\/\/apuntesdesanluis.com\/wp-content\/uploads\/2023\/07\/franco-rinaldi-1-g20230628-1597832-720x475.jpg",720,475,true]},"author_info":{"display_name":"apuntesdesanluis.com","author_link":"https:\/\/apuntesdesanluis.com\/index.php\/author\/apuntesdesanluis-com\/"},"category_info":"<a href=\"https:\/\/apuntesdesanluis.com\/index.php\/category\/opinion\/\" rel=\"category tag\">Opini\u00f3n<\/a>","tag_info":"Opini\u00f3n","comment_count":"0","_links":{"self":[{"href":"https:\/\/apuntesdesanluis.com\/index.php\/wp-json\/wp\/v2\/posts\/98","targetHints":{"allow":["GET"]}}],"collection":[{"href":"https:\/\/apuntesdesanluis.com\/index.php\/wp-json\/wp\/v2\/posts"}],"about":[{"href":"https:\/\/apuntesdesanluis.com\/index.php\/wp-json\/wp\/v2\/types\/post"}],"author":[{"embeddable":true,"href":"https:\/\/apuntesdesanluis.com\/index.php\/wp-json\/wp\/v2\/users\/1"}],"replies":[{"embeddable":true,"href":"https:\/\/apuntesdesanluis.com\/index.php\/wp-json\/wp\/v2\/comments?post=98"}],"version-history":[{"count":0,"href":"https:\/\/apuntesdesanluis.com\/index.php\/wp-json\/wp\/v2\/posts\/98\/revisions"}],"wp:featuredmedia":[{"embeddable":true,"href":"https:\/\/apuntesdesanluis.com\/index.php\/wp-json\/wp\/v2\/media\/99"}],"wp:attachment":[{"href":"https:\/\/apuntesdesanluis.com\/index.php\/wp-json\/wp\/v2\/media?parent=98"}],"wp:term":[{"taxonomy":"category","embeddable":true,"href":"https:\/\/apuntesdesanluis.com\/index.php\/wp-json\/wp\/v2\/categories?post=98"},{"taxonomy":"post_tag","embeddable":true,"href":"https:\/\/apuntesdesanluis.com\/index.php\/wp-json\/wp\/v2\/tags?post=98"}],"curies":[{"name":"wp","href":"https:\/\/api.w.org\/{rel}","templated":true}]}}