{"id":980,"date":"2023-08-03T21:15:52","date_gmt":"2023-08-04T00:15:52","guid":{"rendered":"https:\/\/apuntesdesanluis.com\/?p=980"},"modified":"2023-08-03T21:15:52","modified_gmt":"2023-08-04T00:15:52","slug":"bullrich-minimizo-el-apoyo-publico-de-manes-y-vidal-a-rodriguez-larreta-son-dos-votos","status":"publish","type":"post","link":"https:\/\/apuntesdesanluis.com\/index.php\/2023\/08\/03\/bullrich-minimizo-el-apoyo-publico-de-manes-y-vidal-a-rodriguez-larreta-son-dos-votos\/","title":{"rendered":"BULLRICH MINIMIZ\u00d3 EL APOYO P\u00daBLICO DE MANES Y VIDAL A RODR\u00cdGUEZ LARRETA: &#8220;SON DOS VOTOS&#8221;"},"content":{"rendered":"<h3>La precandidata presidencial de Juntos por el Cambio <strong>Patricia Bullrich<\/strong> minimiz\u00f3 los pronunciamientos de <strong>Facundo Manes<\/strong> y <strong>Mar\u00eda Eugenia Vidal<\/strong> en favor de su competidor en la interna nacional, Horacio Rodr\u00edguez Larreta, al asegurar que son solo &#8220;dos votos&#8221;.<\/h3>\n<h3>En conferencia de prensa, Bullrich fue consultada sobre si se sinti\u00f3 &#8220;traicionada&#8221; por la acci\u00f3n de Manes y Vidal y respondi\u00f3: &#8220;No, son dos votos, nuestra decisi\u00f3n es estar con la gente y vamos a ganar por m\u00e1s de dos votos, estamos tranquilos&#8221;.<\/h3>\n<h3>Lo hizo durante una recorrida de campa\u00f1a en Olavarr\u00eda, provincia de Buenos Aires. Estuvo acompa\u00f1ada por N\u00e9stor Grindetti, su precandidato a Gobernaci\u00f3n, y el l\u00edder del radicalismo bonaerense, Maximiliano Abad.<\/h3>\n<h3>Tras el anuncio de Vidal, la interna volvi\u00f3 a recalentarse por la intervenci\u00f3n del ex presidente Mauricio Macri, l\u00edder del PRO, que asegur\u00f3 que la ex gobernadora &#8220;ha desdibujado su perfil&#8221;, al cuestionar su decisi\u00f3n de respaldar a Rodr\u00edguez Larreta.<\/h3>\n<h3>&#8220;Eso es lo que le duele a la gente que est\u00e1 con ella, que se hab\u00eda comprometido con Patricia y con (Cristian) Ritondo a la cabeza como uno de los l\u00edderes m\u00e1s importantes que ella ten\u00eda dentro de su grupo&#8221;, profundiz\u00f3 Macri.<\/h3>\n<h3>Horas despu\u00e9s de que sus dichos se difundieran, Macri sali\u00f3 a aclarar que no se trataba de una cr\u00edtica y agreg\u00f3: &#8220;Mi posici\u00f3n hist\u00f3ricamente siempre fue la misma, cada uno es due\u00f1o de sus decisiones y estas no deben ser cuestionadas. De esa libertad surge tambi\u00e9n la responsabilidad individual&#8221;.<\/h3>\n<h3>La inc\u00f3gnita ahora pasa por qu\u00e9 har\u00e1 Macri en los pr\u00f3ximos d\u00edas, si mantendr\u00e1 el silencio sobre sus preferencias o si saldr\u00e1 a respaldar a quien se cree que es su favorita, la ex ministra de Seguridad.<\/h3>\n<h3>Vidal se manifest\u00f3 de esta forma luego de mantener un bajo perfil durante las \u00faltimas semanas, tras bajarse de su precandidatura presidencial y ceder un alfil de su equipo, como Ritondo, a Bullrich antes del cierre de listas.<\/h3>\n<p>&nbsp;<\/p>\n","protected":false},"excerpt":{"rendered":"<p>La precandidata presidencial de Juntos por el Cambio Patricia Bullrich minimiz\u00f3 los pronunciamientos de Facundo&#8230;<\/p>\n","protected":false},"author":1,"featured_media":1008,"comment_status":"closed","ping_status":"closed","sticky":false,"template":"","format":"standard","meta":{"footnotes":""},"categories":[5],"tags":[],"class_list":["post-980","post","type-post","status-publish","format-standard","has-post-thumbnail","hentry","category-nacionales-internacionales"],"yoast_head":"<!-- This site is optimized with the Yoast SEO plugin v26.1.1 - https:\/\/yoast.com\/wordpress\/plugins\/seo\/ -->\n<title>BULLRICH MINIMIZ\u00d3 EL APOYO P\u00daBLICO DE MANES Y VIDAL A RODR\u00cdGUEZ LARRETA: &quot;SON DOS VOTOS&quot; - Apuntes de San Luis<\/title>\n<meta name=\"robots\" content=\"index, follow, max-snippet:-1, max-image-preview:large, max-video-preview:-1\" \/>\n<link rel=\"canonical\" href=\"https:\/\/apuntesdesanluis.com\/index.php\/2023\/08\/03\/bullrich-minimizo-el-apoyo-publico-de-manes-y-vidal-a-rodriguez-larreta-son-dos-votos\/\" \/>\n<meta property=\"og:locale\" content=\"es_ES\" \/>\n<meta property=\"og:type\" content=\"article\" \/>\n<meta property=\"og:title\" content=\"BULLRICH MINIMIZ\u00d3 EL APOYO P\u00daBLICO DE MANES Y VIDAL A RODR\u00cdGUEZ LARRETA: &quot;SON DOS VOTOS&quot; - Apuntes de San Luis\" \/>\n<meta property=\"og:description\" content=\"La precandidata presidencial de Juntos por el Cambio Patricia Bullrich minimiz\u00f3 los pronunciamientos de Facundo...\" \/>\n<meta property=\"og:url\" content=\"https:\/\/apuntesdesanluis.com\/index.php\/2023\/08\/03\/bullrich-minimizo-el-apoyo-publico-de-manes-y-vidal-a-rodriguez-larreta-son-dos-votos\/\" \/>\n<meta property=\"og:site_name\" content=\"Apuntes de San Luis\" \/>\n<meta property=\"article:published_time\" content=\"2023-08-04T00:15:52+00:00\" \/>\n<meta property=\"og:image\" content=\"https:\/\/apuntesdesanluis.com\/wp-content\/uploads\/2023\/08\/bullrich-2.png\" \/>\n\t<meta property=\"og:image:width\" content=\"792\" \/>\n\t<meta property=\"og:image:height\" content=\"575\" \/>\n\t<meta property=\"og:image:type\" content=\"image\/png\" \/>\n<meta name=\"author\" content=\"apuntesdesanluis.com\" \/>\n<meta name=\"twitter:card\" content=\"summary_large_image\" \/>\n<meta name=\"twitter:label1\" content=\"Escrito por\" \/>\n\t<meta name=\"twitter:data1\" content=\"apuntesdesanluis.com\" \/>\n\t<meta name=\"twitter:label2\" content=\"Tiempo de lectura\" \/>\n\t<meta name=\"twitter:data2\" content=\"2 minutos\" \/>\n<script type=\"application\/ld+json\" class=\"yoast-schema-graph\">{\"@context\":\"https:\/\/schema.org\",\"@graph\":[{\"@type\":\"Article\",\"@id\":\"https:\/\/apuntesdesanluis.com\/index.php\/2023\/08\/03\/bullrich-minimizo-el-apoyo-publico-de-manes-y-vidal-a-rodriguez-larreta-son-dos-votos\/#article\",\"isPartOf\":{\"@id\":\"https:\/\/apuntesdesanluis.com\/index.php\/2023\/08\/03\/bullrich-minimizo-el-apoyo-publico-de-manes-y-vidal-a-rodriguez-larreta-son-dos-votos\/\"},\"author\":{\"name\":\"apuntesdesanluis.com\",\"@id\":\"https:\/\/apuntesdesanluis.com\/#\/schema\/person\/b55151d52296fcce64d1a72538a70b90\"},\"headline\":\"BULLRICH MINIMIZ\u00d3 EL APOYO P\u00daBLICO DE MANES Y VIDAL A RODR\u00cdGUEZ LARRETA: &#8220;SON DOS VOTOS&#8221;\",\"datePublished\":\"2023-08-04T00:15:52+00:00\",\"mainEntityOfPage\":{\"@id\":\"https:\/\/apuntesdesanluis.com\/index.php\/2023\/08\/03\/bullrich-minimizo-el-apoyo-publico-de-manes-y-vidal-a-rodriguez-larreta-son-dos-votos\/\"},\"wordCount\":364,\"publisher\":{\"@id\":\"https:\/\/apuntesdesanluis.com\/#\/schema\/person\/b55151d52296fcce64d1a72538a70b90\"},\"image\":{\"@id\":\"https:\/\/apuntesdesanluis.com\/index.php\/2023\/08\/03\/bullrich-minimizo-el-apoyo-publico-de-manes-y-vidal-a-rodriguez-larreta-son-dos-votos\/#primaryimage\"},\"thumbnailUrl\":\"https:\/\/apuntesdesanluis.com\/wp-content\/uploads\/2023\/08\/bullrich-2.png\",\"articleSection\":[\"Nacionales\/Internacionales\"],\"inLanguage\":\"es-AR\"},{\"@type\":\"WebPage\",\"@id\":\"https:\/\/apuntesdesanluis.com\/index.php\/2023\/08\/03\/bullrich-minimizo-el-apoyo-publico-de-manes-y-vidal-a-rodriguez-larreta-son-dos-votos\/\",\"url\":\"https:\/\/apuntesdesanluis.com\/index.php\/2023\/08\/03\/bullrich-minimizo-el-apoyo-publico-de-manes-y-vidal-a-rodriguez-larreta-son-dos-votos\/\",\"name\":\"BULLRICH MINIMIZ\u00d3 EL APOYO P\u00daBLICO DE MANES Y VIDAL A RODR\u00cdGUEZ LARRETA: \\\"SON DOS VOTOS\\\" - Apuntes de San Luis\",\"isPartOf\":{\"@id\":\"https:\/\/apuntesdesanluis.com\/#website\"},\"primaryImageOfPage\":{\"@id\":\"https:\/\/apuntesdesanluis.com\/index.php\/2023\/08\/03\/bullrich-minimizo-el-apoyo-publico-de-manes-y-vidal-a-rodriguez-larreta-son-dos-votos\/#primaryimage\"},\"image\":{\"@id\":\"https:\/\/apuntesdesanluis.com\/index.php\/2023\/08\/03\/bullrich-minimizo-el-apoyo-publico-de-manes-y-vidal-a-rodriguez-larreta-son-dos-votos\/#primaryimage\"},\"thumbnailUrl\":\"https:\/\/apuntesdesanluis.com\/wp-content\/uploads\/2023\/08\/bullrich-2.png\",\"datePublished\":\"2023-08-04T00:15:52+00:00\",\"breadcrumb\":{\"@id\":\"https:\/\/apuntesdesanluis.com\/index.php\/2023\/08\/03\/bullrich-minimizo-el-apoyo-publico-de-manes-y-vidal-a-rodriguez-larreta-son-dos-votos\/#breadcrumb\"},\"inLanguage\":\"es-AR\",\"potentialAction\":[{\"@type\":\"ReadAction\",\"target\":[\"https:\/\/apuntesdesanluis.com\/index.php\/2023\/08\/03\/bullrich-minimizo-el-apoyo-publico-de-manes-y-vidal-a-rodriguez-larreta-son-dos-votos\/\"]}]},{\"@type\":\"ImageObject\",\"inLanguage\":\"es-AR\",\"@id\":\"https:\/\/apuntesdesanluis.com\/index.php\/2023\/08\/03\/bullrich-minimizo-el-apoyo-publico-de-manes-y-vidal-a-rodriguez-larreta-son-dos-votos\/#primaryimage\",\"url\":\"https:\/\/apuntesdesanluis.com\/wp-content\/uploads\/2023\/08\/bullrich-2.png\",\"contentUrl\":\"https:\/\/apuntesdesanluis.com\/wp-content\/uploads\/2023\/08\/bullrich-2.png\",\"width\":792,\"height\":575},{\"@type\":\"BreadcrumbList\",\"@id\":\"https:\/\/apuntesdesanluis.com\/index.php\/2023\/08\/03\/bullrich-minimizo-el-apoyo-publico-de-manes-y-vidal-a-rodriguez-larreta-son-dos-votos\/#breadcrumb\",\"itemListElement\":[{\"@type\":\"ListItem\",\"position\":1,\"name\":\"Inicio\",\"item\":\"https:\/\/apuntesdesanluis.com\/\"},{\"@type\":\"ListItem\",\"position\":2,\"name\":\"BULLRICH MINIMIZ\u00d3 EL APOYO P\u00daBLICO DE MANES Y VIDAL A RODR\u00cdGUEZ LARRETA: &#8220;SON DOS VOTOS&#8221;\"}]},{\"@type\":\"WebSite\",\"@id\":\"https:\/\/apuntesdesanluis.com\/#website\",\"url\":\"https:\/\/apuntesdesanluis.com\/\",\"name\":\"Apuntes de San Luis\",\"description\":\"\",\"publisher\":{\"@id\":\"https:\/\/apuntesdesanluis.com\/#\/schema\/person\/b55151d52296fcce64d1a72538a70b90\"},\"potentialAction\":[{\"@type\":\"SearchAction\",\"target\":{\"@type\":\"EntryPoint\",\"urlTemplate\":\"https:\/\/apuntesdesanluis.com\/?s={search_term_string}\"},\"query-input\":{\"@type\":\"PropertyValueSpecification\",\"valueRequired\":true,\"valueName\":\"search_term_string\"}}],\"inLanguage\":\"es-AR\"},{\"@type\":[\"Person\",\"Organization\"],\"@id\":\"https:\/\/apuntesdesanluis.com\/#\/schema\/person\/b55151d52296fcce64d1a72538a70b90\",\"name\":\"apuntesdesanluis.com\",\"image\":{\"@type\":\"ImageObject\",\"inLanguage\":\"es-AR\",\"@id\":\"https:\/\/apuntesdesanluis.com\/#\/schema\/person\/image\/\",\"url\":\"https:\/\/apuntesdesanluis.com\/wp-content\/uploads\/2023\/07\/cropped-apuntesdesanluis.png\",\"contentUrl\":\"https:\/\/apuntesdesanluis.com\/wp-content\/uploads\/2023\/07\/cropped-apuntesdesanluis.png\",\"width\":450,\"height\":112,\"caption\":\"apuntesdesanluis.com\"},\"logo\":{\"@id\":\"https:\/\/apuntesdesanluis.com\/#\/schema\/person\/image\/\"},\"sameAs\":[\"https:\/\/apuntesdesanluis.com\"],\"url\":\"https:\/\/apuntesdesanluis.com\/index.php\/author\/apuntesdesanluis-com\/\"}]}<\/script>\n<!-- \/ Yoast SEO plugin. -->","yoast_head_json":{"title":"BULLRICH MINIMIZ\u00d3 EL APOYO P\u00daBLICO DE MANES Y VIDAL A RODR\u00cdGUEZ LARRETA: \"SON DOS VOTOS\" - Apuntes de San Luis","robots":{"index":"index","follow":"follow","max-snippet":"max-snippet:-1","max-image-preview":"max-image-preview:large","max-video-preview":"max-video-preview:-1"},"canonical":"https:\/\/apuntesdesanluis.com\/index.php\/2023\/08\/03\/bullrich-minimizo-el-apoyo-publico-de-manes-y-vidal-a-rodriguez-larreta-son-dos-votos\/","og_locale":"es_ES","og_type":"article","og_title":"BULLRICH MINIMIZ\u00d3 EL APOYO P\u00daBLICO DE MANES Y VIDAL A RODR\u00cdGUEZ LARRETA: \"SON DOS VOTOS\" - Apuntes de San Luis","og_description":"La precandidata presidencial de Juntos por el Cambio Patricia Bullrich minimiz\u00f3 los pronunciamientos de Facundo...","og_url":"https:\/\/apuntesdesanluis.com\/index.php\/2023\/08\/03\/bullrich-minimizo-el-apoyo-publico-de-manes-y-vidal-a-rodriguez-larreta-son-dos-votos\/","og_site_name":"Apuntes de San Luis","article_published_time":"2023-08-04T00:15:52+00:00","og_image":[{"width":792,"height":575,"url":"https:\/\/apuntesdesanluis.com\/wp-content\/uploads\/2023\/08\/bullrich-2.png","type":"image\/png"}],"author":"apuntesdesanluis.com","twitter_card":"summary_large_image","twitter_misc":{"Escrito por":"apuntesdesanluis.com","Tiempo de lectura":"2 minutos"},"schema":{"@context":"https:\/\/schema.org","@graph":[{"@type":"Article","@id":"https:\/\/apuntesdesanluis.com\/index.php\/2023\/08\/03\/bullrich-minimizo-el-apoyo-publico-de-manes-y-vidal-a-rodriguez-larreta-son-dos-votos\/#article","isPartOf":{"@id":"https:\/\/apuntesdesanluis.com\/index.php\/2023\/08\/03\/bullrich-minimizo-el-apoyo-publico-de-manes-y-vidal-a-rodriguez-larreta-son-dos-votos\/"},"author":{"name":"apuntesdesanluis.com","@id":"https:\/\/apuntesdesanluis.com\/#\/schema\/person\/b55151d52296fcce64d1a72538a70b90"},"headline":"BULLRICH MINIMIZ\u00d3 EL APOYO P\u00daBLICO DE MANES Y VIDAL A RODR\u00cdGUEZ LARRETA: &#8220;SON DOS VOTOS&#8221;","datePublished":"2023-08-04T00:15:52+00:00","mainEntityOfPage":{"@id":"https:\/\/apuntesdesanluis.com\/index.php\/2023\/08\/03\/bullrich-minimizo-el-apoyo-publico-de-manes-y-vidal-a-rodriguez-larreta-son-dos-votos\/"},"wordCount":364,"publisher":{"@id":"https:\/\/apuntesdesanluis.com\/#\/schema\/person\/b55151d52296fcce64d1a72538a70b90"},"image":{"@id":"https:\/\/apuntesdesanluis.com\/index.php\/2023\/08\/03\/bullrich-minimizo-el-apoyo-publico-de-manes-y-vidal-a-rodriguez-larreta-son-dos-votos\/#primaryimage"},"thumbnailUrl":"https:\/\/apuntesdesanluis.com\/wp-content\/uploads\/2023\/08\/bullrich-2.png","articleSection":["Nacionales\/Internacionales"],"inLanguage":"es-AR"},{"@type":"WebPage","@id":"https:\/\/apuntesdesanluis.com\/index.php\/2023\/08\/03\/bullrich-minimizo-el-apoyo-publico-de-manes-y-vidal-a-rodriguez-larreta-son-dos-votos\/","url":"https:\/\/apuntesdesanluis.com\/index.php\/2023\/08\/03\/bullrich-minimizo-el-apoyo-publico-de-manes-y-vidal-a-rodriguez-larreta-son-dos-votos\/","name":"BULLRICH MINIMIZ\u00d3 EL APOYO P\u00daBLICO DE MANES Y VIDAL A RODR\u00cdGUEZ LARRETA: \"SON DOS VOTOS\" - Apuntes de San Luis","isPartOf":{"@id":"https:\/\/apuntesdesanluis.com\/#website"},"primaryImageOfPage":{"@id":"https:\/\/apuntesdesanluis.com\/index.php\/2023\/08\/03\/bullrich-minimizo-el-apoyo-publico-de-manes-y-vidal-a-rodriguez-larreta-son-dos-votos\/#primaryimage"},"image":{"@id":"https:\/\/apuntesdesanluis.com\/index.php\/2023\/08\/03\/bullrich-minimizo-el-apoyo-publico-de-manes-y-vidal-a-rodriguez-larreta-son-dos-votos\/#primaryimage"},"thumbnailUrl":"https:\/\/apuntesdesanluis.com\/wp-content\/uploads\/2023\/08\/bullrich-2.png","datePublished":"2023-08-04T00:15:52+00:00","breadcrumb":{"@id":"https:\/\/apuntesdesanluis.com\/index.php\/2023\/08\/03\/bullrich-minimizo-el-apoyo-publico-de-manes-y-vidal-a-rodriguez-larreta-son-dos-votos\/#breadcrumb"},"inLanguage":"es-AR","potentialAction":[{"@type":"ReadAction","target":["https:\/\/apuntesdesanluis.com\/index.php\/2023\/08\/03\/bullrich-minimizo-el-apoyo-publico-de-manes-y-vidal-a-rodriguez-larreta-son-dos-votos\/"]}]},{"@type":"ImageObject","inLanguage":"es-AR","@id":"https:\/\/apuntesdesanluis.com\/index.php\/2023\/08\/03\/bullrich-minimizo-el-apoyo-publico-de-manes-y-vidal-a-rodriguez-larreta-son-dos-votos\/#primaryimage","url":"https:\/\/apuntesdesanluis.com\/wp-content\/uploads\/2023\/08\/bullrich-2.png","contentUrl":"https:\/\/apuntesdesanluis.com\/wp-content\/uploads\/2023\/08\/bullrich-2.png","width":792,"height":575},{"@type":"BreadcrumbList","@id":"https:\/\/apuntesdesanluis.com\/index.php\/2023\/08\/03\/bullrich-minimizo-el-apoyo-publico-de-manes-y-vidal-a-rodriguez-larreta-son-dos-votos\/#breadcrumb","itemListElement":[{"@type":"ListItem","position":1,"name":"Inicio","item":"https:\/\/apuntesdesanluis.com\/"},{"@type":"ListItem","position":2,"name":"BULLRICH MINIMIZ\u00d3 EL APOYO P\u00daBLICO DE MANES Y VIDAL A RODR\u00cdGUEZ LARRETA: &#8220;SON DOS VOTOS&#8221;"}]},{"@type":"WebSite","@id":"https:\/\/apuntesdesanluis.com\/#website","url":"https:\/\/apuntesdesanluis.com\/","name":"Apuntes de San Luis","description":"","publisher":{"@id":"https:\/\/apuntesdesanluis.com\/#\/schema\/person\/b55151d52296fcce64d1a72538a70b90"},"potentialAction":[{"@type":"SearchAction","target":{"@type":"EntryPoint","urlTemplate":"https:\/\/apuntesdesanluis.com\/?s={search_term_string}"},"query-input":{"@type":"PropertyValueSpecification","valueRequired":true,"valueName":"search_term_string"}}],"inLanguage":"es-AR"},{"@type":["Person","Organization"],"@id":"https:\/\/apuntesdesanluis.com\/#\/schema\/person\/b55151d52296fcce64d1a72538a70b90","name":"apuntesdesanluis.com","image":{"@type":"ImageObject","inLanguage":"es-AR","@id":"https:\/\/apuntesdesanluis.com\/#\/schema\/person\/image\/","url":"https:\/\/apuntesdesanluis.com\/wp-content\/uploads\/2023\/07\/cropped-apuntesdesanluis.png","contentUrl":"https:\/\/apuntesdesanluis.com\/wp-content\/uploads\/2023\/07\/cropped-apuntesdesanluis.png","width":450,"height":112,"caption":"apuntesdesanluis.com"},"logo":{"@id":"https:\/\/apuntesdesanluis.com\/#\/schema\/person\/image\/"},"sameAs":["https:\/\/apuntesdesanluis.com"],"url":"https:\/\/apuntesdesanluis.com\/index.php\/author\/apuntesdesanluis-com\/"}]}},"featured_image_urls":{"full":["https:\/\/apuntesdesanluis.com\/wp-content\/uploads\/2023\/08\/bullrich-2.png",792,575,false],"thumbnail":["https:\/\/apuntesdesanluis.com\/wp-content\/uploads\/2023\/08\/bullrich-2-150x150.png",150,150,true],"medium":["https:\/\/apuntesdesanluis.com\/wp-content\/uploads\/2023\/08\/bullrich-2-300x218.png",300,218,true],"medium_large":["https:\/\/apuntesdesanluis.com\/wp-content\/uploads\/2023\/08\/bullrich-2-768x558.png",640,465,true],"large":["https:\/\/apuntesdesanluis.com\/wp-content\/uploads\/2023\/08\/bullrich-2.png",640,465,false],"1536x1536":["https:\/\/apuntesdesanluis.com\/wp-content\/uploads\/2023\/08\/bullrich-2.png",792,575,false],"2048x2048":["https:\/\/apuntesdesanluis.com\/wp-content\/uploads\/2023\/08\/bullrich-2.png",792,575,false],"newsever-slider-full":["https:\/\/apuntesdesanluis.com\/wp-content\/uploads\/2023\/08\/bullrich-2.png",792,575,false],"newsever-featured":["https:\/\/apuntesdesanluis.com\/wp-content\/uploads\/2023\/08\/bullrich-2.png",792,575,false],"newsever-medium":["https:\/\/apuntesdesanluis.com\/wp-content\/uploads\/2023\/08\/bullrich-2-720x475.png",720,475,true]},"author_info":{"display_name":"apuntesdesanluis.com","author_link":"https:\/\/apuntesdesanluis.com\/index.php\/author\/apuntesdesanluis-com\/"},"category_info":"<a href=\"https:\/\/apuntesdesanluis.com\/index.php\/category\/nacionales-internacionales\/\" rel=\"category tag\">Nacionales\/Internacionales<\/a>","tag_info":"Nacionales\/Internacionales","comment_count":"0","_links":{"self":[{"href":"https:\/\/apuntesdesanluis.com\/index.php\/wp-json\/wp\/v2\/posts\/980","targetHints":{"allow":["GET"]}}],"collection":[{"href":"https:\/\/apuntesdesanluis.com\/index.php\/wp-json\/wp\/v2\/posts"}],"about":[{"href":"https:\/\/apuntesdesanluis.com\/index.php\/wp-json\/wp\/v2\/types\/post"}],"author":[{"embeddable":true,"href":"https:\/\/apuntesdesanluis.com\/index.php\/wp-json\/wp\/v2\/users\/1"}],"replies":[{"embeddable":true,"href":"https:\/\/apuntesdesanluis.com\/index.php\/wp-json\/wp\/v2\/comments?post=980"}],"version-history":[{"count":1,"href":"https:\/\/apuntesdesanluis.com\/index.php\/wp-json\/wp\/v2\/posts\/980\/revisions"}],"predecessor-version":[{"id":1009,"href":"https:\/\/apuntesdesanluis.com\/index.php\/wp-json\/wp\/v2\/posts\/980\/revisions\/1009"}],"wp:featuredmedia":[{"embeddable":true,"href":"https:\/\/apuntesdesanluis.com\/index.php\/wp-json\/wp\/v2\/media\/1008"}],"wp:attachment":[{"href":"https:\/\/apuntesdesanluis.com\/index.php\/wp-json\/wp\/v2\/media?parent=980"}],"wp:term":[{"taxonomy":"category","embeddable":true,"href":"https:\/\/apuntesdesanluis.com\/index.php\/wp-json\/wp\/v2\/categories?post=980"},{"taxonomy":"post_tag","embeddable":true,"href":"https:\/\/apuntesdesanluis.com\/index.php\/wp-json\/wp\/v2\/tags?post=980"}],"curies":[{"name":"wp","href":"https:\/\/api.w.org\/{rel}","templated":true}]}}