{"id":9814,"date":"2024-01-09T20:55:33","date_gmt":"2024-01-09T23:55:33","guid":{"rendered":"https:\/\/apuntesdesanluis.com\/?p=9814"},"modified":"2024-01-09T20:55:33","modified_gmt":"2024-01-09T23:55:33","slug":"barra-defendio-los-superpoderes-con-una-polemica-frase-si-hay-crisis-economica-no-va-a-haber-constitucion-vigente","status":"publish","type":"post","link":"https:\/\/apuntesdesanluis.com\/index.php\/2024\/01\/09\/barra-defendio-los-superpoderes-con-una-polemica-frase-si-hay-crisis-economica-no-va-a-haber-constitucion-vigente\/","title":{"rendered":"BARRA DEFENDI\u00d3 LOS &#8220;SUPERPODERES&#8221; CON UNA POL\u00c9MICA FRASE: &#8220;SI HAY CRISIS ECON\u00d3MICA, NO VA A HABER CONSTITUCI\u00d3N VIGENTE&#8221;"},"content":{"rendered":"<h3>En Diputados, el Procurador del Tesoro cit\u00f3 a Juan Bautista Alberdi para defender la delegaci\u00f3n de facultades al Poder Ejecutivo que otorga el proyecto de ley \u00f3mnibus.<\/h3>\n<h3>Al participar del debate del proyecto de ley \u00f3mnibus en la C\u00e1mara de Diputados, el Procurador del Tesoro de la Naci\u00f3n, <strong>Rodolfo Barra<\/strong>, sostuvo hoy que \u201csi hay crisis econ\u00f3mica, no va a haber Constituci\u00f3n vigente\u201d.<\/h3>\n<h3>El funcionario de La Libertad Avanza y ex ministro de la Corte Suprema cit\u00f3 a Juan Bautista Alberdi, pr\u00f3cer del liberalismo y autor de la obra &#8220;Bases y Puntos de Partida\u00a0 para la organizaci\u00f3n pol\u00edtica de la Rep\u00fablica. Argentina, para defender la iniciativa de delegaci\u00f3n de facultades al Poder Ejecutivo que el proyecto de ley contempla en uno de sus primeros art\u00edculos.<\/h3>\n<h3>\u201cLas situaciones de crisis exigen decisiones de crisis y actuaciones de crisis. Esto ya lo vio Alberdi, no es un invento. Lo desarroll\u00f3, pens\u00f3 y expres\u00f3 en la propia Constituci\u00f3n\u201d, comenz\u00f3 Barra.<\/h3>\n<h3>El ex magistrado record\u00f3 que en el fallo Peralta de 1990 para convalidar un DNU, el m\u00e1ximo tribunal determin\u00f3 en los fundamentos que \u201cpara defender los derechos constitucionales hab\u00eda que permitir que la Constituci\u00f3n estuviera vigente\u201d.<\/h3>\n<h3>Esta menci\u00f3n al fallo que \u00e9l mismo hab\u00eda firmado d\u00e9cadas atr\u00e1s le sirvi\u00f3 como pie para coronar con una frase pol\u00e9mica que podr\u00eda generar un intenso debate. \u201cSi hay crisis econ\u00f3mica no va a haber Constituci\u00f3n vigente\u201d, lanz\u00f3.<\/h3>\n<h3>Acto seguido, el Procurador del Tesoro continu\u00f3 leyendo fragmentos de la obra maestra de Alberdi, que fue el borrador de la Constituci\u00f3n Nacional.<\/h3>\n<h3>\u201cNo veo por qu\u00e9 en ciertos casos no pueden darse facultades especiales para vencer el atraso y la pobreza cuando se lo dan para vencer el desorden que no es m\u00e1s que el hijo de aquellos\u201d, parafrase\u00f3.<\/h3>\n<h3>&#8220;Y prof\u00e9ticamente remataba Alberdi diciendo que en muchos puntos las facultades especiales dadas al Poder Ejecutivo pueden ser el \u00fanico medio para llevar a cabo ciertas reformas de larga, dif\u00edcil e insegura ejecuci\u00f3n&#8221;, finaliz\u00f3.<\/h3>\n<p>&nbsp;<\/p>\n<p>&nbsp;<\/p>\n<p>&nbsp;<\/p>\n<p>&nbsp;<\/p>\n","protected":false},"excerpt":{"rendered":"<p>En Diputados, el Procurador del Tesoro cit\u00f3 a Juan Bautista Alberdi para defender la delegaci\u00f3n&#8230;<\/p>\n","protected":false},"author":1,"featured_media":9815,"comment_status":"closed","ping_status":"closed","sticky":false,"template":"","format":"standard","meta":{"footnotes":""},"categories":[5],"tags":[],"class_list":["post-9814","post","type-post","status-publish","format-standard","has-post-thumbnail","hentry","category-nacionales-internacionales"],"yoast_head":"<!-- This site is optimized with the Yoast SEO plugin v26.1.1 - https:\/\/yoast.com\/wordpress\/plugins\/seo\/ -->\n<title>BARRA DEFENDI\u00d3 LOS &quot;SUPERPODERES&quot; CON UNA POL\u00c9MICA FRASE: &quot;SI HAY CRISIS ECON\u00d3MICA, NO VA A HABER CONSTITUCI\u00d3N VIGENTE&quot; - Apuntes de San Luis<\/title>\n<meta name=\"robots\" content=\"index, follow, max-snippet:-1, max-image-preview:large, max-video-preview:-1\" \/>\n<link rel=\"canonical\" href=\"https:\/\/apuntesdesanluis.com\/index.php\/2024\/01\/09\/barra-defendio-los-superpoderes-con-una-polemica-frase-si-hay-crisis-economica-no-va-a-haber-constitucion-vigente\/\" \/>\n<meta property=\"og:locale\" content=\"es_ES\" \/>\n<meta property=\"og:type\" content=\"article\" \/>\n<meta property=\"og:title\" content=\"BARRA DEFENDI\u00d3 LOS &quot;SUPERPODERES&quot; CON UNA POL\u00c9MICA FRASE: &quot;SI HAY CRISIS ECON\u00d3MICA, NO VA A HABER CONSTITUCI\u00d3N VIGENTE&quot; - Apuntes de San Luis\" \/>\n<meta property=\"og:description\" content=\"En Diputados, el Procurador del Tesoro cit\u00f3 a Juan Bautista Alberdi para defender la delegaci\u00f3n...\" \/>\n<meta property=\"og:url\" content=\"https:\/\/apuntesdesanluis.com\/index.php\/2024\/01\/09\/barra-defendio-los-superpoderes-con-una-polemica-frase-si-hay-crisis-economica-no-va-a-haber-constitucion-vigente\/\" \/>\n<meta property=\"og:site_name\" content=\"Apuntes de San Luis\" \/>\n<meta property=\"article:published_time\" content=\"2024-01-09T23:55:33+00:00\" \/>\n<meta property=\"og:image\" content=\"https:\/\/apuntesdesanluis.com\/wp-content\/uploads\/2024\/01\/BARRA.png\" \/>\n\t<meta property=\"og:image:width\" content=\"642\" \/>\n\t<meta property=\"og:image:height\" content=\"425\" \/>\n\t<meta property=\"og:image:type\" content=\"image\/png\" \/>\n<meta name=\"author\" content=\"apuntesdesanluis.com\" \/>\n<meta name=\"twitter:card\" content=\"summary_large_image\" \/>\n<meta name=\"twitter:label1\" content=\"Escrito por\" \/>\n\t<meta name=\"twitter:data1\" content=\"apuntesdesanluis.com\" \/>\n\t<meta name=\"twitter:label2\" content=\"Tiempo de lectura\" \/>\n\t<meta name=\"twitter:data2\" content=\"2 minutos\" \/>\n<script type=\"application\/ld+json\" class=\"yoast-schema-graph\">{\"@context\":\"https:\/\/schema.org\",\"@graph\":[{\"@type\":\"Article\",\"@id\":\"https:\/\/apuntesdesanluis.com\/index.php\/2024\/01\/09\/barra-defendio-los-superpoderes-con-una-polemica-frase-si-hay-crisis-economica-no-va-a-haber-constitucion-vigente\/#article\",\"isPartOf\":{\"@id\":\"https:\/\/apuntesdesanluis.com\/index.php\/2024\/01\/09\/barra-defendio-los-superpoderes-con-una-polemica-frase-si-hay-crisis-economica-no-va-a-haber-constitucion-vigente\/\"},\"author\":{\"name\":\"apuntesdesanluis.com\",\"@id\":\"https:\/\/apuntesdesanluis.com\/#\/schema\/person\/b55151d52296fcce64d1a72538a70b90\"},\"headline\":\"BARRA DEFENDI\u00d3 LOS &#8220;SUPERPODERES&#8221; CON UNA POL\u00c9MICA FRASE: &#8220;SI HAY CRISIS ECON\u00d3MICA, NO VA A HABER CONSTITUCI\u00d3N VIGENTE&#8221;\",\"datePublished\":\"2024-01-09T23:55:33+00:00\",\"mainEntityOfPage\":{\"@id\":\"https:\/\/apuntesdesanluis.com\/index.php\/2024\/01\/09\/barra-defendio-los-superpoderes-con-una-polemica-frase-si-hay-crisis-economica-no-va-a-haber-constitucion-vigente\/\"},\"wordCount\":377,\"publisher\":{\"@id\":\"https:\/\/apuntesdesanluis.com\/#\/schema\/person\/b55151d52296fcce64d1a72538a70b90\"},\"image\":{\"@id\":\"https:\/\/apuntesdesanluis.com\/index.php\/2024\/01\/09\/barra-defendio-los-superpoderes-con-una-polemica-frase-si-hay-crisis-economica-no-va-a-haber-constitucion-vigente\/#primaryimage\"},\"thumbnailUrl\":\"https:\/\/apuntesdesanluis.com\/wp-content\/uploads\/2024\/01\/BARRA.png\",\"articleSection\":[\"Nacionales\/Internacionales\"],\"inLanguage\":\"es-AR\"},{\"@type\":\"WebPage\",\"@id\":\"https:\/\/apuntesdesanluis.com\/index.php\/2024\/01\/09\/barra-defendio-los-superpoderes-con-una-polemica-frase-si-hay-crisis-economica-no-va-a-haber-constitucion-vigente\/\",\"url\":\"https:\/\/apuntesdesanluis.com\/index.php\/2024\/01\/09\/barra-defendio-los-superpoderes-con-una-polemica-frase-si-hay-crisis-economica-no-va-a-haber-constitucion-vigente\/\",\"name\":\"BARRA DEFENDI\u00d3 LOS \\\"SUPERPODERES\\\" CON UNA POL\u00c9MICA FRASE: \\\"SI HAY CRISIS ECON\u00d3MICA, NO VA A HABER CONSTITUCI\u00d3N VIGENTE\\\" - Apuntes de San Luis\",\"isPartOf\":{\"@id\":\"https:\/\/apuntesdesanluis.com\/#website\"},\"primaryImageOfPage\":{\"@id\":\"https:\/\/apuntesdesanluis.com\/index.php\/2024\/01\/09\/barra-defendio-los-superpoderes-con-una-polemica-frase-si-hay-crisis-economica-no-va-a-haber-constitucion-vigente\/#primaryimage\"},\"image\":{\"@id\":\"https:\/\/apuntesdesanluis.com\/index.php\/2024\/01\/09\/barra-defendio-los-superpoderes-con-una-polemica-frase-si-hay-crisis-economica-no-va-a-haber-constitucion-vigente\/#primaryimage\"},\"thumbnailUrl\":\"https:\/\/apuntesdesanluis.com\/wp-content\/uploads\/2024\/01\/BARRA.png\",\"datePublished\":\"2024-01-09T23:55:33+00:00\",\"breadcrumb\":{\"@id\":\"https:\/\/apuntesdesanluis.com\/index.php\/2024\/01\/09\/barra-defendio-los-superpoderes-con-una-polemica-frase-si-hay-crisis-economica-no-va-a-haber-constitucion-vigente\/#breadcrumb\"},\"inLanguage\":\"es-AR\",\"potentialAction\":[{\"@type\":\"ReadAction\",\"target\":[\"https:\/\/apuntesdesanluis.com\/index.php\/2024\/01\/09\/barra-defendio-los-superpoderes-con-una-polemica-frase-si-hay-crisis-economica-no-va-a-haber-constitucion-vigente\/\"]}]},{\"@type\":\"ImageObject\",\"inLanguage\":\"es-AR\",\"@id\":\"https:\/\/apuntesdesanluis.com\/index.php\/2024\/01\/09\/barra-defendio-los-superpoderes-con-una-polemica-frase-si-hay-crisis-economica-no-va-a-haber-constitucion-vigente\/#primaryimage\",\"url\":\"https:\/\/apuntesdesanluis.com\/wp-content\/uploads\/2024\/01\/BARRA.png\",\"contentUrl\":\"https:\/\/apuntesdesanluis.com\/wp-content\/uploads\/2024\/01\/BARRA.png\",\"width\":642,\"height\":425},{\"@type\":\"BreadcrumbList\",\"@id\":\"https:\/\/apuntesdesanluis.com\/index.php\/2024\/01\/09\/barra-defendio-los-superpoderes-con-una-polemica-frase-si-hay-crisis-economica-no-va-a-haber-constitucion-vigente\/#breadcrumb\",\"itemListElement\":[{\"@type\":\"ListItem\",\"position\":1,\"name\":\"Inicio\",\"item\":\"https:\/\/apuntesdesanluis.com\/\"},{\"@type\":\"ListItem\",\"position\":2,\"name\":\"BARRA DEFENDI\u00d3 LOS &#8220;SUPERPODERES&#8221; CON UNA POL\u00c9MICA FRASE: &#8220;SI HAY CRISIS ECON\u00d3MICA, NO VA A HABER CONSTITUCI\u00d3N VIGENTE&#8221;\"}]},{\"@type\":\"WebSite\",\"@id\":\"https:\/\/apuntesdesanluis.com\/#website\",\"url\":\"https:\/\/apuntesdesanluis.com\/\",\"name\":\"Apuntes de San Luis\",\"description\":\"\",\"publisher\":{\"@id\":\"https:\/\/apuntesdesanluis.com\/#\/schema\/person\/b55151d52296fcce64d1a72538a70b90\"},\"potentialAction\":[{\"@type\":\"SearchAction\",\"target\":{\"@type\":\"EntryPoint\",\"urlTemplate\":\"https:\/\/apuntesdesanluis.com\/?s={search_term_string}\"},\"query-input\":{\"@type\":\"PropertyValueSpecification\",\"valueRequired\":true,\"valueName\":\"search_term_string\"}}],\"inLanguage\":\"es-AR\"},{\"@type\":[\"Person\",\"Organization\"],\"@id\":\"https:\/\/apuntesdesanluis.com\/#\/schema\/person\/b55151d52296fcce64d1a72538a70b90\",\"name\":\"apuntesdesanluis.com\",\"image\":{\"@type\":\"ImageObject\",\"inLanguage\":\"es-AR\",\"@id\":\"https:\/\/apuntesdesanluis.com\/#\/schema\/person\/image\/\",\"url\":\"https:\/\/apuntesdesanluis.com\/wp-content\/uploads\/2023\/07\/cropped-apuntesdesanluis.png\",\"contentUrl\":\"https:\/\/apuntesdesanluis.com\/wp-content\/uploads\/2023\/07\/cropped-apuntesdesanluis.png\",\"width\":450,\"height\":112,\"caption\":\"apuntesdesanluis.com\"},\"logo\":{\"@id\":\"https:\/\/apuntesdesanluis.com\/#\/schema\/person\/image\/\"},\"sameAs\":[\"https:\/\/apuntesdesanluis.com\"],\"url\":\"https:\/\/apuntesdesanluis.com\/index.php\/author\/apuntesdesanluis-com\/\"}]}<\/script>\n<!-- \/ Yoast SEO plugin. -->","yoast_head_json":{"title":"BARRA DEFENDI\u00d3 LOS \"SUPERPODERES\" CON UNA POL\u00c9MICA FRASE: \"SI HAY CRISIS ECON\u00d3MICA, NO VA A HABER CONSTITUCI\u00d3N VIGENTE\" - Apuntes de San Luis","robots":{"index":"index","follow":"follow","max-snippet":"max-snippet:-1","max-image-preview":"max-image-preview:large","max-video-preview":"max-video-preview:-1"},"canonical":"https:\/\/apuntesdesanluis.com\/index.php\/2024\/01\/09\/barra-defendio-los-superpoderes-con-una-polemica-frase-si-hay-crisis-economica-no-va-a-haber-constitucion-vigente\/","og_locale":"es_ES","og_type":"article","og_title":"BARRA DEFENDI\u00d3 LOS \"SUPERPODERES\" CON UNA POL\u00c9MICA FRASE: \"SI HAY CRISIS ECON\u00d3MICA, NO VA A HABER CONSTITUCI\u00d3N VIGENTE\" - Apuntes de San Luis","og_description":"En Diputados, el Procurador del Tesoro cit\u00f3 a Juan Bautista Alberdi para defender la delegaci\u00f3n...","og_url":"https:\/\/apuntesdesanluis.com\/index.php\/2024\/01\/09\/barra-defendio-los-superpoderes-con-una-polemica-frase-si-hay-crisis-economica-no-va-a-haber-constitucion-vigente\/","og_site_name":"Apuntes de San Luis","article_published_time":"2024-01-09T23:55:33+00:00","og_image":[{"width":642,"height":425,"url":"https:\/\/apuntesdesanluis.com\/wp-content\/uploads\/2024\/01\/BARRA.png","type":"image\/png"}],"author":"apuntesdesanluis.com","twitter_card":"summary_large_image","twitter_misc":{"Escrito por":"apuntesdesanluis.com","Tiempo de lectura":"2 minutos"},"schema":{"@context":"https:\/\/schema.org","@graph":[{"@type":"Article","@id":"https:\/\/apuntesdesanluis.com\/index.php\/2024\/01\/09\/barra-defendio-los-superpoderes-con-una-polemica-frase-si-hay-crisis-economica-no-va-a-haber-constitucion-vigente\/#article","isPartOf":{"@id":"https:\/\/apuntesdesanluis.com\/index.php\/2024\/01\/09\/barra-defendio-los-superpoderes-con-una-polemica-frase-si-hay-crisis-economica-no-va-a-haber-constitucion-vigente\/"},"author":{"name":"apuntesdesanluis.com","@id":"https:\/\/apuntesdesanluis.com\/#\/schema\/person\/b55151d52296fcce64d1a72538a70b90"},"headline":"BARRA DEFENDI\u00d3 LOS &#8220;SUPERPODERES&#8221; CON UNA POL\u00c9MICA FRASE: &#8220;SI HAY CRISIS ECON\u00d3MICA, NO VA A HABER CONSTITUCI\u00d3N VIGENTE&#8221;","datePublished":"2024-01-09T23:55:33+00:00","mainEntityOfPage":{"@id":"https:\/\/apuntesdesanluis.com\/index.php\/2024\/01\/09\/barra-defendio-los-superpoderes-con-una-polemica-frase-si-hay-crisis-economica-no-va-a-haber-constitucion-vigente\/"},"wordCount":377,"publisher":{"@id":"https:\/\/apuntesdesanluis.com\/#\/schema\/person\/b55151d52296fcce64d1a72538a70b90"},"image":{"@id":"https:\/\/apuntesdesanluis.com\/index.php\/2024\/01\/09\/barra-defendio-los-superpoderes-con-una-polemica-frase-si-hay-crisis-economica-no-va-a-haber-constitucion-vigente\/#primaryimage"},"thumbnailUrl":"https:\/\/apuntesdesanluis.com\/wp-content\/uploads\/2024\/01\/BARRA.png","articleSection":["Nacionales\/Internacionales"],"inLanguage":"es-AR"},{"@type":"WebPage","@id":"https:\/\/apuntesdesanluis.com\/index.php\/2024\/01\/09\/barra-defendio-los-superpoderes-con-una-polemica-frase-si-hay-crisis-economica-no-va-a-haber-constitucion-vigente\/","url":"https:\/\/apuntesdesanluis.com\/index.php\/2024\/01\/09\/barra-defendio-los-superpoderes-con-una-polemica-frase-si-hay-crisis-economica-no-va-a-haber-constitucion-vigente\/","name":"BARRA DEFENDI\u00d3 LOS \"SUPERPODERES\" CON UNA POL\u00c9MICA FRASE: \"SI HAY CRISIS ECON\u00d3MICA, NO VA A HABER CONSTITUCI\u00d3N VIGENTE\" - Apuntes de San Luis","isPartOf":{"@id":"https:\/\/apuntesdesanluis.com\/#website"},"primaryImageOfPage":{"@id":"https:\/\/apuntesdesanluis.com\/index.php\/2024\/01\/09\/barra-defendio-los-superpoderes-con-una-polemica-frase-si-hay-crisis-economica-no-va-a-haber-constitucion-vigente\/#primaryimage"},"image":{"@id":"https:\/\/apuntesdesanluis.com\/index.php\/2024\/01\/09\/barra-defendio-los-superpoderes-con-una-polemica-frase-si-hay-crisis-economica-no-va-a-haber-constitucion-vigente\/#primaryimage"},"thumbnailUrl":"https:\/\/apuntesdesanluis.com\/wp-content\/uploads\/2024\/01\/BARRA.png","datePublished":"2024-01-09T23:55:33+00:00","breadcrumb":{"@id":"https:\/\/apuntesdesanluis.com\/index.php\/2024\/01\/09\/barra-defendio-los-superpoderes-con-una-polemica-frase-si-hay-crisis-economica-no-va-a-haber-constitucion-vigente\/#breadcrumb"},"inLanguage":"es-AR","potentialAction":[{"@type":"ReadAction","target":["https:\/\/apuntesdesanluis.com\/index.php\/2024\/01\/09\/barra-defendio-los-superpoderes-con-una-polemica-frase-si-hay-crisis-economica-no-va-a-haber-constitucion-vigente\/"]}]},{"@type":"ImageObject","inLanguage":"es-AR","@id":"https:\/\/apuntesdesanluis.com\/index.php\/2024\/01\/09\/barra-defendio-los-superpoderes-con-una-polemica-frase-si-hay-crisis-economica-no-va-a-haber-constitucion-vigente\/#primaryimage","url":"https:\/\/apuntesdesanluis.com\/wp-content\/uploads\/2024\/01\/BARRA.png","contentUrl":"https:\/\/apuntesdesanluis.com\/wp-content\/uploads\/2024\/01\/BARRA.png","width":642,"height":425},{"@type":"BreadcrumbList","@id":"https:\/\/apuntesdesanluis.com\/index.php\/2024\/01\/09\/barra-defendio-los-superpoderes-con-una-polemica-frase-si-hay-crisis-economica-no-va-a-haber-constitucion-vigente\/#breadcrumb","itemListElement":[{"@type":"ListItem","position":1,"name":"Inicio","item":"https:\/\/apuntesdesanluis.com\/"},{"@type":"ListItem","position":2,"name":"BARRA DEFENDI\u00d3 LOS &#8220;SUPERPODERES&#8221; CON UNA POL\u00c9MICA FRASE: &#8220;SI HAY CRISIS ECON\u00d3MICA, NO VA A HABER CONSTITUCI\u00d3N VIGENTE&#8221;"}]},{"@type":"WebSite","@id":"https:\/\/apuntesdesanluis.com\/#website","url":"https:\/\/apuntesdesanluis.com\/","name":"Apuntes de San Luis","description":"","publisher":{"@id":"https:\/\/apuntesdesanluis.com\/#\/schema\/person\/b55151d52296fcce64d1a72538a70b90"},"potentialAction":[{"@type":"SearchAction","target":{"@type":"EntryPoint","urlTemplate":"https:\/\/apuntesdesanluis.com\/?s={search_term_string}"},"query-input":{"@type":"PropertyValueSpecification","valueRequired":true,"valueName":"search_term_string"}}],"inLanguage":"es-AR"},{"@type":["Person","Organization"],"@id":"https:\/\/apuntesdesanluis.com\/#\/schema\/person\/b55151d52296fcce64d1a72538a70b90","name":"apuntesdesanluis.com","image":{"@type":"ImageObject","inLanguage":"es-AR","@id":"https:\/\/apuntesdesanluis.com\/#\/schema\/person\/image\/","url":"https:\/\/apuntesdesanluis.com\/wp-content\/uploads\/2023\/07\/cropped-apuntesdesanluis.png","contentUrl":"https:\/\/apuntesdesanluis.com\/wp-content\/uploads\/2023\/07\/cropped-apuntesdesanluis.png","width":450,"height":112,"caption":"apuntesdesanluis.com"},"logo":{"@id":"https:\/\/apuntesdesanluis.com\/#\/schema\/person\/image\/"},"sameAs":["https:\/\/apuntesdesanluis.com"],"url":"https:\/\/apuntesdesanluis.com\/index.php\/author\/apuntesdesanluis-com\/"}]}},"featured_image_urls":{"full":["https:\/\/apuntesdesanluis.com\/wp-content\/uploads\/2024\/01\/BARRA.png",642,425,false],"thumbnail":["https:\/\/apuntesdesanluis.com\/wp-content\/uploads\/2024\/01\/BARRA-150x150.png",150,150,true],"medium":["https:\/\/apuntesdesanluis.com\/wp-content\/uploads\/2024\/01\/BARRA-300x199.png",300,199,true],"medium_large":["https:\/\/apuntesdesanluis.com\/wp-content\/uploads\/2024\/01\/BARRA.png",640,424,false],"large":["https:\/\/apuntesdesanluis.com\/wp-content\/uploads\/2024\/01\/BARRA.png",640,424,false],"1536x1536":["https:\/\/apuntesdesanluis.com\/wp-content\/uploads\/2024\/01\/BARRA.png",642,425,false],"2048x2048":["https:\/\/apuntesdesanluis.com\/wp-content\/uploads\/2024\/01\/BARRA.png",642,425,false],"newsever-slider-full":["https:\/\/apuntesdesanluis.com\/wp-content\/uploads\/2024\/01\/BARRA.png",642,425,false],"newsever-featured":["https:\/\/apuntesdesanluis.com\/wp-content\/uploads\/2024\/01\/BARRA.png",642,425,false],"newsever-medium":["https:\/\/apuntesdesanluis.com\/wp-content\/uploads\/2024\/01\/BARRA.png",642,425,false]},"author_info":{"display_name":"apuntesdesanluis.com","author_link":"https:\/\/apuntesdesanluis.com\/index.php\/author\/apuntesdesanluis-com\/"},"category_info":"<a href=\"https:\/\/apuntesdesanluis.com\/index.php\/category\/nacionales-internacionales\/\" rel=\"category tag\">Nacionales\/Internacionales<\/a>","tag_info":"Nacionales\/Internacionales","comment_count":"0","_links":{"self":[{"href":"https:\/\/apuntesdesanluis.com\/index.php\/wp-json\/wp\/v2\/posts\/9814","targetHints":{"allow":["GET"]}}],"collection":[{"href":"https:\/\/apuntesdesanluis.com\/index.php\/wp-json\/wp\/v2\/posts"}],"about":[{"href":"https:\/\/apuntesdesanluis.com\/index.php\/wp-json\/wp\/v2\/types\/post"}],"author":[{"embeddable":true,"href":"https:\/\/apuntesdesanluis.com\/index.php\/wp-json\/wp\/v2\/users\/1"}],"replies":[{"embeddable":true,"href":"https:\/\/apuntesdesanluis.com\/index.php\/wp-json\/wp\/v2\/comments?post=9814"}],"version-history":[{"count":1,"href":"https:\/\/apuntesdesanluis.com\/index.php\/wp-json\/wp\/v2\/posts\/9814\/revisions"}],"predecessor-version":[{"id":9816,"href":"https:\/\/apuntesdesanluis.com\/index.php\/wp-json\/wp\/v2\/posts\/9814\/revisions\/9816"}],"wp:featuredmedia":[{"embeddable":true,"href":"https:\/\/apuntesdesanluis.com\/index.php\/wp-json\/wp\/v2\/media\/9815"}],"wp:attachment":[{"href":"https:\/\/apuntesdesanluis.com\/index.php\/wp-json\/wp\/v2\/media?parent=9814"}],"wp:term":[{"taxonomy":"category","embeddable":true,"href":"https:\/\/apuntesdesanluis.com\/index.php\/wp-json\/wp\/v2\/categories?post=9814"},{"taxonomy":"post_tag","embeddable":true,"href":"https:\/\/apuntesdesanluis.com\/index.php\/wp-json\/wp\/v2\/tags?post=9814"}],"curies":[{"name":"wp","href":"https:\/\/api.w.org\/{rel}","templated":true}]}}