{"id":9817,"date":"2024-01-09T21:15:59","date_gmt":"2024-01-10T00:15:59","guid":{"rendered":"https:\/\/apuntesdesanluis.com\/?p=9817"},"modified":"2024-01-09T21:15:59","modified_gmt":"2024-01-10T00:15:59","slug":"debate-de-la-ley-omnibus-reclamos-de-la-oposicion-y-promesas-del-gobierno-en-los-puntos-mas-cuestionados","status":"publish","type":"post","link":"https:\/\/apuntesdesanluis.com\/index.php\/2024\/01\/09\/debate-de-la-ley-omnibus-reclamos-de-la-oposicion-y-promesas-del-gobierno-en-los-puntos-mas-cuestionados\/","title":{"rendered":"DEBATE DE LA LEY \u00d3MNIBUS: RECLAMOS DE LA OPOSICI\u00d3N Y PROMESAS DEL GOBIERNO EN LOS PUNTOS M\u00c1S CUESTIONADOS"},"content":{"rendered":"<h3>Un plenario de comisiones de Diputados comenz\u00f3 a analizar este martes, en reuniones informativas, la Ley \u00d3mnibus denominada \u201cBases y Puntos de partida para la libertad de los argentinos\u201d.<\/h3>\n<h3>El arranque estuvo signado por las chicanas, cr\u00edticas y reproches, sobre todo del kirchnerismo, que cuestion\u00f3 la decisi\u00f3n del Gobierno de no enviar a los tres funcionarios principales, el jefe de Gabinete, Nicol\u00e1s Posse; el ministro de Econom\u00eda, Luis Caputo; y la ministra de Capital Humano, Sandra Pettovello.<\/h3>\n<h3>A la sesi\u00f3n plenaria asistieron el Procurador del Tesoro, Rodolfo Barra; el secretario de Energ\u00eda y experto en reforma del Estado, Eduardo Rodr\u00edguez Chirillo; y luego el ministro de Justicia, Mariano C\u00faneo Libarona. Los tres hicieron primero una presentaci\u00f3n y luego recibieron preguntas de diputados, tanto del kirchnerismo como de otros sectores aliados, como el PRO y la UCR. Lo saliente fue, de todos, las constantes cr\u00edticas, quejas y chicanas lanzadas por dirigentes de Uni\u00f3n por la Patria, que rechazaron en la forma y el fondo a la iniciativa.<\/h3>\n<h3>En medio de la expectativa sobre potenciales cambios para conseguir adhesiones, el Gobierno anunci\u00f3 que eval\u00faa bajar el plazo de dos a\u00f1os a uno para las emergencias p\u00fablicas solicitadas y las facultades delegadas al Ejecutivo, cuestiones centrales y de queja para la oposici\u00f3n en el Congreso.<\/h3>\n<h3>Quien desliz\u00f3 esta posibilidad fue el secretario de Energ\u00eda, Eduardo Rodr\u00edguez Chirillo, primer exponente del plenario que realizaron las Comisiones de Legislaci\u00f3n General; Asuntos Constitucionales; y de Presupuesto de la C\u00e1mara baja.<\/h3>\n<h3>\u201cSi se ve la ley de 2019 -empujada por el Gobierno kirchnerista de Alberto Fern\u00e1ndez- no declaraba 11 emergencias p\u00fablicas. S\u00ed declaraba nueve. La diferencia no es tan sustancial\u201d, asegur\u00f3 el funcionario. Chirillo adem\u00e1s dijo que las medidas solicitadas \u201cestablecen objetos y principios siguiendo la t\u00e9cnica legislativa, con objetivos y principios\u201d que respetan la Constituci\u00f3n, as\u00ed como las bases de las delegaciones de facultades del Congreso al Ejecutivo.<\/h3>\n<h3>En ese sentido, manifest\u00f3: \u201cUna vez que se empez\u00f3 a conocer el proyecto suger\u00edan que fueran por un a\u00f1o, m\u00e1s otro de pr\u00f3rroga. Es un aspecto que estamos considerando incluirlo en la versi\u00f3n final\u201d.<\/h3>\n<h3>Rodr\u00edguez Chirillo luego expres\u00f3 que el trabajo comenz\u00f3 en febrero del a\u00f1o pasado junto a responsables de las distintas \u00e1reas, documento que despu\u00e9s se uni\u00f3 al estudio realizado por el funcionario sin cartera Federico Sturzenegger. Por \u00faltimo, dej\u00f3 en claro que \u201cesto no se trata de un cheque en blanco ni que se est\u00e1 pretendiendo cerrar el Congreso, bajo ning\u00fan punto de vista\u201d, ya que \u201cse piden cosas muy espec\u00edficas por plazos que podr\u00edan ser m\u00e1s cortos\u201d, y que el proyecto \u201ces mucho m\u00e1s preciso y moderno respecto a todas las reformas del Estado anteriores que empezaron en los 90 y continuaron despu\u00e9s\u201d.<\/h3>\n<h3><strong>RODOLFO BARRA<\/strong><\/h3>\n<h3>Otro de los expositores fue el procurador del Tesoro, Rodolfo Barra, trascendental para entender los andamiajes legales que procura asentar la Casa Rosada. En esa l\u00ednea, el funcionario dio una definici\u00f3n importante sobre la necesidad de modificar \u201cuna ley central para relaciones entre gobierno y la sociedad, que es ley de procedimientos administrativos, que trata de equilibrar esa dif\u00edcil armon\u00eda entre autoridad y libertad\u201d.<\/h3>\n<h3>Sobre este punto, Barra fue tajante: \u201cLa ley de procedimientos es de 1972 y ha pasado mucha agua bajo el puente. La situaci\u00f3n del pa\u00eds es otra. Fue dictada por el Gobierno militar y hoy podemos entender mejor la relaci\u00f3n entre Estado y sociedad\u201d. El funcionario, adem\u00e1s, record\u00f3 a Juan Bautista Alberdi sobre \u201csituaciones de crisis\u201d que \u201cexigen decisiones de crisis\u201d, y en cuanto a que \u201cmuchas de las facultades especiales pueden ser el \u00fanico medio de llevar a cabo ciertas reformas de larga, dif\u00edcil e insegura ejecuci\u00f3n\u201d.<\/h3>\n<h3>En otro tramo de su disertaci\u00f3n, el procurador del Tesoro asever\u00f3 que \u201cla situaci\u00f3n econ\u00f3mica nos coloc\u00f3 con una deuda terrible, impresionante, y una deuda interna muy grande\u201d. Y agreg\u00f3: \u201cEl Estado es deudor de todos sus contratistas. Esto es algo que hay que intervenir y empezar a solucionarlo\u201d.<\/h3>\n<h3>Desde la oposici\u00f3n, la reuni\u00f3n arranc\u00f3 con cr\u00edticas de parte del jefe kirchnerista, Germ\u00e1n Mart\u00ednez, y su colega y sindicalista bancario Sergio Palazzo. Tambi\u00e9n se sum\u00f3 a ese lote Margarita Stolbizer (Hacemos Coalici\u00f3n Federal).<\/h3>\n<h3>En tanto, Jos\u00e9 Rinaldi, quien se present\u00f3 como vicejefe de Gabinete del Poder Ejecutivo -aparece designado ad honorem como secretario Ejecutivo de Gobierno de Jefatura de Gabinete-, adelant\u00f3 que ma\u00f1ana asistir\u00e1n a Diputados el ministro de Interior, Guillermo Francos; la titular de Seguridad, Patricia Bullrich; y el equipo econ\u00f3mico -no se mencion\u00f3 a Luis Caputo-; mientras que el jueves lo har\u00e1n representantes de educaci\u00f3n, ni\u00f1ez y familia; de cultura; y el ministro de Infraestructura, Guillermo Ferraro.<\/h3>\n<h3><strong>MINISTRO DE JUSTICIA C\u00daNEO LIBARONA<\/strong><\/h3>\n<h3>El \u00faltimo funcionario que se present\u00f3 fue el ministro de Justicia, Mariano C\u00faneo Libarona, quien explic\u00f3 los detalles de las propuestas que est\u00e1n incluidas en la \u201cley \u00f3mnibus\u201d y defendi\u00f3 tanto las reformas en materia de procesos judiciales, y en \u00e1reas como la Inspecci\u00f3n General de Justicia, la Oficina Anticorrupci\u00f3n, la disoluci\u00f3n del INADI y aspectos m\u00e1s nimios como la obligaci\u00f3n de los jueces de portar \u201ctoga y martillo\u201d.<\/h3>\n<h3>El jefe del radicalismo, Rodrigo de Loredo, reconoci\u00f3 que \u201cla sociedad argentina en su gran mayor\u00eda se ha expresado por un cambio de un devenir de las cosas en Argentina\u201d y que \u201cla senda de acelerar las decisiones centrales de un gobierno futuro nos parece cuanto menos oportuna\u201d, ya que \u201cno nos fue bien a nosotros con el gradualismo\u201d.<\/h3>\n<h3>Seguido a ello, de Loredo enfatiz\u00f3 que \u201cel DNU -que desregula la econom\u00eda- es in\u00e9dito en su magnitud y en los temas abordados\u201d, y pregunt\u00f3: \u201c\u00bfQuieren que se aprueben estas herramientas o hay una idea de que se lleve la marca el Parlamento en una discusi\u00f3n, en una confusi\u00f3n, en una multiplicidad de frentes abiertos, y que esta discusi\u00f3n devenga en una suerte de chivo expiatorio, para capear la principal urgencia de los argentinos, que es su devenir econ\u00f3mico?\u201d.<\/h3>\n<h3>Desde el kirchnerismo, el ex radical Leopoldo Moreau plante\u00f3 que el Gobierno intenta dar luz verde a \u201cuna herramienta que est\u00e1 fuera de las instituciones y quieren imponer un estado de excepci\u00f3n, ponerse por encima de las normas constitucionales porque necesitan los instrumentos para callar la protesta social\u201d.<\/h3>\n<h3>Le respondi\u00f3 la macrista Silvia Lospennato, quien resalt\u00f3 que \u201ctodos los gobiernos del kirchnerismo estuvieron bajo emergencias y delegaciones\u201d y que fue el ex presidente Mauricio Macri \u201cquien dej\u00f3 vencerlas\u201d. Varias volvieron en 2019 con el Gobierno de Alberto Fern\u00e1ndez.<\/h3>\n<h3>Otro bloque que advirti\u00f3 al oficialismo fue la Coalici\u00f3n C\u00edvica: Maximiliano Ferraro pidi\u00f3 a la Casa Rosada que defina \u201cuna hoja de ruta\u201d junto a los \u201ctemas a resolver en la urgencia que hoy atraviesa la Argentina\u201d y que, para el resto, no vaya \u201ca las patadas con la no celeridad que puede tener el Parlamento\u201d.<\/h3>\n<p>&nbsp;<\/p>\n<p>&nbsp;<\/p>\n<p>&nbsp;<\/p>\n<p>&nbsp;<\/p>\n","protected":false},"excerpt":{"rendered":"<p>Un plenario de comisiones de Diputados comenz\u00f3 a analizar este martes, en reuniones informativas, la&#8230;<\/p>\n","protected":false},"author":1,"featured_media":9818,"comment_status":"closed","ping_status":"closed","sticky":false,"template":"","format":"standard","meta":{"footnotes":""},"categories":[5],"tags":[],"class_list":["post-9817","post","type-post","status-publish","format-standard","has-post-thumbnail","hentry","category-nacionales-internacionales"],"yoast_head":"<!-- This site is optimized with the Yoast SEO plugin v26.1.1 - https:\/\/yoast.com\/wordpress\/plugins\/seo\/ -->\n<title>DEBATE DE LA LEY \u00d3MNIBUS: RECLAMOS DE LA OPOSICI\u00d3N Y PROMESAS DEL GOBIERNO EN LOS PUNTOS M\u00c1S CUESTIONADOS - Apuntes de San Luis<\/title>\n<meta name=\"robots\" content=\"index, follow, max-snippet:-1, max-image-preview:large, max-video-preview:-1\" \/>\n<link rel=\"canonical\" href=\"https:\/\/apuntesdesanluis.com\/index.php\/2024\/01\/09\/debate-de-la-ley-omnibus-reclamos-de-la-oposicion-y-promesas-del-gobierno-en-los-puntos-mas-cuestionados\/\" \/>\n<meta property=\"og:locale\" content=\"es_ES\" \/>\n<meta property=\"og:type\" content=\"article\" \/>\n<meta property=\"og:title\" content=\"DEBATE DE LA LEY \u00d3MNIBUS: RECLAMOS DE LA OPOSICI\u00d3N Y PROMESAS DEL GOBIERNO EN LOS PUNTOS M\u00c1S CUESTIONADOS - Apuntes de San Luis\" \/>\n<meta property=\"og:description\" content=\"Un plenario de comisiones de Diputados comenz\u00f3 a analizar este martes, en reuniones informativas, la...\" \/>\n<meta property=\"og:url\" content=\"https:\/\/apuntesdesanluis.com\/index.php\/2024\/01\/09\/debate-de-la-ley-omnibus-reclamos-de-la-oposicion-y-promesas-del-gobierno-en-los-puntos-mas-cuestionados\/\" \/>\n<meta property=\"og:site_name\" content=\"Apuntes de San Luis\" \/>\n<meta property=\"article:published_time\" content=\"2024-01-10T00:15:59+00:00\" \/>\n<meta property=\"og:image\" content=\"https:\/\/apuntesdesanluis.com\/wp-content\/uploads\/2024\/01\/DIPUTADOS-Y-LA-LEY-OMNIBUS.png\" \/>\n\t<meta property=\"og:image:width\" content=\"600\" \/>\n\t<meta property=\"og:image:height\" content=\"341\" \/>\n\t<meta property=\"og:image:type\" content=\"image\/png\" \/>\n<meta name=\"author\" content=\"apuntesdesanluis.com\" \/>\n<meta name=\"twitter:card\" content=\"summary_large_image\" \/>\n<meta name=\"twitter:label1\" content=\"Escrito por\" \/>\n\t<meta name=\"twitter:data1\" content=\"apuntesdesanluis.com\" \/>\n\t<meta name=\"twitter:label2\" content=\"Tiempo de lectura\" \/>\n\t<meta name=\"twitter:data2\" content=\"6 minutos\" \/>\n<script type=\"application\/ld+json\" class=\"yoast-schema-graph\">{\"@context\":\"https:\/\/schema.org\",\"@graph\":[{\"@type\":\"Article\",\"@id\":\"https:\/\/apuntesdesanluis.com\/index.php\/2024\/01\/09\/debate-de-la-ley-omnibus-reclamos-de-la-oposicion-y-promesas-del-gobierno-en-los-puntos-mas-cuestionados\/#article\",\"isPartOf\":{\"@id\":\"https:\/\/apuntesdesanluis.com\/index.php\/2024\/01\/09\/debate-de-la-ley-omnibus-reclamos-de-la-oposicion-y-promesas-del-gobierno-en-los-puntos-mas-cuestionados\/\"},\"author\":{\"name\":\"apuntesdesanluis.com\",\"@id\":\"https:\/\/apuntesdesanluis.com\/#\/schema\/person\/b55151d52296fcce64d1a72538a70b90\"},\"headline\":\"DEBATE DE LA LEY \u00d3MNIBUS: RECLAMOS DE LA OPOSICI\u00d3N Y PROMESAS DEL GOBIERNO EN LOS PUNTOS M\u00c1S CUESTIONADOS\",\"datePublished\":\"2024-01-10T00:15:59+00:00\",\"mainEntityOfPage\":{\"@id\":\"https:\/\/apuntesdesanluis.com\/index.php\/2024\/01\/09\/debate-de-la-ley-omnibus-reclamos-de-la-oposicion-y-promesas-del-gobierno-en-los-puntos-mas-cuestionados\/\"},\"wordCount\":1220,\"publisher\":{\"@id\":\"https:\/\/apuntesdesanluis.com\/#\/schema\/person\/b55151d52296fcce64d1a72538a70b90\"},\"image\":{\"@id\":\"https:\/\/apuntesdesanluis.com\/index.php\/2024\/01\/09\/debate-de-la-ley-omnibus-reclamos-de-la-oposicion-y-promesas-del-gobierno-en-los-puntos-mas-cuestionados\/#primaryimage\"},\"thumbnailUrl\":\"https:\/\/apuntesdesanluis.com\/wp-content\/uploads\/2024\/01\/DIPUTADOS-Y-LA-LEY-OMNIBUS.png\",\"articleSection\":[\"Nacionales\/Internacionales\"],\"inLanguage\":\"es-AR\"},{\"@type\":\"WebPage\",\"@id\":\"https:\/\/apuntesdesanluis.com\/index.php\/2024\/01\/09\/debate-de-la-ley-omnibus-reclamos-de-la-oposicion-y-promesas-del-gobierno-en-los-puntos-mas-cuestionados\/\",\"url\":\"https:\/\/apuntesdesanluis.com\/index.php\/2024\/01\/09\/debate-de-la-ley-omnibus-reclamos-de-la-oposicion-y-promesas-del-gobierno-en-los-puntos-mas-cuestionados\/\",\"name\":\"DEBATE DE LA LEY \u00d3MNIBUS: RECLAMOS DE LA OPOSICI\u00d3N Y PROMESAS DEL GOBIERNO EN LOS PUNTOS M\u00c1S CUESTIONADOS - Apuntes de San Luis\",\"isPartOf\":{\"@id\":\"https:\/\/apuntesdesanluis.com\/#website\"},\"primaryImageOfPage\":{\"@id\":\"https:\/\/apuntesdesanluis.com\/index.php\/2024\/01\/09\/debate-de-la-ley-omnibus-reclamos-de-la-oposicion-y-promesas-del-gobierno-en-los-puntos-mas-cuestionados\/#primaryimage\"},\"image\":{\"@id\":\"https:\/\/apuntesdesanluis.com\/index.php\/2024\/01\/09\/debate-de-la-ley-omnibus-reclamos-de-la-oposicion-y-promesas-del-gobierno-en-los-puntos-mas-cuestionados\/#primaryimage\"},\"thumbnailUrl\":\"https:\/\/apuntesdesanluis.com\/wp-content\/uploads\/2024\/01\/DIPUTADOS-Y-LA-LEY-OMNIBUS.png\",\"datePublished\":\"2024-01-10T00:15:59+00:00\",\"breadcrumb\":{\"@id\":\"https:\/\/apuntesdesanluis.com\/index.php\/2024\/01\/09\/debate-de-la-ley-omnibus-reclamos-de-la-oposicion-y-promesas-del-gobierno-en-los-puntos-mas-cuestionados\/#breadcrumb\"},\"inLanguage\":\"es-AR\",\"potentialAction\":[{\"@type\":\"ReadAction\",\"target\":[\"https:\/\/apuntesdesanluis.com\/index.php\/2024\/01\/09\/debate-de-la-ley-omnibus-reclamos-de-la-oposicion-y-promesas-del-gobierno-en-los-puntos-mas-cuestionados\/\"]}]},{\"@type\":\"ImageObject\",\"inLanguage\":\"es-AR\",\"@id\":\"https:\/\/apuntesdesanluis.com\/index.php\/2024\/01\/09\/debate-de-la-ley-omnibus-reclamos-de-la-oposicion-y-promesas-del-gobierno-en-los-puntos-mas-cuestionados\/#primaryimage\",\"url\":\"https:\/\/apuntesdesanluis.com\/wp-content\/uploads\/2024\/01\/DIPUTADOS-Y-LA-LEY-OMNIBUS.png\",\"contentUrl\":\"https:\/\/apuntesdesanluis.com\/wp-content\/uploads\/2024\/01\/DIPUTADOS-Y-LA-LEY-OMNIBUS.png\",\"width\":600,\"height\":341},{\"@type\":\"BreadcrumbList\",\"@id\":\"https:\/\/apuntesdesanluis.com\/index.php\/2024\/01\/09\/debate-de-la-ley-omnibus-reclamos-de-la-oposicion-y-promesas-del-gobierno-en-los-puntos-mas-cuestionados\/#breadcrumb\",\"itemListElement\":[{\"@type\":\"ListItem\",\"position\":1,\"name\":\"Inicio\",\"item\":\"https:\/\/apuntesdesanluis.com\/\"},{\"@type\":\"ListItem\",\"position\":2,\"name\":\"DEBATE DE LA LEY \u00d3MNIBUS: RECLAMOS DE LA OPOSICI\u00d3N Y PROMESAS DEL GOBIERNO EN LOS PUNTOS M\u00c1S CUESTIONADOS\"}]},{\"@type\":\"WebSite\",\"@id\":\"https:\/\/apuntesdesanluis.com\/#website\",\"url\":\"https:\/\/apuntesdesanluis.com\/\",\"name\":\"Apuntes de San Luis\",\"description\":\"\",\"publisher\":{\"@id\":\"https:\/\/apuntesdesanluis.com\/#\/schema\/person\/b55151d52296fcce64d1a72538a70b90\"},\"potentialAction\":[{\"@type\":\"SearchAction\",\"target\":{\"@type\":\"EntryPoint\",\"urlTemplate\":\"https:\/\/apuntesdesanluis.com\/?s={search_term_string}\"},\"query-input\":{\"@type\":\"PropertyValueSpecification\",\"valueRequired\":true,\"valueName\":\"search_term_string\"}}],\"inLanguage\":\"es-AR\"},{\"@type\":[\"Person\",\"Organization\"],\"@id\":\"https:\/\/apuntesdesanluis.com\/#\/schema\/person\/b55151d52296fcce64d1a72538a70b90\",\"name\":\"apuntesdesanluis.com\",\"image\":{\"@type\":\"ImageObject\",\"inLanguage\":\"es-AR\",\"@id\":\"https:\/\/apuntesdesanluis.com\/#\/schema\/person\/image\/\",\"url\":\"https:\/\/apuntesdesanluis.com\/wp-content\/uploads\/2023\/07\/cropped-apuntesdesanluis.png\",\"contentUrl\":\"https:\/\/apuntesdesanluis.com\/wp-content\/uploads\/2023\/07\/cropped-apuntesdesanluis.png\",\"width\":450,\"height\":112,\"caption\":\"apuntesdesanluis.com\"},\"logo\":{\"@id\":\"https:\/\/apuntesdesanluis.com\/#\/schema\/person\/image\/\"},\"sameAs\":[\"https:\/\/apuntesdesanluis.com\"],\"url\":\"https:\/\/apuntesdesanluis.com\/index.php\/author\/apuntesdesanluis-com\/\"}]}<\/script>\n<!-- \/ Yoast SEO plugin. -->","yoast_head_json":{"title":"DEBATE DE LA LEY \u00d3MNIBUS: RECLAMOS DE LA OPOSICI\u00d3N Y PROMESAS DEL GOBIERNO EN LOS PUNTOS M\u00c1S CUESTIONADOS - Apuntes de San Luis","robots":{"index":"index","follow":"follow","max-snippet":"max-snippet:-1","max-image-preview":"max-image-preview:large","max-video-preview":"max-video-preview:-1"},"canonical":"https:\/\/apuntesdesanluis.com\/index.php\/2024\/01\/09\/debate-de-la-ley-omnibus-reclamos-de-la-oposicion-y-promesas-del-gobierno-en-los-puntos-mas-cuestionados\/","og_locale":"es_ES","og_type":"article","og_title":"DEBATE DE LA LEY \u00d3MNIBUS: RECLAMOS DE LA OPOSICI\u00d3N Y PROMESAS DEL GOBIERNO EN LOS PUNTOS M\u00c1S CUESTIONADOS - Apuntes de San Luis","og_description":"Un plenario de comisiones de Diputados comenz\u00f3 a analizar este martes, en reuniones informativas, la...","og_url":"https:\/\/apuntesdesanluis.com\/index.php\/2024\/01\/09\/debate-de-la-ley-omnibus-reclamos-de-la-oposicion-y-promesas-del-gobierno-en-los-puntos-mas-cuestionados\/","og_site_name":"Apuntes de San Luis","article_published_time":"2024-01-10T00:15:59+00:00","og_image":[{"width":600,"height":341,"url":"https:\/\/apuntesdesanluis.com\/wp-content\/uploads\/2024\/01\/DIPUTADOS-Y-LA-LEY-OMNIBUS.png","type":"image\/png"}],"author":"apuntesdesanluis.com","twitter_card":"summary_large_image","twitter_misc":{"Escrito por":"apuntesdesanluis.com","Tiempo de lectura":"6 minutos"},"schema":{"@context":"https:\/\/schema.org","@graph":[{"@type":"Article","@id":"https:\/\/apuntesdesanluis.com\/index.php\/2024\/01\/09\/debate-de-la-ley-omnibus-reclamos-de-la-oposicion-y-promesas-del-gobierno-en-los-puntos-mas-cuestionados\/#article","isPartOf":{"@id":"https:\/\/apuntesdesanluis.com\/index.php\/2024\/01\/09\/debate-de-la-ley-omnibus-reclamos-de-la-oposicion-y-promesas-del-gobierno-en-los-puntos-mas-cuestionados\/"},"author":{"name":"apuntesdesanluis.com","@id":"https:\/\/apuntesdesanluis.com\/#\/schema\/person\/b55151d52296fcce64d1a72538a70b90"},"headline":"DEBATE DE LA LEY \u00d3MNIBUS: RECLAMOS DE LA OPOSICI\u00d3N Y PROMESAS DEL GOBIERNO EN LOS PUNTOS M\u00c1S CUESTIONADOS","datePublished":"2024-01-10T00:15:59+00:00","mainEntityOfPage":{"@id":"https:\/\/apuntesdesanluis.com\/index.php\/2024\/01\/09\/debate-de-la-ley-omnibus-reclamos-de-la-oposicion-y-promesas-del-gobierno-en-los-puntos-mas-cuestionados\/"},"wordCount":1220,"publisher":{"@id":"https:\/\/apuntesdesanluis.com\/#\/schema\/person\/b55151d52296fcce64d1a72538a70b90"},"image":{"@id":"https:\/\/apuntesdesanluis.com\/index.php\/2024\/01\/09\/debate-de-la-ley-omnibus-reclamos-de-la-oposicion-y-promesas-del-gobierno-en-los-puntos-mas-cuestionados\/#primaryimage"},"thumbnailUrl":"https:\/\/apuntesdesanluis.com\/wp-content\/uploads\/2024\/01\/DIPUTADOS-Y-LA-LEY-OMNIBUS.png","articleSection":["Nacionales\/Internacionales"],"inLanguage":"es-AR"},{"@type":"WebPage","@id":"https:\/\/apuntesdesanluis.com\/index.php\/2024\/01\/09\/debate-de-la-ley-omnibus-reclamos-de-la-oposicion-y-promesas-del-gobierno-en-los-puntos-mas-cuestionados\/","url":"https:\/\/apuntesdesanluis.com\/index.php\/2024\/01\/09\/debate-de-la-ley-omnibus-reclamos-de-la-oposicion-y-promesas-del-gobierno-en-los-puntos-mas-cuestionados\/","name":"DEBATE DE LA LEY \u00d3MNIBUS: RECLAMOS DE LA OPOSICI\u00d3N Y PROMESAS DEL GOBIERNO EN LOS PUNTOS M\u00c1S CUESTIONADOS - Apuntes de San Luis","isPartOf":{"@id":"https:\/\/apuntesdesanluis.com\/#website"},"primaryImageOfPage":{"@id":"https:\/\/apuntesdesanluis.com\/index.php\/2024\/01\/09\/debate-de-la-ley-omnibus-reclamos-de-la-oposicion-y-promesas-del-gobierno-en-los-puntos-mas-cuestionados\/#primaryimage"},"image":{"@id":"https:\/\/apuntesdesanluis.com\/index.php\/2024\/01\/09\/debate-de-la-ley-omnibus-reclamos-de-la-oposicion-y-promesas-del-gobierno-en-los-puntos-mas-cuestionados\/#primaryimage"},"thumbnailUrl":"https:\/\/apuntesdesanluis.com\/wp-content\/uploads\/2024\/01\/DIPUTADOS-Y-LA-LEY-OMNIBUS.png","datePublished":"2024-01-10T00:15:59+00:00","breadcrumb":{"@id":"https:\/\/apuntesdesanluis.com\/index.php\/2024\/01\/09\/debate-de-la-ley-omnibus-reclamos-de-la-oposicion-y-promesas-del-gobierno-en-los-puntos-mas-cuestionados\/#breadcrumb"},"inLanguage":"es-AR","potentialAction":[{"@type":"ReadAction","target":["https:\/\/apuntesdesanluis.com\/index.php\/2024\/01\/09\/debate-de-la-ley-omnibus-reclamos-de-la-oposicion-y-promesas-del-gobierno-en-los-puntos-mas-cuestionados\/"]}]},{"@type":"ImageObject","inLanguage":"es-AR","@id":"https:\/\/apuntesdesanluis.com\/index.php\/2024\/01\/09\/debate-de-la-ley-omnibus-reclamos-de-la-oposicion-y-promesas-del-gobierno-en-los-puntos-mas-cuestionados\/#primaryimage","url":"https:\/\/apuntesdesanluis.com\/wp-content\/uploads\/2024\/01\/DIPUTADOS-Y-LA-LEY-OMNIBUS.png","contentUrl":"https:\/\/apuntesdesanluis.com\/wp-content\/uploads\/2024\/01\/DIPUTADOS-Y-LA-LEY-OMNIBUS.png","width":600,"height":341},{"@type":"BreadcrumbList","@id":"https:\/\/apuntesdesanluis.com\/index.php\/2024\/01\/09\/debate-de-la-ley-omnibus-reclamos-de-la-oposicion-y-promesas-del-gobierno-en-los-puntos-mas-cuestionados\/#breadcrumb","itemListElement":[{"@type":"ListItem","position":1,"name":"Inicio","item":"https:\/\/apuntesdesanluis.com\/"},{"@type":"ListItem","position":2,"name":"DEBATE DE LA LEY \u00d3MNIBUS: RECLAMOS DE LA OPOSICI\u00d3N Y PROMESAS DEL GOBIERNO EN LOS PUNTOS M\u00c1S CUESTIONADOS"}]},{"@type":"WebSite","@id":"https:\/\/apuntesdesanluis.com\/#website","url":"https:\/\/apuntesdesanluis.com\/","name":"Apuntes de San Luis","description":"","publisher":{"@id":"https:\/\/apuntesdesanluis.com\/#\/schema\/person\/b55151d52296fcce64d1a72538a70b90"},"potentialAction":[{"@type":"SearchAction","target":{"@type":"EntryPoint","urlTemplate":"https:\/\/apuntesdesanluis.com\/?s={search_term_string}"},"query-input":{"@type":"PropertyValueSpecification","valueRequired":true,"valueName":"search_term_string"}}],"inLanguage":"es-AR"},{"@type":["Person","Organization"],"@id":"https:\/\/apuntesdesanluis.com\/#\/schema\/person\/b55151d52296fcce64d1a72538a70b90","name":"apuntesdesanluis.com","image":{"@type":"ImageObject","inLanguage":"es-AR","@id":"https:\/\/apuntesdesanluis.com\/#\/schema\/person\/image\/","url":"https:\/\/apuntesdesanluis.com\/wp-content\/uploads\/2023\/07\/cropped-apuntesdesanluis.png","contentUrl":"https:\/\/apuntesdesanluis.com\/wp-content\/uploads\/2023\/07\/cropped-apuntesdesanluis.png","width":450,"height":112,"caption":"apuntesdesanluis.com"},"logo":{"@id":"https:\/\/apuntesdesanluis.com\/#\/schema\/person\/image\/"},"sameAs":["https:\/\/apuntesdesanluis.com"],"url":"https:\/\/apuntesdesanluis.com\/index.php\/author\/apuntesdesanluis-com\/"}]}},"featured_image_urls":{"full":["https:\/\/apuntesdesanluis.com\/wp-content\/uploads\/2024\/01\/DIPUTADOS-Y-LA-LEY-OMNIBUS.png",600,341,false],"thumbnail":["https:\/\/apuntesdesanluis.com\/wp-content\/uploads\/2024\/01\/DIPUTADOS-Y-LA-LEY-OMNIBUS-150x150.png",150,150,true],"medium":["https:\/\/apuntesdesanluis.com\/wp-content\/uploads\/2024\/01\/DIPUTADOS-Y-LA-LEY-OMNIBUS-300x171.png",300,171,true],"medium_large":["https:\/\/apuntesdesanluis.com\/wp-content\/uploads\/2024\/01\/DIPUTADOS-Y-LA-LEY-OMNIBUS.png",600,341,false],"large":["https:\/\/apuntesdesanluis.com\/wp-content\/uploads\/2024\/01\/DIPUTADOS-Y-LA-LEY-OMNIBUS.png",600,341,false],"1536x1536":["https:\/\/apuntesdesanluis.com\/wp-content\/uploads\/2024\/01\/DIPUTADOS-Y-LA-LEY-OMNIBUS.png",600,341,false],"2048x2048":["https:\/\/apuntesdesanluis.com\/wp-content\/uploads\/2024\/01\/DIPUTADOS-Y-LA-LEY-OMNIBUS.png",600,341,false],"newsever-slider-full":["https:\/\/apuntesdesanluis.com\/wp-content\/uploads\/2024\/01\/DIPUTADOS-Y-LA-LEY-OMNIBUS.png",600,341,false],"newsever-featured":["https:\/\/apuntesdesanluis.com\/wp-content\/uploads\/2024\/01\/DIPUTADOS-Y-LA-LEY-OMNIBUS.png",600,341,false],"newsever-medium":["https:\/\/apuntesdesanluis.com\/wp-content\/uploads\/2024\/01\/DIPUTADOS-Y-LA-LEY-OMNIBUS.png",600,341,false]},"author_info":{"display_name":"apuntesdesanluis.com","author_link":"https:\/\/apuntesdesanluis.com\/index.php\/author\/apuntesdesanluis-com\/"},"category_info":"<a href=\"https:\/\/apuntesdesanluis.com\/index.php\/category\/nacionales-internacionales\/\" rel=\"category tag\">Nacionales\/Internacionales<\/a>","tag_info":"Nacionales\/Internacionales","comment_count":"0","_links":{"self":[{"href":"https:\/\/apuntesdesanluis.com\/index.php\/wp-json\/wp\/v2\/posts\/9817","targetHints":{"allow":["GET"]}}],"collection":[{"href":"https:\/\/apuntesdesanluis.com\/index.php\/wp-json\/wp\/v2\/posts"}],"about":[{"href":"https:\/\/apuntesdesanluis.com\/index.php\/wp-json\/wp\/v2\/types\/post"}],"author":[{"embeddable":true,"href":"https:\/\/apuntesdesanluis.com\/index.php\/wp-json\/wp\/v2\/users\/1"}],"replies":[{"embeddable":true,"href":"https:\/\/apuntesdesanluis.com\/index.php\/wp-json\/wp\/v2\/comments?post=9817"}],"version-history":[{"count":1,"href":"https:\/\/apuntesdesanluis.com\/index.php\/wp-json\/wp\/v2\/posts\/9817\/revisions"}],"predecessor-version":[{"id":9819,"href":"https:\/\/apuntesdesanluis.com\/index.php\/wp-json\/wp\/v2\/posts\/9817\/revisions\/9819"}],"wp:featuredmedia":[{"embeddable":true,"href":"https:\/\/apuntesdesanluis.com\/index.php\/wp-json\/wp\/v2\/media\/9818"}],"wp:attachment":[{"href":"https:\/\/apuntesdesanluis.com\/index.php\/wp-json\/wp\/v2\/media?parent=9817"}],"wp:term":[{"taxonomy":"category","embeddable":true,"href":"https:\/\/apuntesdesanluis.com\/index.php\/wp-json\/wp\/v2\/categories?post=9817"},{"taxonomy":"post_tag","embeddable":true,"href":"https:\/\/apuntesdesanluis.com\/index.php\/wp-json\/wp\/v2\/tags?post=9817"}],"curies":[{"name":"wp","href":"https:\/\/api.w.org\/{rel}","templated":true}]}}