{"id":9825,"date":"2024-01-09T22:13:43","date_gmt":"2024-01-10T01:13:43","guid":{"rendered":"https:\/\/apuntesdesanluis.com\/?p=9825"},"modified":"2024-01-09T22:13:43","modified_gmt":"2024-01-10T01:13:43","slug":"la-privatizacion-del-banco-nacion-suma-rechazos-de-expertos-y-politicos","status":"publish","type":"post","link":"https:\/\/apuntesdesanluis.com\/index.php\/2024\/01\/09\/la-privatizacion-del-banco-nacion-suma-rechazos-de-expertos-y-politicos\/","title":{"rendered":"LA PRIVATIZACI\u00d3N DEL BANCO NACI\u00d3N SUMA RECHAZOS DE EXPERTOS Y POL\u00cdTICOS"},"content":{"rendered":"<h3>Para el Gobierno nacional se trata de uno de los puntos principales de sus reformas y para Luis Caputo una revancha, pero para dirigentes de la oposici\u00f3n y analistas pol\u00edticos se trata de una l\u00ednea roja que no se debe traspasar.<\/h3>\n<h3>Por <em><strong>Antonio D\u00b4Eramo *<\/strong><\/em><\/h3>\n<h3>Una fe privatizadora como no se ve\u00eda desde la d\u00e9cada del &#8217;90 del siglo pasado durante las presidencias de Carlos Menem, que es considerada anacr\u00f3nica por el polit\u00f3logo y ex titular del Banco Provincia (2008-11), Gustavo Marangoni, que en un reciente informe se\u00f1al\u00f3, \u201cAntes que pretender distorsionar el funcionamiento de la industria bancaria motivado por un prisma ideol\u00f3gico desactualizado, el presidente y su equipo pueden contribuir a darle el insumo que m\u00e1s necesita el sistema financiero (p\u00fablico y privado): bajar el d\u00e9ficit fiscal, estabilizar la inflaci\u00f3n, recuperar la moneda y facilitar nuevas fuentes de financiamiento a mediano y largo plazo\u201d.<\/h3>\n<h3>Sin embargo, la administraci\u00f3n de Javier Milei, ha tomado la privatizaci\u00f3n de la banca p\u00fablica como un objetivo central de su programa y el ministro de econom\u00eda Luis \u201cToto\u201d Caputo, como una revancha p\u00fablica de lo que podr\u00eda haber hecho durante la presidencia de Mauricio Macri y no pudo concretar.<\/h3>\n<h3>Porque si bien Daniel Tillard se preocup\u00f3 por ense\u00f1ar los malos resultados del Banco Naci\u00f3n al se\u00f1alar, \u201cen los \u00faltimos a\u00f1os, el BNA no priorizara su objetivo de canalizar el cr\u00e9dito a favor de la PyMEs y las familias argentinas. Hoy las LELIQS, los t\u00edtulos p\u00fablicos y el efectivo representan el 88,03% de los dep\u00f3sitos\u201d, es el ministro de Econom\u00eda, Luis Caputo, el que tiene un esquema de ingenier\u00eda financiera realizada y analizada con directivos de la banca privada para avanzar en una privatizaci\u00f3n del Naci\u00f3n por la que colocar\u00eda Obligaciones no Negociables con inversores de Wall Street y patrocinar\u00eda una oferta p\u00fablica de acciones.<\/h3>\n<h3>Ahora bien, a estos planes, que por ahora son directrices en un papel, se le oponen una gran cantidad de legisladores que en el Congreso no est\u00e1n dispuestos a aprobar el proyecto.<\/h3>\n<h3>A la obvia referencia de sectores de la izquierda y el kirchnerismo se le suma la posici\u00f3n de la bancada de diputados de la UCR que tienen en claro el argumento principal que esbozar\u00e1n en el recinto, &#8220;\u2026Nosotros no somos casta ni representamos a ning\u00fan sector concentrado financiero, representamos al pueblo que cada vez que va a sacar un cr\u00e9dito va a golpear la puerta del Banco Naci\u00f3n&#8221;.<\/h3>\n<h3>Desde el oficialismo de LLA y el PRO reducen la discusi\u00f3n a t\u00e9rminos de eficiencia y sostienen que &#8220;\u2026se evidencian deficiencias en las pr\u00e1cticas de cr\u00e9dito. El banco registra indicadores de mora muy negativos. Los pr\u00e9stamos en situaci\u00f3n irregular son el 7,40% del total y en los pr\u00e9stamos a las empresas la irregularidad es peor: alcanza al 11,70%\u201d.<\/h3>\n<h3>Para el docente e historiador, Juan Di Paolo, si se habla de n\u00fameros finos hay que decir que \u201c\u2026el BNA, representa 13 mil billones de pesos en dep\u00f3sitos en plazos fijos traducidos en la capacidad de ahorro de los argentinos. Estos billones implican, adem\u00e1s el otorgamiento de cr\u00e9ditos para la producci\u00f3n nacional\u201d y, agrega en un documento publicado en Memo.com.ar \u201cEl Banco Naci\u00f3n logra llegar al \u00faltimo rinc\u00f3n de la Argentina, con cr\u00e9ditos y cuentas sueldo. La importancia del Banco Naci\u00f3n es el poder de direccionamiento del cr\u00e9dito en t\u00e9rminos productivos e industriales. Dicha instituci\u00f3n cuenta, tambi\u00e9n, con m\u00e1s de 700 sucursales en el interior del pa\u00eds, completando as\u00ed la mayor ocupaci\u00f3n territorial de una instituci\u00f3n financiera\u201d.<\/h3>\n<h3>El polit\u00f3logo, Gustavo Marangoni, precisa que la Ley \u00d3mnibus es m\u00e1s profunda acerca de la privatizaci\u00f3n de la banca p\u00fablica a la que cataloga como una \u201cmala idea\u201d. \u201cLa banca p\u00fablica la conforman 13 entidades, donde 2 son nacionales (BNA y BICE, que son los candidatos al \u201cprivat\u00edcese\u201d), 9 son bancos provinciales y 2 son municipales. Seguramente todos ellos ser\u00edan objeto de la misma intenci\u00f3n privatizadora si fueran resortes del PEN\u201d.<\/h3>\n<h3>El documento de Gustavo Marangoni que firma junto a Fabio Rodr\u00edguez, se\u00f1ala tres hip\u00f3tesis falsas sobre las entidades financieras p\u00fablicas: que los bancos tienen un mal desempe\u00f1o econ\u00f3mico financiero; que la banca p\u00fablica se qued\u00f3 en los &#8217;80 y que los bancos p\u00fablicos tienen una porci\u00f3n de mercado apetecible para crear un nuevo entorno competitivo dominado por actores privados.<\/h3>\n<h3>Acerca del \u00faltimo punto repasa que \u201c\u2026son 13 entidades p\u00fablicas, que representan el 17% del total del sistema y dominan entre el 35% y 45% del negocio medido por las variables m\u00e1s relevantes: cr\u00e9ditos al sector privado, dep\u00f3sitos de familias y empresas, cajas de ahorro, cuentas sueldos, sucursales y cajeros. Claro que como el desempe\u00f1o es eficiente tambi\u00e9n representan el 43% del total de ganancias acumuladas en 10 meses del 2023 por todo el sistema\u201d.<\/h3>\n<h3>Por ello, para los autores, la idea de privatizar instituciones bancarias eficientes nace con la sospecha de ser una pol\u00edtica alejada del inter\u00e9s del bien p\u00fablico porque\u00a0 \u201c\u2026puede pensarse que un tama\u00f1o de negocio muy relevante y rentable, que no requiere inyectarle capital para su mejor desempe\u00f1o, resulta atractivo para quien tenga la visi\u00f3n de excluir del entorno de negocios y de la competencia el accionar de los bancos p\u00fablicos\u201d.<\/h3>\n<h3><strong><em>* Periodista. Consultor en comunicaciones corporativas y prensa. (NA)<\/em><\/strong><\/h3>\n","protected":false},"excerpt":{"rendered":"<p>Para el Gobierno nacional se trata de uno de los puntos principales de sus reformas&#8230;<\/p>\n","protected":false},"author":1,"featured_media":9826,"comment_status":"closed","ping_status":"closed","sticky":false,"template":"","format":"standard","meta":{"footnotes":""},"categories":[9],"tags":[],"class_list":["post-9825","post","type-post","status-publish","format-standard","has-post-thumbnail","hentry","category-opinion"],"yoast_head":"<!-- This site is optimized with the Yoast SEO plugin v26.1.1 - https:\/\/yoast.com\/wordpress\/plugins\/seo\/ -->\n<title>LA PRIVATIZACI\u00d3N DEL BANCO NACI\u00d3N SUMA RECHAZOS DE EXPERTOS Y POL\u00cdTICOS - Apuntes de San Luis<\/title>\n<meta name=\"robots\" content=\"index, follow, max-snippet:-1, max-image-preview:large, max-video-preview:-1\" \/>\n<link rel=\"canonical\" href=\"https:\/\/apuntesdesanluis.com\/index.php\/2024\/01\/09\/la-privatizacion-del-banco-nacion-suma-rechazos-de-expertos-y-politicos\/\" \/>\n<meta property=\"og:locale\" content=\"es_ES\" \/>\n<meta property=\"og:type\" content=\"article\" \/>\n<meta property=\"og:title\" content=\"LA PRIVATIZACI\u00d3N DEL BANCO NACI\u00d3N SUMA RECHAZOS DE EXPERTOS Y POL\u00cdTICOS - Apuntes de San Luis\" \/>\n<meta property=\"og:description\" content=\"Para el Gobierno nacional se trata de uno de los puntos principales de sus reformas...\" \/>\n<meta property=\"og:url\" content=\"https:\/\/apuntesdesanluis.com\/index.php\/2024\/01\/09\/la-privatizacion-del-banco-nacion-suma-rechazos-de-expertos-y-politicos\/\" \/>\n<meta property=\"og:site_name\" content=\"Apuntes de San Luis\" \/>\n<meta property=\"article:published_time\" content=\"2024-01-10T01:13:43+00:00\" \/>\n<meta property=\"og:image\" content=\"https:\/\/apuntesdesanluis.com\/wp-content\/uploads\/2024\/01\/banco-nacion.png\" \/>\n\t<meta property=\"og:image:width\" content=\"600\" \/>\n\t<meta property=\"og:image:height\" content=\"334\" \/>\n\t<meta property=\"og:image:type\" content=\"image\/png\" \/>\n<meta name=\"author\" content=\"apuntesdesanluis.com\" \/>\n<meta name=\"twitter:card\" content=\"summary_large_image\" \/>\n<meta name=\"twitter:label1\" content=\"Escrito por\" \/>\n\t<meta name=\"twitter:data1\" content=\"apuntesdesanluis.com\" \/>\n\t<meta name=\"twitter:label2\" content=\"Tiempo de lectura\" \/>\n\t<meta name=\"twitter:data2\" content=\"4 minutos\" \/>\n<script type=\"application\/ld+json\" class=\"yoast-schema-graph\">{\"@context\":\"https:\/\/schema.org\",\"@graph\":[{\"@type\":\"Article\",\"@id\":\"https:\/\/apuntesdesanluis.com\/index.php\/2024\/01\/09\/la-privatizacion-del-banco-nacion-suma-rechazos-de-expertos-y-politicos\/#article\",\"isPartOf\":{\"@id\":\"https:\/\/apuntesdesanluis.com\/index.php\/2024\/01\/09\/la-privatizacion-del-banco-nacion-suma-rechazos-de-expertos-y-politicos\/\"},\"author\":{\"name\":\"apuntesdesanluis.com\",\"@id\":\"https:\/\/apuntesdesanluis.com\/#\/schema\/person\/b55151d52296fcce64d1a72538a70b90\"},\"headline\":\"LA PRIVATIZACI\u00d3N DEL BANCO NACI\u00d3N SUMA RECHAZOS DE EXPERTOS Y POL\u00cdTICOS\",\"datePublished\":\"2024-01-10T01:13:43+00:00\",\"mainEntityOfPage\":{\"@id\":\"https:\/\/apuntesdesanluis.com\/index.php\/2024\/01\/09\/la-privatizacion-del-banco-nacion-suma-rechazos-de-expertos-y-politicos\/\"},\"wordCount\":952,\"publisher\":{\"@id\":\"https:\/\/apuntesdesanluis.com\/#\/schema\/person\/b55151d52296fcce64d1a72538a70b90\"},\"image\":{\"@id\":\"https:\/\/apuntesdesanluis.com\/index.php\/2024\/01\/09\/la-privatizacion-del-banco-nacion-suma-rechazos-de-expertos-y-politicos\/#primaryimage\"},\"thumbnailUrl\":\"https:\/\/apuntesdesanluis.com\/wp-content\/uploads\/2024\/01\/banco-nacion.png\",\"articleSection\":[\"Opini\u00f3n\"],\"inLanguage\":\"es-AR\"},{\"@type\":\"WebPage\",\"@id\":\"https:\/\/apuntesdesanluis.com\/index.php\/2024\/01\/09\/la-privatizacion-del-banco-nacion-suma-rechazos-de-expertos-y-politicos\/\",\"url\":\"https:\/\/apuntesdesanluis.com\/index.php\/2024\/01\/09\/la-privatizacion-del-banco-nacion-suma-rechazos-de-expertos-y-politicos\/\",\"name\":\"LA PRIVATIZACI\u00d3N DEL BANCO NACI\u00d3N SUMA RECHAZOS DE EXPERTOS Y POL\u00cdTICOS - Apuntes de San Luis\",\"isPartOf\":{\"@id\":\"https:\/\/apuntesdesanluis.com\/#website\"},\"primaryImageOfPage\":{\"@id\":\"https:\/\/apuntesdesanluis.com\/index.php\/2024\/01\/09\/la-privatizacion-del-banco-nacion-suma-rechazos-de-expertos-y-politicos\/#primaryimage\"},\"image\":{\"@id\":\"https:\/\/apuntesdesanluis.com\/index.php\/2024\/01\/09\/la-privatizacion-del-banco-nacion-suma-rechazos-de-expertos-y-politicos\/#primaryimage\"},\"thumbnailUrl\":\"https:\/\/apuntesdesanluis.com\/wp-content\/uploads\/2024\/01\/banco-nacion.png\",\"datePublished\":\"2024-01-10T01:13:43+00:00\",\"breadcrumb\":{\"@id\":\"https:\/\/apuntesdesanluis.com\/index.php\/2024\/01\/09\/la-privatizacion-del-banco-nacion-suma-rechazos-de-expertos-y-politicos\/#breadcrumb\"},\"inLanguage\":\"es-AR\",\"potentialAction\":[{\"@type\":\"ReadAction\",\"target\":[\"https:\/\/apuntesdesanluis.com\/index.php\/2024\/01\/09\/la-privatizacion-del-banco-nacion-suma-rechazos-de-expertos-y-politicos\/\"]}]},{\"@type\":\"ImageObject\",\"inLanguage\":\"es-AR\",\"@id\":\"https:\/\/apuntesdesanluis.com\/index.php\/2024\/01\/09\/la-privatizacion-del-banco-nacion-suma-rechazos-de-expertos-y-politicos\/#primaryimage\",\"url\":\"https:\/\/apuntesdesanluis.com\/wp-content\/uploads\/2024\/01\/banco-nacion.png\",\"contentUrl\":\"https:\/\/apuntesdesanluis.com\/wp-content\/uploads\/2024\/01\/banco-nacion.png\",\"width\":600,\"height\":334},{\"@type\":\"BreadcrumbList\",\"@id\":\"https:\/\/apuntesdesanluis.com\/index.php\/2024\/01\/09\/la-privatizacion-del-banco-nacion-suma-rechazos-de-expertos-y-politicos\/#breadcrumb\",\"itemListElement\":[{\"@type\":\"ListItem\",\"position\":1,\"name\":\"Inicio\",\"item\":\"https:\/\/apuntesdesanluis.com\/\"},{\"@type\":\"ListItem\",\"position\":2,\"name\":\"LA PRIVATIZACI\u00d3N DEL BANCO NACI\u00d3N SUMA RECHAZOS DE EXPERTOS Y POL\u00cdTICOS\"}]},{\"@type\":\"WebSite\",\"@id\":\"https:\/\/apuntesdesanluis.com\/#website\",\"url\":\"https:\/\/apuntesdesanluis.com\/\",\"name\":\"Apuntes de San Luis\",\"description\":\"\",\"publisher\":{\"@id\":\"https:\/\/apuntesdesanluis.com\/#\/schema\/person\/b55151d52296fcce64d1a72538a70b90\"},\"potentialAction\":[{\"@type\":\"SearchAction\",\"target\":{\"@type\":\"EntryPoint\",\"urlTemplate\":\"https:\/\/apuntesdesanluis.com\/?s={search_term_string}\"},\"query-input\":{\"@type\":\"PropertyValueSpecification\",\"valueRequired\":true,\"valueName\":\"search_term_string\"}}],\"inLanguage\":\"es-AR\"},{\"@type\":[\"Person\",\"Organization\"],\"@id\":\"https:\/\/apuntesdesanluis.com\/#\/schema\/person\/b55151d52296fcce64d1a72538a70b90\",\"name\":\"apuntesdesanluis.com\",\"image\":{\"@type\":\"ImageObject\",\"inLanguage\":\"es-AR\",\"@id\":\"https:\/\/apuntesdesanluis.com\/#\/schema\/person\/image\/\",\"url\":\"https:\/\/apuntesdesanluis.com\/wp-content\/uploads\/2023\/07\/cropped-apuntesdesanluis.png\",\"contentUrl\":\"https:\/\/apuntesdesanluis.com\/wp-content\/uploads\/2023\/07\/cropped-apuntesdesanluis.png\",\"width\":450,\"height\":112,\"caption\":\"apuntesdesanluis.com\"},\"logo\":{\"@id\":\"https:\/\/apuntesdesanluis.com\/#\/schema\/person\/image\/\"},\"sameAs\":[\"https:\/\/apuntesdesanluis.com\"],\"url\":\"https:\/\/apuntesdesanluis.com\/index.php\/author\/apuntesdesanluis-com\/\"}]}<\/script>\n<!-- \/ Yoast SEO plugin. -->","yoast_head_json":{"title":"LA PRIVATIZACI\u00d3N DEL BANCO NACI\u00d3N SUMA RECHAZOS DE EXPERTOS Y POL\u00cdTICOS - Apuntes de San Luis","robots":{"index":"index","follow":"follow","max-snippet":"max-snippet:-1","max-image-preview":"max-image-preview:large","max-video-preview":"max-video-preview:-1"},"canonical":"https:\/\/apuntesdesanluis.com\/index.php\/2024\/01\/09\/la-privatizacion-del-banco-nacion-suma-rechazos-de-expertos-y-politicos\/","og_locale":"es_ES","og_type":"article","og_title":"LA PRIVATIZACI\u00d3N DEL BANCO NACI\u00d3N SUMA RECHAZOS DE EXPERTOS Y POL\u00cdTICOS - Apuntes de San Luis","og_description":"Para el Gobierno nacional se trata de uno de los puntos principales de sus reformas...","og_url":"https:\/\/apuntesdesanluis.com\/index.php\/2024\/01\/09\/la-privatizacion-del-banco-nacion-suma-rechazos-de-expertos-y-politicos\/","og_site_name":"Apuntes de San Luis","article_published_time":"2024-01-10T01:13:43+00:00","og_image":[{"width":600,"height":334,"url":"https:\/\/apuntesdesanluis.com\/wp-content\/uploads\/2024\/01\/banco-nacion.png","type":"image\/png"}],"author":"apuntesdesanluis.com","twitter_card":"summary_large_image","twitter_misc":{"Escrito por":"apuntesdesanluis.com","Tiempo de lectura":"4 minutos"},"schema":{"@context":"https:\/\/schema.org","@graph":[{"@type":"Article","@id":"https:\/\/apuntesdesanluis.com\/index.php\/2024\/01\/09\/la-privatizacion-del-banco-nacion-suma-rechazos-de-expertos-y-politicos\/#article","isPartOf":{"@id":"https:\/\/apuntesdesanluis.com\/index.php\/2024\/01\/09\/la-privatizacion-del-banco-nacion-suma-rechazos-de-expertos-y-politicos\/"},"author":{"name":"apuntesdesanluis.com","@id":"https:\/\/apuntesdesanluis.com\/#\/schema\/person\/b55151d52296fcce64d1a72538a70b90"},"headline":"LA PRIVATIZACI\u00d3N DEL BANCO NACI\u00d3N SUMA RECHAZOS DE EXPERTOS Y POL\u00cdTICOS","datePublished":"2024-01-10T01:13:43+00:00","mainEntityOfPage":{"@id":"https:\/\/apuntesdesanluis.com\/index.php\/2024\/01\/09\/la-privatizacion-del-banco-nacion-suma-rechazos-de-expertos-y-politicos\/"},"wordCount":952,"publisher":{"@id":"https:\/\/apuntesdesanluis.com\/#\/schema\/person\/b55151d52296fcce64d1a72538a70b90"},"image":{"@id":"https:\/\/apuntesdesanluis.com\/index.php\/2024\/01\/09\/la-privatizacion-del-banco-nacion-suma-rechazos-de-expertos-y-politicos\/#primaryimage"},"thumbnailUrl":"https:\/\/apuntesdesanluis.com\/wp-content\/uploads\/2024\/01\/banco-nacion.png","articleSection":["Opini\u00f3n"],"inLanguage":"es-AR"},{"@type":"WebPage","@id":"https:\/\/apuntesdesanluis.com\/index.php\/2024\/01\/09\/la-privatizacion-del-banco-nacion-suma-rechazos-de-expertos-y-politicos\/","url":"https:\/\/apuntesdesanluis.com\/index.php\/2024\/01\/09\/la-privatizacion-del-banco-nacion-suma-rechazos-de-expertos-y-politicos\/","name":"LA PRIVATIZACI\u00d3N DEL BANCO NACI\u00d3N SUMA RECHAZOS DE EXPERTOS Y POL\u00cdTICOS - Apuntes de San Luis","isPartOf":{"@id":"https:\/\/apuntesdesanluis.com\/#website"},"primaryImageOfPage":{"@id":"https:\/\/apuntesdesanluis.com\/index.php\/2024\/01\/09\/la-privatizacion-del-banco-nacion-suma-rechazos-de-expertos-y-politicos\/#primaryimage"},"image":{"@id":"https:\/\/apuntesdesanluis.com\/index.php\/2024\/01\/09\/la-privatizacion-del-banco-nacion-suma-rechazos-de-expertos-y-politicos\/#primaryimage"},"thumbnailUrl":"https:\/\/apuntesdesanluis.com\/wp-content\/uploads\/2024\/01\/banco-nacion.png","datePublished":"2024-01-10T01:13:43+00:00","breadcrumb":{"@id":"https:\/\/apuntesdesanluis.com\/index.php\/2024\/01\/09\/la-privatizacion-del-banco-nacion-suma-rechazos-de-expertos-y-politicos\/#breadcrumb"},"inLanguage":"es-AR","potentialAction":[{"@type":"ReadAction","target":["https:\/\/apuntesdesanluis.com\/index.php\/2024\/01\/09\/la-privatizacion-del-banco-nacion-suma-rechazos-de-expertos-y-politicos\/"]}]},{"@type":"ImageObject","inLanguage":"es-AR","@id":"https:\/\/apuntesdesanluis.com\/index.php\/2024\/01\/09\/la-privatizacion-del-banco-nacion-suma-rechazos-de-expertos-y-politicos\/#primaryimage","url":"https:\/\/apuntesdesanluis.com\/wp-content\/uploads\/2024\/01\/banco-nacion.png","contentUrl":"https:\/\/apuntesdesanluis.com\/wp-content\/uploads\/2024\/01\/banco-nacion.png","width":600,"height":334},{"@type":"BreadcrumbList","@id":"https:\/\/apuntesdesanluis.com\/index.php\/2024\/01\/09\/la-privatizacion-del-banco-nacion-suma-rechazos-de-expertos-y-politicos\/#breadcrumb","itemListElement":[{"@type":"ListItem","position":1,"name":"Inicio","item":"https:\/\/apuntesdesanluis.com\/"},{"@type":"ListItem","position":2,"name":"LA PRIVATIZACI\u00d3N DEL BANCO NACI\u00d3N SUMA RECHAZOS DE EXPERTOS Y POL\u00cdTICOS"}]},{"@type":"WebSite","@id":"https:\/\/apuntesdesanluis.com\/#website","url":"https:\/\/apuntesdesanluis.com\/","name":"Apuntes de San Luis","description":"","publisher":{"@id":"https:\/\/apuntesdesanluis.com\/#\/schema\/person\/b55151d52296fcce64d1a72538a70b90"},"potentialAction":[{"@type":"SearchAction","target":{"@type":"EntryPoint","urlTemplate":"https:\/\/apuntesdesanluis.com\/?s={search_term_string}"},"query-input":{"@type":"PropertyValueSpecification","valueRequired":true,"valueName":"search_term_string"}}],"inLanguage":"es-AR"},{"@type":["Person","Organization"],"@id":"https:\/\/apuntesdesanluis.com\/#\/schema\/person\/b55151d52296fcce64d1a72538a70b90","name":"apuntesdesanluis.com","image":{"@type":"ImageObject","inLanguage":"es-AR","@id":"https:\/\/apuntesdesanluis.com\/#\/schema\/person\/image\/","url":"https:\/\/apuntesdesanluis.com\/wp-content\/uploads\/2023\/07\/cropped-apuntesdesanluis.png","contentUrl":"https:\/\/apuntesdesanluis.com\/wp-content\/uploads\/2023\/07\/cropped-apuntesdesanluis.png","width":450,"height":112,"caption":"apuntesdesanluis.com"},"logo":{"@id":"https:\/\/apuntesdesanluis.com\/#\/schema\/person\/image\/"},"sameAs":["https:\/\/apuntesdesanluis.com"],"url":"https:\/\/apuntesdesanluis.com\/index.php\/author\/apuntesdesanluis-com\/"}]}},"featured_image_urls":{"full":["https:\/\/apuntesdesanluis.com\/wp-content\/uploads\/2024\/01\/banco-nacion.png",600,334,false],"thumbnail":["https:\/\/apuntesdesanluis.com\/wp-content\/uploads\/2024\/01\/banco-nacion-150x150.png",150,150,true],"medium":["https:\/\/apuntesdesanluis.com\/wp-content\/uploads\/2024\/01\/banco-nacion-300x167.png",300,167,true],"medium_large":["https:\/\/apuntesdesanluis.com\/wp-content\/uploads\/2024\/01\/banco-nacion.png",600,334,false],"large":["https:\/\/apuntesdesanluis.com\/wp-content\/uploads\/2024\/01\/banco-nacion.png",600,334,false],"1536x1536":["https:\/\/apuntesdesanluis.com\/wp-content\/uploads\/2024\/01\/banco-nacion.png",600,334,false],"2048x2048":["https:\/\/apuntesdesanluis.com\/wp-content\/uploads\/2024\/01\/banco-nacion.png",600,334,false],"newsever-slider-full":["https:\/\/apuntesdesanluis.com\/wp-content\/uploads\/2024\/01\/banco-nacion.png",600,334,false],"newsever-featured":["https:\/\/apuntesdesanluis.com\/wp-content\/uploads\/2024\/01\/banco-nacion.png",600,334,false],"newsever-medium":["https:\/\/apuntesdesanluis.com\/wp-content\/uploads\/2024\/01\/banco-nacion.png",600,334,false]},"author_info":{"display_name":"apuntesdesanluis.com","author_link":"https:\/\/apuntesdesanluis.com\/index.php\/author\/apuntesdesanluis-com\/"},"category_info":"<a href=\"https:\/\/apuntesdesanluis.com\/index.php\/category\/opinion\/\" rel=\"category tag\">Opini\u00f3n<\/a>","tag_info":"Opini\u00f3n","comment_count":"0","_links":{"self":[{"href":"https:\/\/apuntesdesanluis.com\/index.php\/wp-json\/wp\/v2\/posts\/9825","targetHints":{"allow":["GET"]}}],"collection":[{"href":"https:\/\/apuntesdesanluis.com\/index.php\/wp-json\/wp\/v2\/posts"}],"about":[{"href":"https:\/\/apuntesdesanluis.com\/index.php\/wp-json\/wp\/v2\/types\/post"}],"author":[{"embeddable":true,"href":"https:\/\/apuntesdesanluis.com\/index.php\/wp-json\/wp\/v2\/users\/1"}],"replies":[{"embeddable":true,"href":"https:\/\/apuntesdesanluis.com\/index.php\/wp-json\/wp\/v2\/comments?post=9825"}],"version-history":[{"count":1,"href":"https:\/\/apuntesdesanluis.com\/index.php\/wp-json\/wp\/v2\/posts\/9825\/revisions"}],"predecessor-version":[{"id":9827,"href":"https:\/\/apuntesdesanluis.com\/index.php\/wp-json\/wp\/v2\/posts\/9825\/revisions\/9827"}],"wp:featuredmedia":[{"embeddable":true,"href":"https:\/\/apuntesdesanluis.com\/index.php\/wp-json\/wp\/v2\/media\/9826"}],"wp:attachment":[{"href":"https:\/\/apuntesdesanluis.com\/index.php\/wp-json\/wp\/v2\/media?parent=9825"}],"wp:term":[{"taxonomy":"category","embeddable":true,"href":"https:\/\/apuntesdesanluis.com\/index.php\/wp-json\/wp\/v2\/categories?post=9825"},{"taxonomy":"post_tag","embeddable":true,"href":"https:\/\/apuntesdesanluis.com\/index.php\/wp-json\/wp\/v2\/tags?post=9825"}],"curies":[{"name":"wp","href":"https:\/\/api.w.org\/{rel}","templated":true}]}}