{"id":9843,"date":"2024-01-10T19:30:56","date_gmt":"2024-01-10T22:30:56","guid":{"rendered":"https:\/\/apuntesdesanluis.com\/?p=9843"},"modified":"2024-01-10T19:31:17","modified_gmt":"2024-01-10T22:31:17","slug":"la-upro-quiere-adecuar-su-gestion-a-las-necesidades-de-las-empresas-constructoras","status":"publish","type":"post","link":"https:\/\/apuntesdesanluis.com\/index.php\/2024\/01\/10\/la-upro-quiere-adecuar-su-gestion-a-las-necesidades-de-las-empresas-constructoras\/","title":{"rendered":"LA UPRO QUIERE ADECUAR SU GESTI\u00d3N A LAS NECESIDADES DE LAS EMPRESAS CONSTRUCTORAS"},"content":{"rendered":"<h3>La Universidad Provincial de Oficios tiene una funci\u00f3n clave en la formaci\u00f3n de recursos humanos especializados. Quiere que su oferta acad\u00e9mica d\u00e9 respuesta a los requerimientos del sector productivo privado en toda la provincia. Por eso busca una articulaci\u00f3n con la cartera que conduce Federico Trombotto y firmas del rubro.<\/h3>\n<h3>Definir las pr\u00f3ximas acciones conjuntas en beneficio del sector productivo de la provincia fue el prop\u00f3sito del encuentro que tuvieron en Terrazas del Portezuelo el ministro de Desarrollo Productivo, <strong>Federico Trombotto<\/strong>; el rector de la UPrO, <strong>Rudy C\u00e1mera<\/strong>; la responsable de la secretar\u00eda de Vinculaci\u00f3n Productiva y Territorial, <strong>B\u00e1rbara Fregeiro<\/strong>; y representantes de las empresas de construcci\u00f3n <strong>Innova, Perfil Urbano<\/strong> y <strong>Steel SRL<\/strong> de Villa Mercedes.<\/h3>\n<p><img fetchpriority=\"high\" decoding=\"async\" class=\"wp-image-9845 aligncenter\" src=\"https:\/\/apuntesdesanluis.com\/wp-content\/uploads\/2024\/01\/RUDY-300x156.png\" alt=\"\" width=\"654\" height=\"340\" srcset=\"https:\/\/apuntesdesanluis.com\/wp-content\/uploads\/2024\/01\/RUDY-300x156.png 300w, https:\/\/apuntesdesanluis.com\/wp-content\/uploads\/2024\/01\/RUDY.png 618w\" sizes=\"(max-width: 654px) 100vw, 654px\" \/><\/p>\n<h3>\u201cConsideramos de vital importancia trabajar en colaboraci\u00f3n con el sector privado y contribuir al impulso de la matriz productiva. La UPrO, como entidad educativa en oficios, tiene la responsabilidad de aportar a la formaci\u00f3n del recurso humano para su inserci\u00f3n en el mercado laboral. Por eso, queremos conocer sus necesidades y estar preparados para abordarlas\u201d, expres\u00f3 el rector.<\/h3>\n<h3>\u201cNuestra gesti\u00f3n buscar\u00e1 formar recursos humanos especializados, como lo demanda hoy el sector productivo, y ajustar nuestra oferta acad\u00e9mica a estas necesidades de manera espec\u00edfica para cada regi\u00f3n de la provincia\u201d, ampli\u00f3 C\u00e1mera, quien destac\u00f3, adem\u00e1s, que trabajar\u00e1n fuertemente para la federalizaci\u00f3n de la UPrO y para liderar la educaci\u00f3n en oficios en la provincia.<\/h3>\n<p>&nbsp;<\/p>\n<p>&nbsp;<\/p>\n<p>&nbsp;<\/p>\n<p>&nbsp;<\/p>\n","protected":false},"excerpt":{"rendered":"<p>La Universidad Provincial de Oficios tiene una funci\u00f3n clave en la formaci\u00f3n de recursos humanos&#8230;<\/p>\n","protected":false},"author":1,"featured_media":9844,"comment_status":"closed","ping_status":"closed","sticky":false,"template":"","format":"standard","meta":{"footnotes":""},"categories":[6],"tags":[],"class_list":["post-9843","post","type-post","status-publish","format-standard","has-post-thumbnail","hentry","category-ciudad-provincia"],"yoast_head":"<!-- This site is optimized with the Yoast SEO plugin v26.1.1 - https:\/\/yoast.com\/wordpress\/plugins\/seo\/ -->\n<title>LA UPRO QUIERE ADECUAR SU GESTI\u00d3N A LAS NECESIDADES DE LAS EMPRESAS CONSTRUCTORAS - Apuntes de San Luis<\/title>\n<meta name=\"robots\" content=\"index, follow, max-snippet:-1, max-image-preview:large, max-video-preview:-1\" \/>\n<link rel=\"canonical\" href=\"https:\/\/apuntesdesanluis.com\/index.php\/2024\/01\/10\/la-upro-quiere-adecuar-su-gestion-a-las-necesidades-de-las-empresas-constructoras\/\" \/>\n<meta property=\"og:locale\" content=\"es_ES\" \/>\n<meta property=\"og:type\" content=\"article\" \/>\n<meta property=\"og:title\" content=\"LA UPRO QUIERE ADECUAR SU GESTI\u00d3N A LAS NECESIDADES DE LAS EMPRESAS CONSTRUCTORAS - Apuntes de San Luis\" \/>\n<meta property=\"og:description\" content=\"La Universidad Provincial de Oficios tiene una funci\u00f3n clave en la formaci\u00f3n de recursos humanos...\" \/>\n<meta property=\"og:url\" content=\"https:\/\/apuntesdesanluis.com\/index.php\/2024\/01\/10\/la-upro-quiere-adecuar-su-gestion-a-las-necesidades-de-las-empresas-constructoras\/\" \/>\n<meta property=\"og:site_name\" content=\"Apuntes de San Luis\" \/>\n<meta property=\"article:published_time\" content=\"2024-01-10T22:30:56+00:00\" \/>\n<meta property=\"article:modified_time\" content=\"2024-01-10T22:31:17+00:00\" \/>\n<meta property=\"og:image\" content=\"https:\/\/apuntesdesanluis.com\/wp-content\/uploads\/2024\/01\/REUNION-TROMBOTTO-UPRO.png\" \/>\n\t<meta property=\"og:image:width\" content=\"598\" \/>\n\t<meta property=\"og:image:height\" content=\"348\" \/>\n\t<meta property=\"og:image:type\" content=\"image\/png\" \/>\n<meta name=\"author\" content=\"apuntesdesanluis.com\" \/>\n<meta name=\"twitter:card\" content=\"summary_large_image\" \/>\n<meta name=\"twitter:label1\" content=\"Escrito por\" \/>\n\t<meta name=\"twitter:data1\" content=\"apuntesdesanluis.com\" \/>\n\t<meta name=\"twitter:label2\" content=\"Tiempo de lectura\" \/>\n\t<meta name=\"twitter:data2\" content=\"2 minutos\" \/>\n<script type=\"application\/ld+json\" class=\"yoast-schema-graph\">{\"@context\":\"https:\/\/schema.org\",\"@graph\":[{\"@type\":\"Article\",\"@id\":\"https:\/\/apuntesdesanluis.com\/index.php\/2024\/01\/10\/la-upro-quiere-adecuar-su-gestion-a-las-necesidades-de-las-empresas-constructoras\/#article\",\"isPartOf\":{\"@id\":\"https:\/\/apuntesdesanluis.com\/index.php\/2024\/01\/10\/la-upro-quiere-adecuar-su-gestion-a-las-necesidades-de-las-empresas-constructoras\/\"},\"author\":{\"name\":\"apuntesdesanluis.com\",\"@id\":\"https:\/\/apuntesdesanluis.com\/#\/schema\/person\/b55151d52296fcce64d1a72538a70b90\"},\"headline\":\"LA UPRO QUIERE ADECUAR SU GESTI\u00d3N A LAS NECESIDADES DE LAS EMPRESAS CONSTRUCTORAS\",\"datePublished\":\"2024-01-10T22:30:56+00:00\",\"dateModified\":\"2024-01-10T22:31:17+00:00\",\"mainEntityOfPage\":{\"@id\":\"https:\/\/apuntesdesanluis.com\/index.php\/2024\/01\/10\/la-upro-quiere-adecuar-su-gestion-a-las-necesidades-de-las-empresas-constructoras\/\"},\"wordCount\":270,\"publisher\":{\"@id\":\"https:\/\/apuntesdesanluis.com\/#\/schema\/person\/b55151d52296fcce64d1a72538a70b90\"},\"image\":{\"@id\":\"https:\/\/apuntesdesanluis.com\/index.php\/2024\/01\/10\/la-upro-quiere-adecuar-su-gestion-a-las-necesidades-de-las-empresas-constructoras\/#primaryimage\"},\"thumbnailUrl\":\"https:\/\/apuntesdesanluis.com\/wp-content\/uploads\/2024\/01\/REUNION-TROMBOTTO-UPRO.png\",\"articleSection\":[\"Ciudad\/Provincia\"],\"inLanguage\":\"es-AR\"},{\"@type\":\"WebPage\",\"@id\":\"https:\/\/apuntesdesanluis.com\/index.php\/2024\/01\/10\/la-upro-quiere-adecuar-su-gestion-a-las-necesidades-de-las-empresas-constructoras\/\",\"url\":\"https:\/\/apuntesdesanluis.com\/index.php\/2024\/01\/10\/la-upro-quiere-adecuar-su-gestion-a-las-necesidades-de-las-empresas-constructoras\/\",\"name\":\"LA UPRO QUIERE ADECUAR SU GESTI\u00d3N A LAS NECESIDADES DE LAS EMPRESAS CONSTRUCTORAS - Apuntes de San Luis\",\"isPartOf\":{\"@id\":\"https:\/\/apuntesdesanluis.com\/#website\"},\"primaryImageOfPage\":{\"@id\":\"https:\/\/apuntesdesanluis.com\/index.php\/2024\/01\/10\/la-upro-quiere-adecuar-su-gestion-a-las-necesidades-de-las-empresas-constructoras\/#primaryimage\"},\"image\":{\"@id\":\"https:\/\/apuntesdesanluis.com\/index.php\/2024\/01\/10\/la-upro-quiere-adecuar-su-gestion-a-las-necesidades-de-las-empresas-constructoras\/#primaryimage\"},\"thumbnailUrl\":\"https:\/\/apuntesdesanluis.com\/wp-content\/uploads\/2024\/01\/REUNION-TROMBOTTO-UPRO.png\",\"datePublished\":\"2024-01-10T22:30:56+00:00\",\"dateModified\":\"2024-01-10T22:31:17+00:00\",\"breadcrumb\":{\"@id\":\"https:\/\/apuntesdesanluis.com\/index.php\/2024\/01\/10\/la-upro-quiere-adecuar-su-gestion-a-las-necesidades-de-las-empresas-constructoras\/#breadcrumb\"},\"inLanguage\":\"es-AR\",\"potentialAction\":[{\"@type\":\"ReadAction\",\"target\":[\"https:\/\/apuntesdesanluis.com\/index.php\/2024\/01\/10\/la-upro-quiere-adecuar-su-gestion-a-las-necesidades-de-las-empresas-constructoras\/\"]}]},{\"@type\":\"ImageObject\",\"inLanguage\":\"es-AR\",\"@id\":\"https:\/\/apuntesdesanluis.com\/index.php\/2024\/01\/10\/la-upro-quiere-adecuar-su-gestion-a-las-necesidades-de-las-empresas-constructoras\/#primaryimage\",\"url\":\"https:\/\/apuntesdesanluis.com\/wp-content\/uploads\/2024\/01\/REUNION-TROMBOTTO-UPRO.png\",\"contentUrl\":\"https:\/\/apuntesdesanluis.com\/wp-content\/uploads\/2024\/01\/REUNION-TROMBOTTO-UPRO.png\",\"width\":598,\"height\":348},{\"@type\":\"BreadcrumbList\",\"@id\":\"https:\/\/apuntesdesanluis.com\/index.php\/2024\/01\/10\/la-upro-quiere-adecuar-su-gestion-a-las-necesidades-de-las-empresas-constructoras\/#breadcrumb\",\"itemListElement\":[{\"@type\":\"ListItem\",\"position\":1,\"name\":\"Inicio\",\"item\":\"https:\/\/apuntesdesanluis.com\/\"},{\"@type\":\"ListItem\",\"position\":2,\"name\":\"LA UPRO QUIERE ADECUAR SU GESTI\u00d3N A LAS NECESIDADES DE LAS EMPRESAS CONSTRUCTORAS\"}]},{\"@type\":\"WebSite\",\"@id\":\"https:\/\/apuntesdesanluis.com\/#website\",\"url\":\"https:\/\/apuntesdesanluis.com\/\",\"name\":\"Apuntes de San Luis\",\"description\":\"\",\"publisher\":{\"@id\":\"https:\/\/apuntesdesanluis.com\/#\/schema\/person\/b55151d52296fcce64d1a72538a70b90\"},\"potentialAction\":[{\"@type\":\"SearchAction\",\"target\":{\"@type\":\"EntryPoint\",\"urlTemplate\":\"https:\/\/apuntesdesanluis.com\/?s={search_term_string}\"},\"query-input\":{\"@type\":\"PropertyValueSpecification\",\"valueRequired\":true,\"valueName\":\"search_term_string\"}}],\"inLanguage\":\"es-AR\"},{\"@type\":[\"Person\",\"Organization\"],\"@id\":\"https:\/\/apuntesdesanluis.com\/#\/schema\/person\/b55151d52296fcce64d1a72538a70b90\",\"name\":\"apuntesdesanluis.com\",\"image\":{\"@type\":\"ImageObject\",\"inLanguage\":\"es-AR\",\"@id\":\"https:\/\/apuntesdesanluis.com\/#\/schema\/person\/image\/\",\"url\":\"https:\/\/apuntesdesanluis.com\/wp-content\/uploads\/2023\/07\/cropped-apuntesdesanluis.png\",\"contentUrl\":\"https:\/\/apuntesdesanluis.com\/wp-content\/uploads\/2023\/07\/cropped-apuntesdesanluis.png\",\"width\":450,\"height\":112,\"caption\":\"apuntesdesanluis.com\"},\"logo\":{\"@id\":\"https:\/\/apuntesdesanluis.com\/#\/schema\/person\/image\/\"},\"sameAs\":[\"https:\/\/apuntesdesanluis.com\"],\"url\":\"https:\/\/apuntesdesanluis.com\/index.php\/author\/apuntesdesanluis-com\/\"}]}<\/script>\n<!-- \/ Yoast SEO plugin. -->","yoast_head_json":{"title":"LA UPRO QUIERE ADECUAR SU GESTI\u00d3N A LAS NECESIDADES DE LAS EMPRESAS CONSTRUCTORAS - Apuntes de San Luis","robots":{"index":"index","follow":"follow","max-snippet":"max-snippet:-1","max-image-preview":"max-image-preview:large","max-video-preview":"max-video-preview:-1"},"canonical":"https:\/\/apuntesdesanluis.com\/index.php\/2024\/01\/10\/la-upro-quiere-adecuar-su-gestion-a-las-necesidades-de-las-empresas-constructoras\/","og_locale":"es_ES","og_type":"article","og_title":"LA UPRO QUIERE ADECUAR SU GESTI\u00d3N A LAS NECESIDADES DE LAS EMPRESAS CONSTRUCTORAS - Apuntes de San Luis","og_description":"La Universidad Provincial de Oficios tiene una funci\u00f3n clave en la formaci\u00f3n de recursos humanos...","og_url":"https:\/\/apuntesdesanluis.com\/index.php\/2024\/01\/10\/la-upro-quiere-adecuar-su-gestion-a-las-necesidades-de-las-empresas-constructoras\/","og_site_name":"Apuntes de San Luis","article_published_time":"2024-01-10T22:30:56+00:00","article_modified_time":"2024-01-10T22:31:17+00:00","og_image":[{"width":598,"height":348,"url":"https:\/\/apuntesdesanluis.com\/wp-content\/uploads\/2024\/01\/REUNION-TROMBOTTO-UPRO.png","type":"image\/png"}],"author":"apuntesdesanluis.com","twitter_card":"summary_large_image","twitter_misc":{"Escrito por":"apuntesdesanluis.com","Tiempo de lectura":"2 minutos"},"schema":{"@context":"https:\/\/schema.org","@graph":[{"@type":"Article","@id":"https:\/\/apuntesdesanluis.com\/index.php\/2024\/01\/10\/la-upro-quiere-adecuar-su-gestion-a-las-necesidades-de-las-empresas-constructoras\/#article","isPartOf":{"@id":"https:\/\/apuntesdesanluis.com\/index.php\/2024\/01\/10\/la-upro-quiere-adecuar-su-gestion-a-las-necesidades-de-las-empresas-constructoras\/"},"author":{"name":"apuntesdesanluis.com","@id":"https:\/\/apuntesdesanluis.com\/#\/schema\/person\/b55151d52296fcce64d1a72538a70b90"},"headline":"LA UPRO QUIERE ADECUAR SU GESTI\u00d3N A LAS NECESIDADES DE LAS EMPRESAS CONSTRUCTORAS","datePublished":"2024-01-10T22:30:56+00:00","dateModified":"2024-01-10T22:31:17+00:00","mainEntityOfPage":{"@id":"https:\/\/apuntesdesanluis.com\/index.php\/2024\/01\/10\/la-upro-quiere-adecuar-su-gestion-a-las-necesidades-de-las-empresas-constructoras\/"},"wordCount":270,"publisher":{"@id":"https:\/\/apuntesdesanluis.com\/#\/schema\/person\/b55151d52296fcce64d1a72538a70b90"},"image":{"@id":"https:\/\/apuntesdesanluis.com\/index.php\/2024\/01\/10\/la-upro-quiere-adecuar-su-gestion-a-las-necesidades-de-las-empresas-constructoras\/#primaryimage"},"thumbnailUrl":"https:\/\/apuntesdesanluis.com\/wp-content\/uploads\/2024\/01\/REUNION-TROMBOTTO-UPRO.png","articleSection":["Ciudad\/Provincia"],"inLanguage":"es-AR"},{"@type":"WebPage","@id":"https:\/\/apuntesdesanluis.com\/index.php\/2024\/01\/10\/la-upro-quiere-adecuar-su-gestion-a-las-necesidades-de-las-empresas-constructoras\/","url":"https:\/\/apuntesdesanluis.com\/index.php\/2024\/01\/10\/la-upro-quiere-adecuar-su-gestion-a-las-necesidades-de-las-empresas-constructoras\/","name":"LA UPRO QUIERE ADECUAR SU GESTI\u00d3N A LAS NECESIDADES DE LAS EMPRESAS CONSTRUCTORAS - Apuntes de San Luis","isPartOf":{"@id":"https:\/\/apuntesdesanluis.com\/#website"},"primaryImageOfPage":{"@id":"https:\/\/apuntesdesanluis.com\/index.php\/2024\/01\/10\/la-upro-quiere-adecuar-su-gestion-a-las-necesidades-de-las-empresas-constructoras\/#primaryimage"},"image":{"@id":"https:\/\/apuntesdesanluis.com\/index.php\/2024\/01\/10\/la-upro-quiere-adecuar-su-gestion-a-las-necesidades-de-las-empresas-constructoras\/#primaryimage"},"thumbnailUrl":"https:\/\/apuntesdesanluis.com\/wp-content\/uploads\/2024\/01\/REUNION-TROMBOTTO-UPRO.png","datePublished":"2024-01-10T22:30:56+00:00","dateModified":"2024-01-10T22:31:17+00:00","breadcrumb":{"@id":"https:\/\/apuntesdesanluis.com\/index.php\/2024\/01\/10\/la-upro-quiere-adecuar-su-gestion-a-las-necesidades-de-las-empresas-constructoras\/#breadcrumb"},"inLanguage":"es-AR","potentialAction":[{"@type":"ReadAction","target":["https:\/\/apuntesdesanluis.com\/index.php\/2024\/01\/10\/la-upro-quiere-adecuar-su-gestion-a-las-necesidades-de-las-empresas-constructoras\/"]}]},{"@type":"ImageObject","inLanguage":"es-AR","@id":"https:\/\/apuntesdesanluis.com\/index.php\/2024\/01\/10\/la-upro-quiere-adecuar-su-gestion-a-las-necesidades-de-las-empresas-constructoras\/#primaryimage","url":"https:\/\/apuntesdesanluis.com\/wp-content\/uploads\/2024\/01\/REUNION-TROMBOTTO-UPRO.png","contentUrl":"https:\/\/apuntesdesanluis.com\/wp-content\/uploads\/2024\/01\/REUNION-TROMBOTTO-UPRO.png","width":598,"height":348},{"@type":"BreadcrumbList","@id":"https:\/\/apuntesdesanluis.com\/index.php\/2024\/01\/10\/la-upro-quiere-adecuar-su-gestion-a-las-necesidades-de-las-empresas-constructoras\/#breadcrumb","itemListElement":[{"@type":"ListItem","position":1,"name":"Inicio","item":"https:\/\/apuntesdesanluis.com\/"},{"@type":"ListItem","position":2,"name":"LA UPRO QUIERE ADECUAR SU GESTI\u00d3N A LAS NECESIDADES DE LAS EMPRESAS CONSTRUCTORAS"}]},{"@type":"WebSite","@id":"https:\/\/apuntesdesanluis.com\/#website","url":"https:\/\/apuntesdesanluis.com\/","name":"Apuntes de San Luis","description":"","publisher":{"@id":"https:\/\/apuntesdesanluis.com\/#\/schema\/person\/b55151d52296fcce64d1a72538a70b90"},"potentialAction":[{"@type":"SearchAction","target":{"@type":"EntryPoint","urlTemplate":"https:\/\/apuntesdesanluis.com\/?s={search_term_string}"},"query-input":{"@type":"PropertyValueSpecification","valueRequired":true,"valueName":"search_term_string"}}],"inLanguage":"es-AR"},{"@type":["Person","Organization"],"@id":"https:\/\/apuntesdesanluis.com\/#\/schema\/person\/b55151d52296fcce64d1a72538a70b90","name":"apuntesdesanluis.com","image":{"@type":"ImageObject","inLanguage":"es-AR","@id":"https:\/\/apuntesdesanluis.com\/#\/schema\/person\/image\/","url":"https:\/\/apuntesdesanluis.com\/wp-content\/uploads\/2023\/07\/cropped-apuntesdesanluis.png","contentUrl":"https:\/\/apuntesdesanluis.com\/wp-content\/uploads\/2023\/07\/cropped-apuntesdesanluis.png","width":450,"height":112,"caption":"apuntesdesanluis.com"},"logo":{"@id":"https:\/\/apuntesdesanluis.com\/#\/schema\/person\/image\/"},"sameAs":["https:\/\/apuntesdesanluis.com"],"url":"https:\/\/apuntesdesanluis.com\/index.php\/author\/apuntesdesanluis-com\/"}]}},"featured_image_urls":{"full":["https:\/\/apuntesdesanluis.com\/wp-content\/uploads\/2024\/01\/REUNION-TROMBOTTO-UPRO.png",598,348,false],"thumbnail":["https:\/\/apuntesdesanluis.com\/wp-content\/uploads\/2024\/01\/REUNION-TROMBOTTO-UPRO-150x150.png",150,150,true],"medium":["https:\/\/apuntesdesanluis.com\/wp-content\/uploads\/2024\/01\/REUNION-TROMBOTTO-UPRO-300x175.png",300,175,true],"medium_large":["https:\/\/apuntesdesanluis.com\/wp-content\/uploads\/2024\/01\/REUNION-TROMBOTTO-UPRO.png",598,348,false],"large":["https:\/\/apuntesdesanluis.com\/wp-content\/uploads\/2024\/01\/REUNION-TROMBOTTO-UPRO.png",598,348,false],"1536x1536":["https:\/\/apuntesdesanluis.com\/wp-content\/uploads\/2024\/01\/REUNION-TROMBOTTO-UPRO.png",598,348,false],"2048x2048":["https:\/\/apuntesdesanluis.com\/wp-content\/uploads\/2024\/01\/REUNION-TROMBOTTO-UPRO.png",598,348,false],"newsever-slider-full":["https:\/\/apuntesdesanluis.com\/wp-content\/uploads\/2024\/01\/REUNION-TROMBOTTO-UPRO.png",598,348,false],"newsever-featured":["https:\/\/apuntesdesanluis.com\/wp-content\/uploads\/2024\/01\/REUNION-TROMBOTTO-UPRO.png",598,348,false],"newsever-medium":["https:\/\/apuntesdesanluis.com\/wp-content\/uploads\/2024\/01\/REUNION-TROMBOTTO-UPRO.png",598,348,false]},"author_info":{"display_name":"apuntesdesanluis.com","author_link":"https:\/\/apuntesdesanluis.com\/index.php\/author\/apuntesdesanluis-com\/"},"category_info":"<a href=\"https:\/\/apuntesdesanluis.com\/index.php\/category\/ciudad-provincia\/\" rel=\"category tag\">Ciudad\/Provincia<\/a>","tag_info":"Ciudad\/Provincia","comment_count":"0","_links":{"self":[{"href":"https:\/\/apuntesdesanluis.com\/index.php\/wp-json\/wp\/v2\/posts\/9843","targetHints":{"allow":["GET"]}}],"collection":[{"href":"https:\/\/apuntesdesanluis.com\/index.php\/wp-json\/wp\/v2\/posts"}],"about":[{"href":"https:\/\/apuntesdesanluis.com\/index.php\/wp-json\/wp\/v2\/types\/post"}],"author":[{"embeddable":true,"href":"https:\/\/apuntesdesanluis.com\/index.php\/wp-json\/wp\/v2\/users\/1"}],"replies":[{"embeddable":true,"href":"https:\/\/apuntesdesanluis.com\/index.php\/wp-json\/wp\/v2\/comments?post=9843"}],"version-history":[{"count":2,"href":"https:\/\/apuntesdesanluis.com\/index.php\/wp-json\/wp\/v2\/posts\/9843\/revisions"}],"predecessor-version":[{"id":9847,"href":"https:\/\/apuntesdesanluis.com\/index.php\/wp-json\/wp\/v2\/posts\/9843\/revisions\/9847"}],"wp:featuredmedia":[{"embeddable":true,"href":"https:\/\/apuntesdesanluis.com\/index.php\/wp-json\/wp\/v2\/media\/9844"}],"wp:attachment":[{"href":"https:\/\/apuntesdesanluis.com\/index.php\/wp-json\/wp\/v2\/media?parent=9843"}],"wp:term":[{"taxonomy":"category","embeddable":true,"href":"https:\/\/apuntesdesanluis.com\/index.php\/wp-json\/wp\/v2\/categories?post=9843"},{"taxonomy":"post_tag","embeddable":true,"href":"https:\/\/apuntesdesanluis.com\/index.php\/wp-json\/wp\/v2\/tags?post=9843"}],"curies":[{"name":"wp","href":"https:\/\/api.w.org\/{rel}","templated":true}]}}