{"id":9907,"date":"2024-01-12T00:11:06","date_gmt":"2024-01-12T03:11:06","guid":{"rendered":"https:\/\/apuntesdesanluis.com\/?p=9907"},"modified":"2024-01-12T00:11:06","modified_gmt":"2024-01-12T03:11:06","slug":"poggi-cumplio-una-intensa-agenda-y-confirmo-que-villa-mercedes-sera-capital-alterna-de-la-provincia","status":"publish","type":"post","link":"https:\/\/apuntesdesanluis.com\/index.php\/2024\/01\/12\/poggi-cumplio-una-intensa-agenda-y-confirmo-que-villa-mercedes-sera-capital-alterna-de-la-provincia\/","title":{"rendered":"POGGI CUMPLI\u00d3 UNA INTENSA AGENDA Y CONFIRM\u00d3 QUE VILLA MERCEDES SER\u00c1 CAPITAL ALTERNA DE LA PROVINCIA"},"content":{"rendered":"<h3>El gobernador visit\u00f3 de este jueves Villa Mercedes, donde cumpli\u00f3 una intensa agenda de trabajo, al tiempo que ratific\u00f3 su promesa de que esta ciudad sea la sede de Gobierno una vez a la semana. Piensa habilitar un espacio en La Pedrera para tener sus audiencias.<\/h3>\n<h3>\u201cQuer\u00eda visitar La Pedrera, que no la conoc\u00eda. Quiz\u00e1 pongamos la sede de la gobernaci\u00f3n aqu\u00ed, lo que hac\u00edamos antes en el Centro C\u00edvico. Vamos a inaugurar un espacio chico para mis audiencias. Villa Mercedes va a ser capital alterna de la provincia. Si bien no tiene el rango legal, en los hechos va a ser as\u00ed\u201d, asegur\u00f3 <strong>Claudio Poggi<\/strong>.<\/h3>\n<p><iframe title=\"Claudio Javier Poggi, Gobernador de la Provincia de San Luis\" width=\"640\" height=\"360\" src=\"https:\/\/www.youtube.com\/embed\/8KuXCdk8StQ?feature=oembed\" frameborder=\"0\" allow=\"accelerometer; autoplay; clipboard-write; encrypted-media; gyroscope; picture-in-picture; web-share\" referrerpolicy=\"strict-origin-when-cross-origin\" allowfullscreen><\/iframe><\/p>\n<h3>\u201cHay una expectativa de que las soluciones van a llegar. Lo peor es la indiferencia. Si uno se lleva muchos sue\u00f1os transcriptos en una carta, eso nos permite analizar los problemas y generar las soluciones\u201d, expres\u00f3.<\/h3>\n<h3><strong>VISITA A LA UPRO<\/strong><\/h3>\n<h3>Posteriormente se dirigi\u00f3 a la sede de la Universidad Provincial de oficios, donde brind\u00f3 una conferencia de prensa junto al rector de la UPrO, Rudy C\u00e1mera.<\/h3>\n<h3>\u201cEstas 12 manzanas tienen que ser un polo educativo en el centro, bien puesto. Es algo que fundamos hace 10 a\u00f1os y tiene un gran futuro. Hay que promover la ense\u00f1anza de oficios, de carreras cortas, satisfacer la demanda laboral urbana, agropecuaria, rural\u201d, dijo.<\/h3>\n<p><img fetchpriority=\"high\" decoding=\"async\" class=\"wp-image-9911 aligncenter\" src=\"https:\/\/apuntesdesanluis.com\/wp-content\/uploads\/2024\/01\/poggi-en-la-upro-300x171.png\" alt=\"\" width=\"649\" height=\"370\" srcset=\"https:\/\/apuntesdesanluis.com\/wp-content\/uploads\/2024\/01\/poggi-en-la-upro-300x171.png 300w, https:\/\/apuntesdesanluis.com\/wp-content\/uploads\/2024\/01\/poggi-en-la-upro-768x438.png 768w, https:\/\/apuntesdesanluis.com\/wp-content\/uploads\/2024\/01\/poggi-en-la-upro.png 846w\" sizes=\"(max-width: 649px) 100vw, 649px\" \/><\/p>\n<h3>A diferencia de otros espacios, \u201cla UPrO se mantuvo, no la destruyeron\u201d, refiri\u00f3 el Gobernador. \u201cEs bueno eso, dado la destrucci\u00f3n en otros \u00e1mbitos. Es una universidad que une los oficios con el mundo laboral. Tiene que estar ligada a la demanda del ciudadano. Hay que ense\u00f1ar lo que las empresas necesitan en cada zona. Hay que escuchar al sector privado para ver los rubros y demandas de trabajadores y en funci\u00f3n de eso dise\u00f1ar las carreras del futuro\u201d, acot\u00f3.<\/h3>\n<h3><strong>CASO SAN LUIS FC<\/strong><\/h3>\n<h3>Consultado por la intervenci\u00f3n del San Luis FC, que tiene en vilo tambi\u00e9n a los otros clubes que compiten en el \u00e1mbito de la AFA, Poggi expres\u00f3: \u201cEl Estado intervino un club porque detect\u00f3 irregularidades. Coincidi\u00f3 que la presidenta era secretaria de Deporte, que hab\u00eda dado $300 millones de todos los sanluise\u00f1os. Las irregularidades de la conducci\u00f3n, no de las chicas que juegan a la pelota, motivaron la intervenci\u00f3n de Personas Jur\u00eddicas. Es obligaci\u00f3n del Estado hacerlo en estos casos\u201d.<\/h3>\n<h3>Describi\u00f3 que \u201chubo una intimaci\u00f3n de la AFA. Esperemos llegar a un punto de encuentro, tienen que saber que un club no se normaliza en una semana. Ojal\u00e1 puedan participar los clubes de San Luis en sus torneos, desde ya aclaro que no va a ser una intervenci\u00f3n eterna. Hay un antecedente de Estudiantes, que estuvo intervenido casi dos a\u00f1os por la exdiputada, Ivana Bianchi, y particip\u00f3 igual de los campeonatos de la AFA. Primero voy a defender los fondos p\u00fablicos de San Luis. El club fue correctamente intervenido\u201d, ratific\u00f3.<\/h3>\n<h3><strong>DESDOBLAMIENTO DE SUELDOS<\/strong><\/h3>\n<h3>Para el Gobernador, el desdoblamiento del sueldo de los empleados estatales de diciembre fue algo \u201cdoloroso\u201d, una consecuencia de la mala administraci\u00f3n y la corrupci\u00f3n en la gesti\u00f3n de Alberto Rodr\u00edguez Sa\u00e1.<\/h3>\n<h3>\u201cAyer reci\u00e9n terminamos de pagar los sueldos de diciembre. Ten\u00edamos que ver d\u00f3nde se iba la plata, eran fugas de fondos que no iban a la gente. Nos falta encontrar el 70 % de esos huequitos. La secretar\u00eda de Deporte recibi\u00f3 el a\u00f1o pasado muchos millones. Tratamos de ver d\u00f3nde fueron. Todos so\u00f1aban con el ente propio, el combustible propio. Era un descontrol. Hay que ordenarlo, son fondos p\u00fablicos. Me votaron para eso\u201d, dijo.<\/h3>\n<h3>Sin transici\u00f3n, los equipos que asumieron el 10 de diciembre \u00faltimo en las secretar\u00edas y ministerios debieron tomarse algunos d\u00edas para conocer el estado de situaci\u00f3n. \u201cVamos a impulsar una ley que imponga esa transici\u00f3n. Nos encontramos en rojo\u201d, dijo al respecto de los grandes desembolsos de dinero que se hicieron en los d\u00edas previos a la asunci\u00f3n de las nuevas autoridades. \u201cEst\u00e1 todo en investigaci\u00f3n judicial. Sospecho que hubo muchas irregularidades\u201d, manifest\u00f3.<\/h3>\n<h3><strong>SALUD Y EDUCACI\u00d3N<\/strong><\/h3>\n<h3>Otro de los lugares que visit\u00f3 el Gobernador fue el nosocomio regional. El Policl\u00ednico \u2018Juan Domingo Per\u00f3n\u2019 es una muestra de la pesada herencia recibida de la gesti\u00f3n precedente en materia de infraestructura en edificios p\u00fablicos: est\u00e1 en deplorable estado y necesita urgentes reparaciones para brindar el mejor servicio de salud a la ciudadan\u00eda\u201d, afirm\u00f3.<\/h3>\n<p><img decoding=\"async\" class=\"wp-image-9912 aligncenter\" src=\"https:\/\/apuntesdesanluis.com\/wp-content\/uploads\/2024\/01\/escuela-300x203.png\" alt=\"\" width=\"638\" height=\"432\" srcset=\"https:\/\/apuntesdesanluis.com\/wp-content\/uploads\/2024\/01\/escuela-300x203.png 300w, https:\/\/apuntesdesanluis.com\/wp-content\/uploads\/2024\/01\/escuela.png 659w\" sizes=\"(max-width: 638px) 100vw, 638px\" \/><\/p>\n<h3>\u201cLas escuelas tambi\u00e9n son prioridad: muchas est\u00e1n en malas condiciones, por la falta de inversi\u00f3n en obras y mantenimiento por parte del gobierno anterior, y necesitan refacciones de cara al inicio de clases el mes que viene.<\/h3>\n<h3>Puso como objetivo la refacci\u00f3n de los siguientes establecimientos: la escuela de Educaci\u00f3n Especial N\u00b06 \u2018Doctora Mar\u00eda Montessori\u2019, la N\u00ba444 \u2018Mar\u00eda Eva Duarte de Per\u00f3n\u2019 y la T\u00e9cnica N\u00b03, todas instituciones de Villa Mercedes que fueron abandonadas durante la gesti\u00f3n anterior.<\/h3>\n<p><img decoding=\"async\" class=\"wp-image-9913 aligncenter\" src=\"https:\/\/apuntesdesanluis.com\/wp-content\/uploads\/2024\/01\/poggi-con-berta-arenas-300x184.png\" alt=\"\" width=\"665\" height=\"408\" srcset=\"https:\/\/apuntesdesanluis.com\/wp-content\/uploads\/2024\/01\/poggi-con-berta-arenas-300x184.png 300w, https:\/\/apuntesdesanluis.com\/wp-content\/uploads\/2024\/01\/poggi-con-berta-arenas-768x472.png 768w, https:\/\/apuntesdesanluis.com\/wp-content\/uploads\/2024\/01\/poggi-con-berta-arenas.png 846w\" sizes=\"(max-width: 665px) 100vw, 665px\" \/><\/p>\n<h3>\u201cDe esta conferencia me voy a ver el policl\u00ednico \u2018Juan Domingo Per\u00f3n\u2019, que est\u00e1 bastante roto. Veremos qu\u00e9 infraestructura hay que rehacer. Tambi\u00e9n iniciaremos un plan de mantenimiento b\u00e1sico para pensar en el comienzo de clases. Hay que ponerse en campa\u00f1a para arreglar las escuelas. En general, en la provincia, hay un 10% que tiene problemas para comenzar las clases. Otras son chicas, faltan aulas. Lo programaremos con tiempo. Pero primero lo primero: cloacas, techos, mantenimiento. Estamos abocados a poner en condiciones aquellas en las que no se pod\u00eda dar clases\u201d, dijo, al tiempo que confirm\u00f3 que conocer\u00e1 las escuelas generativas y que ser\u00e1n parte del sistema educativo provincial.<\/h3>\n<p><iframe title=\"Claudio Javier Poggi, Gobernador de la Provincia de San Luis\" width=\"640\" height=\"360\" src=\"https:\/\/www.youtube.com\/embed\/WV5vDO69p2o?feature=oembed\" frameborder=\"0\" allow=\"accelerometer; autoplay; clipboard-write; encrypted-media; gyroscope; picture-in-picture; web-share\" referrerpolicy=\"strict-origin-when-cross-origin\" allowfullscreen><\/iframe><\/p>\n<h3><strong>PANORAMA NACIONAL<\/strong><\/h3>\n<h3>Poggi tambi\u00e9n hizo menci\u00f3n a la situaci\u00f3n del pa\u00eds, con un presidente que asumi\u00f3 el mismo d\u00eda que \u00e9l. \u201cHay un debate interesante en el Congreso (por la llamada \u2018Ley \u00d3mnibus\u2019). Milei fue votado por la inmensa mayor\u00eda, dijo de entrada qu\u00e9 quer\u00eda hacer y lo est\u00e1 haciendo. El pa\u00eds tiene que volver a un equilibrio fiscal, no se puede gastar m\u00e1s de lo que ingresa, en eso coincido plenamente. Hay que arreglar las cuentas\u201d, consider\u00f3.<\/h3>\n<h3>El Gobernador, y aprovech\u00f3 la referencia para volver sobre la situaci\u00f3n provincial. Dijo que hay di\u00e1logo con los sindicatos y que les ha pedido comprensi\u00f3n, porque es un momento dif\u00edcil. \u201cSi no ten\u00e9s (dinero, recursos), no ten\u00e9s. La Provincia no quiere aumentar impuestos, ni tampoco emite billetes. Tenemos que ordenarnos por los propios medios. No hay nada peor que tener d\u00e9ficit, se perjudican las escuelas, los hospitales. Hay que encontrar puntos comunes\u201d, explic\u00f3.<\/h3>\n<h3>Para abordar la emergencia econ\u00f3mica, el Gobernador envi\u00f3 a la Legislatura un proyecto de ley para convocar a sesiones extraordinarias. \u201cEstamos en rojo. Necesito que se puedan reunir y autorizarme a tomar un cr\u00e9dito al Banco de la Naci\u00f3n Argentina. Un mes de haberes, para pagar en tiempo y forma enero\u201d, explic\u00f3, y aclar\u00f3 que no se ha planteado, al menos por ahora, la utilizaci\u00f3n de cuasimonedas. \u201cPodr\u00eda ser una virtual, pero no deja de ser una toma de deuda\u201d, dijo.<\/h3>\n<h3><strong>\u201cHAY GENTE QUE NO ESTABA EN EL PA\u00cdS, NO IBA A TRABAJAR\u201d<\/strong><\/h3>\n<h3>Sobre el censo que la nueva gesti\u00f3n hizo para conocer el estado de situaci\u00f3n de los empleados p\u00fablicos y beneficiarios del Plan de Inclusi\u00f3n Social, el Gobernador dijo que \u201cparece algo grosero, pero hubo que hacerlo. Hay gente que no estaba en el pa\u00eds, que no iba a trabajar, que aparecieron ese d\u00eda. Con los beneficiarios de planes tambi\u00e9n detectamos m\u00e1s de 200 personas de otras provincias, fallecidos que cobraron hasta noviembre. Hay un desorden en ese tema. Muchos vinieron de otras provincias, se censaron y volvieron a sus lugares\u201d, cont\u00f3.<\/h3>\n<h3><strong>VISITA A DIASSER<\/strong><\/h3>\n<h3>Diaser es uno de los motores industriales de San Luis y el gobernador Claudio Poggi quiso interiorizarse m\u00e1s sobre la producci\u00f3n de la empresa de la familia Szuchet, la \u00fanica generadora de biocombustibles de la provincia.<\/h3>\n<h3>Acompa\u00f1ado por el secretario de Actividades Log\u00edsticas, Harold Bridger, y por el ministro de Producci\u00f3n, Federico Trombotto, el jefe de Estado arrib\u00f3 a la planta poco despu\u00e9s de las 16:30, donde lo recibieron ejecutivos y t\u00e9cnicos, quienes le brindaron una s\u00edntesis de la din\u00e1mica de trabajo, para luego recorrer los sectores de producci\u00f3n.<\/h3>\n<p><img loading=\"lazy\" decoding=\"async\" class=\"wp-image-9909 aligncenter\" src=\"https:\/\/apuntesdesanluis.com\/wp-content\/uploads\/2024\/01\/diasser-300x267.png\" alt=\"\" width=\"606\" height=\"539\" srcset=\"https:\/\/apuntesdesanluis.com\/wp-content\/uploads\/2024\/01\/diasser-300x267.png 300w, https:\/\/apuntesdesanluis.com\/wp-content\/uploads\/2024\/01\/diasser.png 600w\" sizes=\"(max-width: 606px) 100vw, 606px\" \/><\/p>\n<h3>El \u00faltimo punto visitado del predio cuenta con unos silos nuevos de enormes dimensiones, que para fines de febrero o marzo estar\u00edan terminados y ayudar\u00e1n a incrementar la producci\u00f3n de gas, a partir de la utilizaci\u00f3n de ma\u00edz y otros insumos. El proceso permitir\u00e1 generar energ\u00eda el\u00e9ctrica, que ser\u00e1 ingresada a la l\u00ednea nacional que alimenta a la mayor\u00eda de las plantas ubicadas en la zona.<\/h3>\n<h3>Se trata de una inversi\u00f3n millonaria que, una vez en actividad, sumar\u00e1 m\u00e1s puestos laborales para Diaser, que en la actualidad cuenta con un plantel de 100 operarios, mientras que brinda trabajo a m\u00e1s de 200 personas de manera indirecta.<\/h3>\n<h3><strong>CON EL JOVEN HERIDO POR UN RAYO<\/strong><\/h3>\n<h3>Tal vez con la intenci\u00f3n de que le transmita un poco de su suerte, el gobernador visit\u00f3 este jueves en su domicilio a Gabriel Jonathan Ber\u00f3n, el joven que salv\u00f3 su vida por milagro tras ser alcanzado por un rayo.<\/h3>\n<h3>En un di\u00e1logo ameno, el joven le coment\u00f3 al Mandatario acerca de su recuperaci\u00f3n y del milagro de estar vivo luego de haber recibido la descarga de un rayo el pasado 6 de enero, que le produjo quemaduras en el 20% de su cuerpo.<\/h3>\n<p><img loading=\"lazy\" decoding=\"async\" class=\"wp-image-9908 aligncenter\" src=\"https:\/\/apuntesdesanluis.com\/wp-content\/uploads\/2024\/01\/poggi-con-beron-300x228.png\" alt=\"\" width=\"628\" height=\"477\" srcset=\"https:\/\/apuntesdesanluis.com\/wp-content\/uploads\/2024\/01\/poggi-con-beron-300x228.png 300w, https:\/\/apuntesdesanluis.com\/wp-content\/uploads\/2024\/01\/poggi-con-beron.png 600w\" sizes=\"(max-width: 628px) 100vw, 628px\" \/><\/p>\n<h3>Desde su casa, ubicada en el barrio Familia Obrera, Gabriel le explic\u00f3 al Gobernador los detalles de aquella noche en la que conversaba con amigos cuando todo se apag\u00f3 y despert\u00f3 en el hospital. Tambi\u00e9n le inform\u00f3 c\u00f3mo se gana la vida con sus 20 a\u00f1os.<\/h3>\n<h3>Por un espacio de 30 minutos, la charla fue distendida y agradable. En la misma, Ber\u00f3n le manifest\u00f3 al Gobernador sus deseos de seguir adelante con m\u00e1s fuerza que nunca: \u201cTengo unas ganas de vivir y de seguir trabajando\u201d, expres\u00f3.<\/h3>\n<h3><\/h3>\n<h3><\/h3>\n<h3><\/h3>\n<h3><\/h3>\n","protected":false},"excerpt":{"rendered":"<p>El gobernador visit\u00f3 de este jueves Villa Mercedes, donde cumpli\u00f3 una intensa agenda de trabajo,&#8230;<\/p>\n","protected":false},"author":1,"featured_media":9910,"comment_status":"closed","ping_status":"closed","sticky":false,"template":"","format":"standard","meta":{"footnotes":""},"categories":[6],"tags":[],"class_list":["post-9907","post","type-post","status-publish","format-standard","has-post-thumbnail","hentry","category-ciudad-provincia"],"yoast_head":"<!-- This site is optimized with the Yoast SEO plugin v26.1.1 - https:\/\/yoast.com\/wordpress\/plugins\/seo\/ -->\n<title>POGGI CUMPLI\u00d3 UNA INTENSA AGENDA Y CONFIRM\u00d3 QUE VILLA MERCEDES SER\u00c1 CAPITAL ALTERNA DE LA PROVINCIA - Apuntes de San Luis<\/title>\n<meta name=\"robots\" content=\"index, follow, max-snippet:-1, max-image-preview:large, max-video-preview:-1\" \/>\n<link rel=\"canonical\" href=\"https:\/\/apuntesdesanluis.com\/index.php\/2024\/01\/12\/poggi-cumplio-una-intensa-agenda-y-confirmo-que-villa-mercedes-sera-capital-alterna-de-la-provincia\/\" \/>\n<meta property=\"og:locale\" content=\"es_ES\" \/>\n<meta property=\"og:type\" content=\"article\" \/>\n<meta property=\"og:title\" content=\"POGGI CUMPLI\u00d3 UNA INTENSA AGENDA Y CONFIRM\u00d3 QUE VILLA MERCEDES SER\u00c1 CAPITAL ALTERNA DE LA PROVINCIA - Apuntes de San Luis\" \/>\n<meta property=\"og:description\" content=\"El gobernador visit\u00f3 de este jueves Villa Mercedes, donde cumpli\u00f3 una intensa agenda de trabajo,...\" \/>\n<meta property=\"og:url\" content=\"https:\/\/apuntesdesanluis.com\/index.php\/2024\/01\/12\/poggi-cumplio-una-intensa-agenda-y-confirmo-que-villa-mercedes-sera-capital-alterna-de-la-provincia\/\" \/>\n<meta property=\"og:site_name\" content=\"Apuntes de San Luis\" \/>\n<meta property=\"article:published_time\" content=\"2024-01-12T03:11:06+00:00\" \/>\n<meta property=\"og:image\" content=\"https:\/\/apuntesdesanluis.com\/wp-content\/uploads\/2024\/01\/POGGI-EN-LA-PEDRERA.png\" \/>\n\t<meta property=\"og:image:width\" content=\"600\" \/>\n\t<meta property=\"og:image:height\" content=\"376\" \/>\n\t<meta property=\"og:image:type\" content=\"image\/png\" \/>\n<meta name=\"author\" content=\"apuntesdesanluis.com\" \/>\n<meta name=\"twitter:card\" content=\"summary_large_image\" \/>\n<meta name=\"twitter:label1\" content=\"Escrito por\" \/>\n\t<meta name=\"twitter:data1\" content=\"apuntesdesanluis.com\" \/>\n\t<meta name=\"twitter:label2\" content=\"Tiempo de lectura\" \/>\n\t<meta name=\"twitter:data2\" content=\"9 minutos\" \/>\n<script type=\"application\/ld+json\" class=\"yoast-schema-graph\">{\"@context\":\"https:\/\/schema.org\",\"@graph\":[{\"@type\":\"Article\",\"@id\":\"https:\/\/apuntesdesanluis.com\/index.php\/2024\/01\/12\/poggi-cumplio-una-intensa-agenda-y-confirmo-que-villa-mercedes-sera-capital-alterna-de-la-provincia\/#article\",\"isPartOf\":{\"@id\":\"https:\/\/apuntesdesanluis.com\/index.php\/2024\/01\/12\/poggi-cumplio-una-intensa-agenda-y-confirmo-que-villa-mercedes-sera-capital-alterna-de-la-provincia\/\"},\"author\":{\"name\":\"apuntesdesanluis.com\",\"@id\":\"https:\/\/apuntesdesanluis.com\/#\/schema\/person\/b55151d52296fcce64d1a72538a70b90\"},\"headline\":\"POGGI CUMPLI\u00d3 UNA INTENSA AGENDA Y CONFIRM\u00d3 QUE VILLA MERCEDES SER\u00c1 CAPITAL ALTERNA DE LA PROVINCIA\",\"datePublished\":\"2024-01-12T03:11:06+00:00\",\"mainEntityOfPage\":{\"@id\":\"https:\/\/apuntesdesanluis.com\/index.php\/2024\/01\/12\/poggi-cumplio-una-intensa-agenda-y-confirmo-que-villa-mercedes-sera-capital-alterna-de-la-provincia\/\"},\"wordCount\":1753,\"publisher\":{\"@id\":\"https:\/\/apuntesdesanluis.com\/#\/schema\/person\/b55151d52296fcce64d1a72538a70b90\"},\"image\":{\"@id\":\"https:\/\/apuntesdesanluis.com\/index.php\/2024\/01\/12\/poggi-cumplio-una-intensa-agenda-y-confirmo-que-villa-mercedes-sera-capital-alterna-de-la-provincia\/#primaryimage\"},\"thumbnailUrl\":\"https:\/\/apuntesdesanluis.com\/wp-content\/uploads\/2024\/01\/POGGI-EN-LA-PEDRERA.png\",\"articleSection\":[\"Ciudad\/Provincia\"],\"inLanguage\":\"es-AR\"},{\"@type\":\"WebPage\",\"@id\":\"https:\/\/apuntesdesanluis.com\/index.php\/2024\/01\/12\/poggi-cumplio-una-intensa-agenda-y-confirmo-que-villa-mercedes-sera-capital-alterna-de-la-provincia\/\",\"url\":\"https:\/\/apuntesdesanluis.com\/index.php\/2024\/01\/12\/poggi-cumplio-una-intensa-agenda-y-confirmo-que-villa-mercedes-sera-capital-alterna-de-la-provincia\/\",\"name\":\"POGGI CUMPLI\u00d3 UNA INTENSA AGENDA Y CONFIRM\u00d3 QUE VILLA MERCEDES SER\u00c1 CAPITAL ALTERNA DE LA PROVINCIA - Apuntes de San Luis\",\"isPartOf\":{\"@id\":\"https:\/\/apuntesdesanluis.com\/#website\"},\"primaryImageOfPage\":{\"@id\":\"https:\/\/apuntesdesanluis.com\/index.php\/2024\/01\/12\/poggi-cumplio-una-intensa-agenda-y-confirmo-que-villa-mercedes-sera-capital-alterna-de-la-provincia\/#primaryimage\"},\"image\":{\"@id\":\"https:\/\/apuntesdesanluis.com\/index.php\/2024\/01\/12\/poggi-cumplio-una-intensa-agenda-y-confirmo-que-villa-mercedes-sera-capital-alterna-de-la-provincia\/#primaryimage\"},\"thumbnailUrl\":\"https:\/\/apuntesdesanluis.com\/wp-content\/uploads\/2024\/01\/POGGI-EN-LA-PEDRERA.png\",\"datePublished\":\"2024-01-12T03:11:06+00:00\",\"breadcrumb\":{\"@id\":\"https:\/\/apuntesdesanluis.com\/index.php\/2024\/01\/12\/poggi-cumplio-una-intensa-agenda-y-confirmo-que-villa-mercedes-sera-capital-alterna-de-la-provincia\/#breadcrumb\"},\"inLanguage\":\"es-AR\",\"potentialAction\":[{\"@type\":\"ReadAction\",\"target\":[\"https:\/\/apuntesdesanluis.com\/index.php\/2024\/01\/12\/poggi-cumplio-una-intensa-agenda-y-confirmo-que-villa-mercedes-sera-capital-alterna-de-la-provincia\/\"]}]},{\"@type\":\"ImageObject\",\"inLanguage\":\"es-AR\",\"@id\":\"https:\/\/apuntesdesanluis.com\/index.php\/2024\/01\/12\/poggi-cumplio-una-intensa-agenda-y-confirmo-que-villa-mercedes-sera-capital-alterna-de-la-provincia\/#primaryimage\",\"url\":\"https:\/\/apuntesdesanluis.com\/wp-content\/uploads\/2024\/01\/POGGI-EN-LA-PEDRERA.png\",\"contentUrl\":\"https:\/\/apuntesdesanluis.com\/wp-content\/uploads\/2024\/01\/POGGI-EN-LA-PEDRERA.png\",\"width\":600,\"height\":376},{\"@type\":\"BreadcrumbList\",\"@id\":\"https:\/\/apuntesdesanluis.com\/index.php\/2024\/01\/12\/poggi-cumplio-una-intensa-agenda-y-confirmo-que-villa-mercedes-sera-capital-alterna-de-la-provincia\/#breadcrumb\",\"itemListElement\":[{\"@type\":\"ListItem\",\"position\":1,\"name\":\"Inicio\",\"item\":\"https:\/\/apuntesdesanluis.com\/\"},{\"@type\":\"ListItem\",\"position\":2,\"name\":\"POGGI CUMPLI\u00d3 UNA INTENSA AGENDA Y CONFIRM\u00d3 QUE VILLA MERCEDES SER\u00c1 CAPITAL ALTERNA DE LA PROVINCIA\"}]},{\"@type\":\"WebSite\",\"@id\":\"https:\/\/apuntesdesanluis.com\/#website\",\"url\":\"https:\/\/apuntesdesanluis.com\/\",\"name\":\"Apuntes de San Luis\",\"description\":\"\",\"publisher\":{\"@id\":\"https:\/\/apuntesdesanluis.com\/#\/schema\/person\/b55151d52296fcce64d1a72538a70b90\"},\"potentialAction\":[{\"@type\":\"SearchAction\",\"target\":{\"@type\":\"EntryPoint\",\"urlTemplate\":\"https:\/\/apuntesdesanluis.com\/?s={search_term_string}\"},\"query-input\":{\"@type\":\"PropertyValueSpecification\",\"valueRequired\":true,\"valueName\":\"search_term_string\"}}],\"inLanguage\":\"es-AR\"},{\"@type\":[\"Person\",\"Organization\"],\"@id\":\"https:\/\/apuntesdesanluis.com\/#\/schema\/person\/b55151d52296fcce64d1a72538a70b90\",\"name\":\"apuntesdesanluis.com\",\"image\":{\"@type\":\"ImageObject\",\"inLanguage\":\"es-AR\",\"@id\":\"https:\/\/apuntesdesanluis.com\/#\/schema\/person\/image\/\",\"url\":\"https:\/\/apuntesdesanluis.com\/wp-content\/uploads\/2023\/07\/cropped-apuntesdesanluis.png\",\"contentUrl\":\"https:\/\/apuntesdesanluis.com\/wp-content\/uploads\/2023\/07\/cropped-apuntesdesanluis.png\",\"width\":450,\"height\":112,\"caption\":\"apuntesdesanluis.com\"},\"logo\":{\"@id\":\"https:\/\/apuntesdesanluis.com\/#\/schema\/person\/image\/\"},\"sameAs\":[\"https:\/\/apuntesdesanluis.com\"],\"url\":\"https:\/\/apuntesdesanluis.com\/index.php\/author\/apuntesdesanluis-com\/\"}]}<\/script>\n<!-- \/ Yoast SEO plugin. -->","yoast_head_json":{"title":"POGGI CUMPLI\u00d3 UNA INTENSA AGENDA Y CONFIRM\u00d3 QUE VILLA MERCEDES SER\u00c1 CAPITAL ALTERNA DE LA PROVINCIA - Apuntes de San Luis","robots":{"index":"index","follow":"follow","max-snippet":"max-snippet:-1","max-image-preview":"max-image-preview:large","max-video-preview":"max-video-preview:-1"},"canonical":"https:\/\/apuntesdesanluis.com\/index.php\/2024\/01\/12\/poggi-cumplio-una-intensa-agenda-y-confirmo-que-villa-mercedes-sera-capital-alterna-de-la-provincia\/","og_locale":"es_ES","og_type":"article","og_title":"POGGI CUMPLI\u00d3 UNA INTENSA AGENDA Y CONFIRM\u00d3 QUE VILLA MERCEDES SER\u00c1 CAPITAL ALTERNA DE LA PROVINCIA - Apuntes de San Luis","og_description":"El gobernador visit\u00f3 de este jueves Villa Mercedes, donde cumpli\u00f3 una intensa agenda de trabajo,...","og_url":"https:\/\/apuntesdesanluis.com\/index.php\/2024\/01\/12\/poggi-cumplio-una-intensa-agenda-y-confirmo-que-villa-mercedes-sera-capital-alterna-de-la-provincia\/","og_site_name":"Apuntes de San Luis","article_published_time":"2024-01-12T03:11:06+00:00","og_image":[{"width":600,"height":376,"url":"https:\/\/apuntesdesanluis.com\/wp-content\/uploads\/2024\/01\/POGGI-EN-LA-PEDRERA.png","type":"image\/png"}],"author":"apuntesdesanluis.com","twitter_card":"summary_large_image","twitter_misc":{"Escrito por":"apuntesdesanluis.com","Tiempo de lectura":"9 minutos"},"schema":{"@context":"https:\/\/schema.org","@graph":[{"@type":"Article","@id":"https:\/\/apuntesdesanluis.com\/index.php\/2024\/01\/12\/poggi-cumplio-una-intensa-agenda-y-confirmo-que-villa-mercedes-sera-capital-alterna-de-la-provincia\/#article","isPartOf":{"@id":"https:\/\/apuntesdesanluis.com\/index.php\/2024\/01\/12\/poggi-cumplio-una-intensa-agenda-y-confirmo-que-villa-mercedes-sera-capital-alterna-de-la-provincia\/"},"author":{"name":"apuntesdesanluis.com","@id":"https:\/\/apuntesdesanluis.com\/#\/schema\/person\/b55151d52296fcce64d1a72538a70b90"},"headline":"POGGI CUMPLI\u00d3 UNA INTENSA AGENDA Y CONFIRM\u00d3 QUE VILLA MERCEDES SER\u00c1 CAPITAL ALTERNA DE LA PROVINCIA","datePublished":"2024-01-12T03:11:06+00:00","mainEntityOfPage":{"@id":"https:\/\/apuntesdesanluis.com\/index.php\/2024\/01\/12\/poggi-cumplio-una-intensa-agenda-y-confirmo-que-villa-mercedes-sera-capital-alterna-de-la-provincia\/"},"wordCount":1753,"publisher":{"@id":"https:\/\/apuntesdesanluis.com\/#\/schema\/person\/b55151d52296fcce64d1a72538a70b90"},"image":{"@id":"https:\/\/apuntesdesanluis.com\/index.php\/2024\/01\/12\/poggi-cumplio-una-intensa-agenda-y-confirmo-que-villa-mercedes-sera-capital-alterna-de-la-provincia\/#primaryimage"},"thumbnailUrl":"https:\/\/apuntesdesanluis.com\/wp-content\/uploads\/2024\/01\/POGGI-EN-LA-PEDRERA.png","articleSection":["Ciudad\/Provincia"],"inLanguage":"es-AR"},{"@type":"WebPage","@id":"https:\/\/apuntesdesanluis.com\/index.php\/2024\/01\/12\/poggi-cumplio-una-intensa-agenda-y-confirmo-que-villa-mercedes-sera-capital-alterna-de-la-provincia\/","url":"https:\/\/apuntesdesanluis.com\/index.php\/2024\/01\/12\/poggi-cumplio-una-intensa-agenda-y-confirmo-que-villa-mercedes-sera-capital-alterna-de-la-provincia\/","name":"POGGI CUMPLI\u00d3 UNA INTENSA AGENDA Y CONFIRM\u00d3 QUE VILLA MERCEDES SER\u00c1 CAPITAL ALTERNA DE LA PROVINCIA - Apuntes de San Luis","isPartOf":{"@id":"https:\/\/apuntesdesanluis.com\/#website"},"primaryImageOfPage":{"@id":"https:\/\/apuntesdesanluis.com\/index.php\/2024\/01\/12\/poggi-cumplio-una-intensa-agenda-y-confirmo-que-villa-mercedes-sera-capital-alterna-de-la-provincia\/#primaryimage"},"image":{"@id":"https:\/\/apuntesdesanluis.com\/index.php\/2024\/01\/12\/poggi-cumplio-una-intensa-agenda-y-confirmo-que-villa-mercedes-sera-capital-alterna-de-la-provincia\/#primaryimage"},"thumbnailUrl":"https:\/\/apuntesdesanluis.com\/wp-content\/uploads\/2024\/01\/POGGI-EN-LA-PEDRERA.png","datePublished":"2024-01-12T03:11:06+00:00","breadcrumb":{"@id":"https:\/\/apuntesdesanluis.com\/index.php\/2024\/01\/12\/poggi-cumplio-una-intensa-agenda-y-confirmo-que-villa-mercedes-sera-capital-alterna-de-la-provincia\/#breadcrumb"},"inLanguage":"es-AR","potentialAction":[{"@type":"ReadAction","target":["https:\/\/apuntesdesanluis.com\/index.php\/2024\/01\/12\/poggi-cumplio-una-intensa-agenda-y-confirmo-que-villa-mercedes-sera-capital-alterna-de-la-provincia\/"]}]},{"@type":"ImageObject","inLanguage":"es-AR","@id":"https:\/\/apuntesdesanluis.com\/index.php\/2024\/01\/12\/poggi-cumplio-una-intensa-agenda-y-confirmo-que-villa-mercedes-sera-capital-alterna-de-la-provincia\/#primaryimage","url":"https:\/\/apuntesdesanluis.com\/wp-content\/uploads\/2024\/01\/POGGI-EN-LA-PEDRERA.png","contentUrl":"https:\/\/apuntesdesanluis.com\/wp-content\/uploads\/2024\/01\/POGGI-EN-LA-PEDRERA.png","width":600,"height":376},{"@type":"BreadcrumbList","@id":"https:\/\/apuntesdesanluis.com\/index.php\/2024\/01\/12\/poggi-cumplio-una-intensa-agenda-y-confirmo-que-villa-mercedes-sera-capital-alterna-de-la-provincia\/#breadcrumb","itemListElement":[{"@type":"ListItem","position":1,"name":"Inicio","item":"https:\/\/apuntesdesanluis.com\/"},{"@type":"ListItem","position":2,"name":"POGGI CUMPLI\u00d3 UNA INTENSA AGENDA Y CONFIRM\u00d3 QUE VILLA MERCEDES SER\u00c1 CAPITAL ALTERNA DE LA PROVINCIA"}]},{"@type":"WebSite","@id":"https:\/\/apuntesdesanluis.com\/#website","url":"https:\/\/apuntesdesanluis.com\/","name":"Apuntes de San Luis","description":"","publisher":{"@id":"https:\/\/apuntesdesanluis.com\/#\/schema\/person\/b55151d52296fcce64d1a72538a70b90"},"potentialAction":[{"@type":"SearchAction","target":{"@type":"EntryPoint","urlTemplate":"https:\/\/apuntesdesanluis.com\/?s={search_term_string}"},"query-input":{"@type":"PropertyValueSpecification","valueRequired":true,"valueName":"search_term_string"}}],"inLanguage":"es-AR"},{"@type":["Person","Organization"],"@id":"https:\/\/apuntesdesanluis.com\/#\/schema\/person\/b55151d52296fcce64d1a72538a70b90","name":"apuntesdesanluis.com","image":{"@type":"ImageObject","inLanguage":"es-AR","@id":"https:\/\/apuntesdesanluis.com\/#\/schema\/person\/image\/","url":"https:\/\/apuntesdesanluis.com\/wp-content\/uploads\/2023\/07\/cropped-apuntesdesanluis.png","contentUrl":"https:\/\/apuntesdesanluis.com\/wp-content\/uploads\/2023\/07\/cropped-apuntesdesanluis.png","width":450,"height":112,"caption":"apuntesdesanluis.com"},"logo":{"@id":"https:\/\/apuntesdesanluis.com\/#\/schema\/person\/image\/"},"sameAs":["https:\/\/apuntesdesanluis.com"],"url":"https:\/\/apuntesdesanluis.com\/index.php\/author\/apuntesdesanluis-com\/"}]}},"featured_image_urls":{"full":["https:\/\/apuntesdesanluis.com\/wp-content\/uploads\/2024\/01\/POGGI-EN-LA-PEDRERA.png",600,376,false],"thumbnail":["https:\/\/apuntesdesanluis.com\/wp-content\/uploads\/2024\/01\/POGGI-EN-LA-PEDRERA-150x150.png",150,150,true],"medium":["https:\/\/apuntesdesanluis.com\/wp-content\/uploads\/2024\/01\/POGGI-EN-LA-PEDRERA-300x188.png",300,188,true],"medium_large":["https:\/\/apuntesdesanluis.com\/wp-content\/uploads\/2024\/01\/POGGI-EN-LA-PEDRERA.png",600,376,false],"large":["https:\/\/apuntesdesanluis.com\/wp-content\/uploads\/2024\/01\/POGGI-EN-LA-PEDRERA.png",600,376,false],"1536x1536":["https:\/\/apuntesdesanluis.com\/wp-content\/uploads\/2024\/01\/POGGI-EN-LA-PEDRERA.png",600,376,false],"2048x2048":["https:\/\/apuntesdesanluis.com\/wp-content\/uploads\/2024\/01\/POGGI-EN-LA-PEDRERA.png",600,376,false],"newsever-slider-full":["https:\/\/apuntesdesanluis.com\/wp-content\/uploads\/2024\/01\/POGGI-EN-LA-PEDRERA.png",600,376,false],"newsever-featured":["https:\/\/apuntesdesanluis.com\/wp-content\/uploads\/2024\/01\/POGGI-EN-LA-PEDRERA.png",600,376,false],"newsever-medium":["https:\/\/apuntesdesanluis.com\/wp-content\/uploads\/2024\/01\/POGGI-EN-LA-PEDRERA.png",600,376,false]},"author_info":{"display_name":"apuntesdesanluis.com","author_link":"https:\/\/apuntesdesanluis.com\/index.php\/author\/apuntesdesanluis-com\/"},"category_info":"<a href=\"https:\/\/apuntesdesanluis.com\/index.php\/category\/ciudad-provincia\/\" rel=\"category tag\">Ciudad\/Provincia<\/a>","tag_info":"Ciudad\/Provincia","comment_count":"0","_links":{"self":[{"href":"https:\/\/apuntesdesanluis.com\/index.php\/wp-json\/wp\/v2\/posts\/9907","targetHints":{"allow":["GET"]}}],"collection":[{"href":"https:\/\/apuntesdesanluis.com\/index.php\/wp-json\/wp\/v2\/posts"}],"about":[{"href":"https:\/\/apuntesdesanluis.com\/index.php\/wp-json\/wp\/v2\/types\/post"}],"author":[{"embeddable":true,"href":"https:\/\/apuntesdesanluis.com\/index.php\/wp-json\/wp\/v2\/users\/1"}],"replies":[{"embeddable":true,"href":"https:\/\/apuntesdesanluis.com\/index.php\/wp-json\/wp\/v2\/comments?post=9907"}],"version-history":[{"count":2,"href":"https:\/\/apuntesdesanluis.com\/index.php\/wp-json\/wp\/v2\/posts\/9907\/revisions"}],"predecessor-version":[{"id":9923,"href":"https:\/\/apuntesdesanluis.com\/index.php\/wp-json\/wp\/v2\/posts\/9907\/revisions\/9923"}],"wp:featuredmedia":[{"embeddable":true,"href":"https:\/\/apuntesdesanluis.com\/index.php\/wp-json\/wp\/v2\/media\/9910"}],"wp:attachment":[{"href":"https:\/\/apuntesdesanluis.com\/index.php\/wp-json\/wp\/v2\/media?parent=9907"}],"wp:term":[{"taxonomy":"category","embeddable":true,"href":"https:\/\/apuntesdesanluis.com\/index.php\/wp-json\/wp\/v2\/categories?post=9907"},{"taxonomy":"post_tag","embeddable":true,"href":"https:\/\/apuntesdesanluis.com\/index.php\/wp-json\/wp\/v2\/tags?post=9907"}],"curies":[{"name":"wp","href":"https:\/\/api.w.org\/{rel}","templated":true}]}}