{"id":9960,"date":"2024-01-12T10:12:39","date_gmt":"2024-01-12T13:12:39","guid":{"rendered":"https:\/\/apuntesdesanluis.com\/?p=9960"},"modified":"2024-01-12T10:12:39","modified_gmt":"2024-01-12T13:12:39","slug":"el-papa-francisco-recibiria-a-milei-en-febrero-para-limar-asperezas","status":"publish","type":"post","link":"https:\/\/apuntesdesanluis.com\/index.php\/2024\/01\/12\/el-papa-francisco-recibiria-a-milei-en-febrero-para-limar-asperezas\/","title":{"rendered":"EL PAPA FRANCISCO RECIBIR\u00cdA A MILEI EN FEBRERO PARA LIMAR ASPEREZAS"},"content":{"rendered":"<h3>El <strong>Papa Francisco<\/strong> recibir\u00eda en febrero pr\u00f3ximo al presidente<strong> Javier Milei<\/strong>, quien buscar\u00e1 limar asperezas y tratar de convencerlo de que concrete su primer viaje papal a la Argentina.<\/h3>\n<h3>El encuentro tendr\u00eda lugar el 12 de febrero en el marco de la ceremonia de canonizaci\u00f3n de \u201cMam\u00e1 Antula\u201d.<\/h3>\n<h3>El dato surgi\u00f3 luego de que el propio jefe de Estado le enviara una carta al Sumo Pont\u00edfice para invitarlo oficialmente a visitar la Argentina: en la misiva consider\u00f3 que &#8220;su viaje traer\u00e1 frutos de pacificaci\u00f3n y de hermanamiento de todos los argentinos, ansiosos de superar divisiones y enfrentamientos&#8221;.<\/h3>\n<h3>En las redes sociales del Gobierno se difundi\u00f3 la carta junto a una foto del mandatario firmando la misiva, acompa\u00f1ado por su hermana y secretaria general de la Presidencia, Karina Milei.<\/h3>\n<h3>&#8220;Usted bien sabe que no necesita invitaci\u00f3n para venir a su querida Argentina. A riesgo de decir lo innecesario, le invito a visitar nuestra amada Patria, conforme a las fechas y los lugares que nos sean indicados&#8221;, sostuvo Milei en el texto dirigido al Santo Padre.<\/h3>\n<h3>&#8220;Teniendo presente su consejo de tener la sabidur\u00eda y el coraje necesarios, en mis primeras semanas de gobierno he procedido a proponer una serie de medidas de gobierno destinadas a transformar la situaci\u00f3n que la Rep\u00fablica Argentina padece hace d\u00e9cadas&#8221;, coment\u00f3 el Presidente en otro p\u00e1rrafo.<\/h3>\n<h3>E hizo \u00e9nfasis en la fragilidad econ\u00f3mica y social que atraviesa la Argentina: &#8220;Somos conscientes que estas decisiones pueden profundizar inequidades, por lo que nuestra prioridad m\u00e1xima es proteger a nuestros compatriotas m\u00e1s vulnerables, agradeciendo la colaboraci\u00f3n de la Iglesia Cat\u00f3lica, cuya acci\u00f3n en el campo social es invalorable&#8221;.<\/h3>\n<h3>&#8220;Como Presidente de la Naci\u00f3n Argentina, considero que su viaje traer\u00e1 frutos de pacificaci\u00f3n y de hermanamiento de todos los argentinos, ansiosos de superar nuestras divisiones y enfrentamientos. Su presencia y su mensaje contribuir\u00e1n a la tan deseada unidad de todos nuestros compatriotas y nos brindar\u00e1 la fuerza colectiva necesaria para preservar nuestra paz y trabajar por la prosperidad y el engrandecimiento de nuestra querida Rep\u00fablica Argentina&#8221;, enfatiz\u00f3.<\/h3>\n<h3>Y finaliz\u00f3: &#8220;S\u00e9 que el tiempo es escaso. Aun as\u00ed, espero que pueda viajar para la alegr\u00eda general de todo el pueblo argentino.<\/h3>\n<h3>Reitero a Su Santidad las seguridades de mi alta consideraci\u00f3n y respeto por su obra y su persona&#8221;.<\/h3>\n<h3>El env\u00edo de la carta hab\u00eda sido anticipado previamente por el vocero Manuel Adorni en su conferencia de prensa matutina en Casa Rosada, quien sostuvo que la presencia del Sumo Pont\u00edfice contribuir\u00e1 a la unidad y dar\u00e1 &#8220;la fuerza necesaria para preservar la paz, trabajar la prosperidad y el engrandecimiento de la Patria&#8221;.<\/h3>\n<h3>Durante el proceso electoral, Milei mantuvo una fuerte tensi\u00f3n con la Iglesia Cat\u00f3lica. Primero, porque un sector ligado a los curas villeros reflot\u00f3 declaraciones pol\u00e9micas del l\u00edder libertario contra Francisco.<\/h3>\n<h3>Luego, porque el referente liberal argentino del jefe de Estado, Alberto Benegas Lynch, asever\u00f3 que, de llegar al Gobierno, Milei deber\u00eda suspender las relaciones diplom\u00e1ticas con el Vaticano.<\/h3>\n<p>&nbsp;<\/p>\n<p>&nbsp;<\/p>\n<p>&nbsp;<\/p>\n<p>&nbsp;<\/p>\n<p>&nbsp;<\/p>\n<p>&nbsp;<\/p>\n<p>&nbsp;<\/p>\n","protected":false},"excerpt":{"rendered":"<p>El Papa Francisco recibir\u00eda en febrero pr\u00f3ximo al presidente Javier Milei, quien buscar\u00e1 limar asperezas&#8230;<\/p>\n","protected":false},"author":1,"featured_media":9961,"comment_status":"closed","ping_status":"closed","sticky":false,"template":"","format":"standard","meta":{"footnotes":""},"categories":[5],"tags":[],"class_list":["post-9960","post","type-post","status-publish","format-standard","has-post-thumbnail","hentry","category-nacionales-internacionales"],"yoast_head":"<!-- This site is optimized with the Yoast SEO plugin v26.1.1 - https:\/\/yoast.com\/wordpress\/plugins\/seo\/ -->\n<title>EL PAPA FRANCISCO RECIBIR\u00cdA A MILEI EN FEBRERO PARA LIMAR ASPEREZAS - Apuntes de San Luis<\/title>\n<meta name=\"robots\" content=\"index, follow, max-snippet:-1, max-image-preview:large, max-video-preview:-1\" \/>\n<link rel=\"canonical\" href=\"https:\/\/apuntesdesanluis.com\/index.php\/2024\/01\/12\/el-papa-francisco-recibiria-a-milei-en-febrero-para-limar-asperezas\/\" \/>\n<meta property=\"og:locale\" content=\"es_ES\" \/>\n<meta property=\"og:type\" content=\"article\" \/>\n<meta property=\"og:title\" content=\"EL PAPA FRANCISCO RECIBIR\u00cdA A MILEI EN FEBRERO PARA LIMAR ASPEREZAS - Apuntes de San Luis\" \/>\n<meta property=\"og:description\" content=\"El Papa Francisco recibir\u00eda en febrero pr\u00f3ximo al presidente Javier Milei, quien buscar\u00e1 limar asperezas...\" \/>\n<meta property=\"og:url\" content=\"https:\/\/apuntesdesanluis.com\/index.php\/2024\/01\/12\/el-papa-francisco-recibiria-a-milei-en-febrero-para-limar-asperezas\/\" \/>\n<meta property=\"og:site_name\" content=\"Apuntes de San Luis\" \/>\n<meta property=\"article:published_time\" content=\"2024-01-12T13:12:39+00:00\" \/>\n<meta property=\"og:image\" content=\"https:\/\/apuntesdesanluis.com\/wp-content\/uploads\/2024\/01\/milei-y-francisco.png\" \/>\n\t<meta property=\"og:image:width\" content=\"600\" \/>\n\t<meta property=\"og:image:height\" content=\"367\" \/>\n\t<meta property=\"og:image:type\" content=\"image\/png\" \/>\n<meta name=\"author\" content=\"apuntesdesanluis.com\" \/>\n<meta name=\"twitter:card\" content=\"summary_large_image\" \/>\n<meta name=\"twitter:label1\" content=\"Escrito por\" \/>\n\t<meta name=\"twitter:data1\" content=\"apuntesdesanluis.com\" \/>\n\t<meta name=\"twitter:label2\" content=\"Tiempo de lectura\" \/>\n\t<meta name=\"twitter:data2\" content=\"3 minutos\" \/>\n<script type=\"application\/ld+json\" class=\"yoast-schema-graph\">{\"@context\":\"https:\/\/schema.org\",\"@graph\":[{\"@type\":\"Article\",\"@id\":\"https:\/\/apuntesdesanluis.com\/index.php\/2024\/01\/12\/el-papa-francisco-recibiria-a-milei-en-febrero-para-limar-asperezas\/#article\",\"isPartOf\":{\"@id\":\"https:\/\/apuntesdesanluis.com\/index.php\/2024\/01\/12\/el-papa-francisco-recibiria-a-milei-en-febrero-para-limar-asperezas\/\"},\"author\":{\"name\":\"apuntesdesanluis.com\",\"@id\":\"https:\/\/apuntesdesanluis.com\/#\/schema\/person\/b55151d52296fcce64d1a72538a70b90\"},\"headline\":\"EL PAPA FRANCISCO RECIBIR\u00cdA A MILEI EN FEBRERO PARA LIMAR ASPEREZAS\",\"datePublished\":\"2024-01-12T13:12:39+00:00\",\"mainEntityOfPage\":{\"@id\":\"https:\/\/apuntesdesanluis.com\/index.php\/2024\/01\/12\/el-papa-francisco-recibiria-a-milei-en-febrero-para-limar-asperezas\/\"},\"wordCount\":541,\"publisher\":{\"@id\":\"https:\/\/apuntesdesanluis.com\/#\/schema\/person\/b55151d52296fcce64d1a72538a70b90\"},\"image\":{\"@id\":\"https:\/\/apuntesdesanluis.com\/index.php\/2024\/01\/12\/el-papa-francisco-recibiria-a-milei-en-febrero-para-limar-asperezas\/#primaryimage\"},\"thumbnailUrl\":\"https:\/\/apuntesdesanluis.com\/wp-content\/uploads\/2024\/01\/milei-y-francisco.png\",\"articleSection\":[\"Nacionales\/Internacionales\"],\"inLanguage\":\"es-AR\"},{\"@type\":\"WebPage\",\"@id\":\"https:\/\/apuntesdesanluis.com\/index.php\/2024\/01\/12\/el-papa-francisco-recibiria-a-milei-en-febrero-para-limar-asperezas\/\",\"url\":\"https:\/\/apuntesdesanluis.com\/index.php\/2024\/01\/12\/el-papa-francisco-recibiria-a-milei-en-febrero-para-limar-asperezas\/\",\"name\":\"EL PAPA FRANCISCO RECIBIR\u00cdA A MILEI EN FEBRERO PARA LIMAR ASPEREZAS - Apuntes de San Luis\",\"isPartOf\":{\"@id\":\"https:\/\/apuntesdesanluis.com\/#website\"},\"primaryImageOfPage\":{\"@id\":\"https:\/\/apuntesdesanluis.com\/index.php\/2024\/01\/12\/el-papa-francisco-recibiria-a-milei-en-febrero-para-limar-asperezas\/#primaryimage\"},\"image\":{\"@id\":\"https:\/\/apuntesdesanluis.com\/index.php\/2024\/01\/12\/el-papa-francisco-recibiria-a-milei-en-febrero-para-limar-asperezas\/#primaryimage\"},\"thumbnailUrl\":\"https:\/\/apuntesdesanluis.com\/wp-content\/uploads\/2024\/01\/milei-y-francisco.png\",\"datePublished\":\"2024-01-12T13:12:39+00:00\",\"breadcrumb\":{\"@id\":\"https:\/\/apuntesdesanluis.com\/index.php\/2024\/01\/12\/el-papa-francisco-recibiria-a-milei-en-febrero-para-limar-asperezas\/#breadcrumb\"},\"inLanguage\":\"es-AR\",\"potentialAction\":[{\"@type\":\"ReadAction\",\"target\":[\"https:\/\/apuntesdesanluis.com\/index.php\/2024\/01\/12\/el-papa-francisco-recibiria-a-milei-en-febrero-para-limar-asperezas\/\"]}]},{\"@type\":\"ImageObject\",\"inLanguage\":\"es-AR\",\"@id\":\"https:\/\/apuntesdesanluis.com\/index.php\/2024\/01\/12\/el-papa-francisco-recibiria-a-milei-en-febrero-para-limar-asperezas\/#primaryimage\",\"url\":\"https:\/\/apuntesdesanluis.com\/wp-content\/uploads\/2024\/01\/milei-y-francisco.png\",\"contentUrl\":\"https:\/\/apuntesdesanluis.com\/wp-content\/uploads\/2024\/01\/milei-y-francisco.png\",\"width\":600,\"height\":367},{\"@type\":\"BreadcrumbList\",\"@id\":\"https:\/\/apuntesdesanluis.com\/index.php\/2024\/01\/12\/el-papa-francisco-recibiria-a-milei-en-febrero-para-limar-asperezas\/#breadcrumb\",\"itemListElement\":[{\"@type\":\"ListItem\",\"position\":1,\"name\":\"Inicio\",\"item\":\"https:\/\/apuntesdesanluis.com\/\"},{\"@type\":\"ListItem\",\"position\":2,\"name\":\"EL PAPA FRANCISCO RECIBIR\u00cdA A MILEI EN FEBRERO PARA LIMAR ASPEREZAS\"}]},{\"@type\":\"WebSite\",\"@id\":\"https:\/\/apuntesdesanluis.com\/#website\",\"url\":\"https:\/\/apuntesdesanluis.com\/\",\"name\":\"Apuntes de San Luis\",\"description\":\"\",\"publisher\":{\"@id\":\"https:\/\/apuntesdesanluis.com\/#\/schema\/person\/b55151d52296fcce64d1a72538a70b90\"},\"potentialAction\":[{\"@type\":\"SearchAction\",\"target\":{\"@type\":\"EntryPoint\",\"urlTemplate\":\"https:\/\/apuntesdesanluis.com\/?s={search_term_string}\"},\"query-input\":{\"@type\":\"PropertyValueSpecification\",\"valueRequired\":true,\"valueName\":\"search_term_string\"}}],\"inLanguage\":\"es-AR\"},{\"@type\":[\"Person\",\"Organization\"],\"@id\":\"https:\/\/apuntesdesanluis.com\/#\/schema\/person\/b55151d52296fcce64d1a72538a70b90\",\"name\":\"apuntesdesanluis.com\",\"image\":{\"@type\":\"ImageObject\",\"inLanguage\":\"es-AR\",\"@id\":\"https:\/\/apuntesdesanluis.com\/#\/schema\/person\/image\/\",\"url\":\"https:\/\/apuntesdesanluis.com\/wp-content\/uploads\/2023\/07\/cropped-apuntesdesanluis.png\",\"contentUrl\":\"https:\/\/apuntesdesanluis.com\/wp-content\/uploads\/2023\/07\/cropped-apuntesdesanluis.png\",\"width\":450,\"height\":112,\"caption\":\"apuntesdesanluis.com\"},\"logo\":{\"@id\":\"https:\/\/apuntesdesanluis.com\/#\/schema\/person\/image\/\"},\"sameAs\":[\"https:\/\/apuntesdesanluis.com\"],\"url\":\"https:\/\/apuntesdesanluis.com\/index.php\/author\/apuntesdesanluis-com\/\"}]}<\/script>\n<!-- \/ Yoast SEO plugin. -->","yoast_head_json":{"title":"EL PAPA FRANCISCO RECIBIR\u00cdA A MILEI EN FEBRERO PARA LIMAR ASPEREZAS - Apuntes de San Luis","robots":{"index":"index","follow":"follow","max-snippet":"max-snippet:-1","max-image-preview":"max-image-preview:large","max-video-preview":"max-video-preview:-1"},"canonical":"https:\/\/apuntesdesanluis.com\/index.php\/2024\/01\/12\/el-papa-francisco-recibiria-a-milei-en-febrero-para-limar-asperezas\/","og_locale":"es_ES","og_type":"article","og_title":"EL PAPA FRANCISCO RECIBIR\u00cdA A MILEI EN FEBRERO PARA LIMAR ASPEREZAS - Apuntes de San Luis","og_description":"El Papa Francisco recibir\u00eda en febrero pr\u00f3ximo al presidente Javier Milei, quien buscar\u00e1 limar asperezas...","og_url":"https:\/\/apuntesdesanluis.com\/index.php\/2024\/01\/12\/el-papa-francisco-recibiria-a-milei-en-febrero-para-limar-asperezas\/","og_site_name":"Apuntes de San Luis","article_published_time":"2024-01-12T13:12:39+00:00","og_image":[{"width":600,"height":367,"url":"https:\/\/apuntesdesanluis.com\/wp-content\/uploads\/2024\/01\/milei-y-francisco.png","type":"image\/png"}],"author":"apuntesdesanluis.com","twitter_card":"summary_large_image","twitter_misc":{"Escrito por":"apuntesdesanluis.com","Tiempo de lectura":"3 minutos"},"schema":{"@context":"https:\/\/schema.org","@graph":[{"@type":"Article","@id":"https:\/\/apuntesdesanluis.com\/index.php\/2024\/01\/12\/el-papa-francisco-recibiria-a-milei-en-febrero-para-limar-asperezas\/#article","isPartOf":{"@id":"https:\/\/apuntesdesanluis.com\/index.php\/2024\/01\/12\/el-papa-francisco-recibiria-a-milei-en-febrero-para-limar-asperezas\/"},"author":{"name":"apuntesdesanluis.com","@id":"https:\/\/apuntesdesanluis.com\/#\/schema\/person\/b55151d52296fcce64d1a72538a70b90"},"headline":"EL PAPA FRANCISCO RECIBIR\u00cdA A MILEI EN FEBRERO PARA LIMAR ASPEREZAS","datePublished":"2024-01-12T13:12:39+00:00","mainEntityOfPage":{"@id":"https:\/\/apuntesdesanluis.com\/index.php\/2024\/01\/12\/el-papa-francisco-recibiria-a-milei-en-febrero-para-limar-asperezas\/"},"wordCount":541,"publisher":{"@id":"https:\/\/apuntesdesanluis.com\/#\/schema\/person\/b55151d52296fcce64d1a72538a70b90"},"image":{"@id":"https:\/\/apuntesdesanluis.com\/index.php\/2024\/01\/12\/el-papa-francisco-recibiria-a-milei-en-febrero-para-limar-asperezas\/#primaryimage"},"thumbnailUrl":"https:\/\/apuntesdesanluis.com\/wp-content\/uploads\/2024\/01\/milei-y-francisco.png","articleSection":["Nacionales\/Internacionales"],"inLanguage":"es-AR"},{"@type":"WebPage","@id":"https:\/\/apuntesdesanluis.com\/index.php\/2024\/01\/12\/el-papa-francisco-recibiria-a-milei-en-febrero-para-limar-asperezas\/","url":"https:\/\/apuntesdesanluis.com\/index.php\/2024\/01\/12\/el-papa-francisco-recibiria-a-milei-en-febrero-para-limar-asperezas\/","name":"EL PAPA FRANCISCO RECIBIR\u00cdA A MILEI EN FEBRERO PARA LIMAR ASPEREZAS - Apuntes de San Luis","isPartOf":{"@id":"https:\/\/apuntesdesanluis.com\/#website"},"primaryImageOfPage":{"@id":"https:\/\/apuntesdesanluis.com\/index.php\/2024\/01\/12\/el-papa-francisco-recibiria-a-milei-en-febrero-para-limar-asperezas\/#primaryimage"},"image":{"@id":"https:\/\/apuntesdesanluis.com\/index.php\/2024\/01\/12\/el-papa-francisco-recibiria-a-milei-en-febrero-para-limar-asperezas\/#primaryimage"},"thumbnailUrl":"https:\/\/apuntesdesanluis.com\/wp-content\/uploads\/2024\/01\/milei-y-francisco.png","datePublished":"2024-01-12T13:12:39+00:00","breadcrumb":{"@id":"https:\/\/apuntesdesanluis.com\/index.php\/2024\/01\/12\/el-papa-francisco-recibiria-a-milei-en-febrero-para-limar-asperezas\/#breadcrumb"},"inLanguage":"es-AR","potentialAction":[{"@type":"ReadAction","target":["https:\/\/apuntesdesanluis.com\/index.php\/2024\/01\/12\/el-papa-francisco-recibiria-a-milei-en-febrero-para-limar-asperezas\/"]}]},{"@type":"ImageObject","inLanguage":"es-AR","@id":"https:\/\/apuntesdesanluis.com\/index.php\/2024\/01\/12\/el-papa-francisco-recibiria-a-milei-en-febrero-para-limar-asperezas\/#primaryimage","url":"https:\/\/apuntesdesanluis.com\/wp-content\/uploads\/2024\/01\/milei-y-francisco.png","contentUrl":"https:\/\/apuntesdesanluis.com\/wp-content\/uploads\/2024\/01\/milei-y-francisco.png","width":600,"height":367},{"@type":"BreadcrumbList","@id":"https:\/\/apuntesdesanluis.com\/index.php\/2024\/01\/12\/el-papa-francisco-recibiria-a-milei-en-febrero-para-limar-asperezas\/#breadcrumb","itemListElement":[{"@type":"ListItem","position":1,"name":"Inicio","item":"https:\/\/apuntesdesanluis.com\/"},{"@type":"ListItem","position":2,"name":"EL PAPA FRANCISCO RECIBIR\u00cdA A MILEI EN FEBRERO PARA LIMAR ASPEREZAS"}]},{"@type":"WebSite","@id":"https:\/\/apuntesdesanluis.com\/#website","url":"https:\/\/apuntesdesanluis.com\/","name":"Apuntes de San Luis","description":"","publisher":{"@id":"https:\/\/apuntesdesanluis.com\/#\/schema\/person\/b55151d52296fcce64d1a72538a70b90"},"potentialAction":[{"@type":"SearchAction","target":{"@type":"EntryPoint","urlTemplate":"https:\/\/apuntesdesanluis.com\/?s={search_term_string}"},"query-input":{"@type":"PropertyValueSpecification","valueRequired":true,"valueName":"search_term_string"}}],"inLanguage":"es-AR"},{"@type":["Person","Organization"],"@id":"https:\/\/apuntesdesanluis.com\/#\/schema\/person\/b55151d52296fcce64d1a72538a70b90","name":"apuntesdesanluis.com","image":{"@type":"ImageObject","inLanguage":"es-AR","@id":"https:\/\/apuntesdesanluis.com\/#\/schema\/person\/image\/","url":"https:\/\/apuntesdesanluis.com\/wp-content\/uploads\/2023\/07\/cropped-apuntesdesanluis.png","contentUrl":"https:\/\/apuntesdesanluis.com\/wp-content\/uploads\/2023\/07\/cropped-apuntesdesanluis.png","width":450,"height":112,"caption":"apuntesdesanluis.com"},"logo":{"@id":"https:\/\/apuntesdesanluis.com\/#\/schema\/person\/image\/"},"sameAs":["https:\/\/apuntesdesanluis.com"],"url":"https:\/\/apuntesdesanluis.com\/index.php\/author\/apuntesdesanluis-com\/"}]}},"featured_image_urls":{"full":["https:\/\/apuntesdesanluis.com\/wp-content\/uploads\/2024\/01\/milei-y-francisco.png",600,367,false],"thumbnail":["https:\/\/apuntesdesanluis.com\/wp-content\/uploads\/2024\/01\/milei-y-francisco-150x150.png",150,150,true],"medium":["https:\/\/apuntesdesanluis.com\/wp-content\/uploads\/2024\/01\/milei-y-francisco-300x184.png",300,184,true],"medium_large":["https:\/\/apuntesdesanluis.com\/wp-content\/uploads\/2024\/01\/milei-y-francisco.png",600,367,false],"large":["https:\/\/apuntesdesanluis.com\/wp-content\/uploads\/2024\/01\/milei-y-francisco.png",600,367,false],"1536x1536":["https:\/\/apuntesdesanluis.com\/wp-content\/uploads\/2024\/01\/milei-y-francisco.png",600,367,false],"2048x2048":["https:\/\/apuntesdesanluis.com\/wp-content\/uploads\/2024\/01\/milei-y-francisco.png",600,367,false],"newsever-slider-full":["https:\/\/apuntesdesanluis.com\/wp-content\/uploads\/2024\/01\/milei-y-francisco.png",600,367,false],"newsever-featured":["https:\/\/apuntesdesanluis.com\/wp-content\/uploads\/2024\/01\/milei-y-francisco.png",600,367,false],"newsever-medium":["https:\/\/apuntesdesanluis.com\/wp-content\/uploads\/2024\/01\/milei-y-francisco.png",600,367,false]},"author_info":{"display_name":"apuntesdesanluis.com","author_link":"https:\/\/apuntesdesanluis.com\/index.php\/author\/apuntesdesanluis-com\/"},"category_info":"<a href=\"https:\/\/apuntesdesanluis.com\/index.php\/category\/nacionales-internacionales\/\" rel=\"category tag\">Nacionales\/Internacionales<\/a>","tag_info":"Nacionales\/Internacionales","comment_count":"0","_links":{"self":[{"href":"https:\/\/apuntesdesanluis.com\/index.php\/wp-json\/wp\/v2\/posts\/9960","targetHints":{"allow":["GET"]}}],"collection":[{"href":"https:\/\/apuntesdesanluis.com\/index.php\/wp-json\/wp\/v2\/posts"}],"about":[{"href":"https:\/\/apuntesdesanluis.com\/index.php\/wp-json\/wp\/v2\/types\/post"}],"author":[{"embeddable":true,"href":"https:\/\/apuntesdesanluis.com\/index.php\/wp-json\/wp\/v2\/users\/1"}],"replies":[{"embeddable":true,"href":"https:\/\/apuntesdesanluis.com\/index.php\/wp-json\/wp\/v2\/comments?post=9960"}],"version-history":[{"count":1,"href":"https:\/\/apuntesdesanluis.com\/index.php\/wp-json\/wp\/v2\/posts\/9960\/revisions"}],"predecessor-version":[{"id":9962,"href":"https:\/\/apuntesdesanluis.com\/index.php\/wp-json\/wp\/v2\/posts\/9960\/revisions\/9962"}],"wp:featuredmedia":[{"embeddable":true,"href":"https:\/\/apuntesdesanluis.com\/index.php\/wp-json\/wp\/v2\/media\/9961"}],"wp:attachment":[{"href":"https:\/\/apuntesdesanluis.com\/index.php\/wp-json\/wp\/v2\/media?parent=9960"}],"wp:term":[{"taxonomy":"category","embeddable":true,"href":"https:\/\/apuntesdesanluis.com\/index.php\/wp-json\/wp\/v2\/categories?post=9960"},{"taxonomy":"post_tag","embeddable":true,"href":"https:\/\/apuntesdesanluis.com\/index.php\/wp-json\/wp\/v2\/tags?post=9960"}],"curies":[{"name":"wp","href":"https:\/\/api.w.org\/{rel}","templated":true}]}}