{"id":9967,"date":"2024-01-12T13:37:27","date_gmt":"2024-01-12T16:37:27","guid":{"rendered":"https:\/\/apuntesdesanluis.com\/?p=9967"},"modified":"2024-01-12T13:37:27","modified_gmt":"2024-01-12T16:37:27","slug":"merlo-hoy-semi-peatonal-de-las-artes-el-20-la-fiesta-del-mate","status":"publish","type":"post","link":"https:\/\/apuntesdesanluis.com\/index.php\/2024\/01\/12\/merlo-hoy-semi-peatonal-de-las-artes-el-20-la-fiesta-del-mate\/","title":{"rendered":"MERLO: HOY, SEMI PEATONAL DE LAS ARTES; EL 20 LA FIESTA DEL MATE"},"content":{"rendered":"<h3>La <strong>Semi Peatonal de las Artes<\/strong> es un evento organizado por la <strong>Secretar\u00eda de Gesti\u00f3n Cultura e Identidad Merlina<\/strong> que ofrece una oportunidad \u00fanica para explorar, disfrutar en familia y sumergirse en la riqueza cultural de Merlo junto a los artistas locales.<\/h3>\n<h3>Esta noche de viernes se presentan el <strong>D\u00fao Nico<\/strong> y Ariel y <strong>Fabi\u00e1n Orozco<\/strong>. El s\u00e1bado 13 la fiesta continuar\u00e1 de la mano de <strong>\u201cGrupo Inti\u201d<\/strong> junto a <strong>\u201cEl Salta y Las\u00a0Lindas\u201d<\/strong>.<\/h3>\n<h3>Desde las 20:00 hasta las 22:00 horas en la Calle Juan de Videla entre Coronel Mercau y Presb\u00edtero Becerra, la Municipalidad invita a ser parte de esta experiencia \u00fanica.<\/h3>\n<p><img fetchpriority=\"high\" decoding=\"async\" class=\"wp-image-9971 aligncenter\" src=\"https:\/\/apuntesdesanluis.com\/wp-content\/uploads\/2024\/01\/mate-semipeatonal-296x300.png\" alt=\"\" width=\"593\" height=\"601\" srcset=\"https:\/\/apuntesdesanluis.com\/wp-content\/uploads\/2024\/01\/mate-semipeatonal-296x300.png 296w, https:\/\/apuntesdesanluis.com\/wp-content\/uploads\/2024\/01\/mate-semipeatonal.png 512w\" sizes=\"(max-width: 593px) 100vw, 593px\" \/><\/p>\n<h3>La oportunidad es propicia para explorar los comercios de la zona, visitar la f\u00e1brica de alfajores, explorar el espacio que alberga la muestra de obras de arte y artesan\u00edas de destacados artistas merlinos.<\/h3>\n<h3>Tambi\u00e9n se encuentra el paseo municipal de artesanos y, de paso, aprovechar para deleitar el paladar en los bares tradicionales con aut\u00e9ntica gastronom\u00eda criolla y las helader\u00edas artesanales.<\/h3>\n<h3>Este evento estar\u00e1 durante los fines de semana de enero y febrero ofreciendo \u00a0noches \u00fanicas para disfrutar en familia en la tradicional villa tur\u00edstica.<\/h3>\n<h3><strong>FIESTA DEL MATE PUNTANO\u00a0<\/strong><\/h3>\n<h3>Villa de Merlo se prepara para la <strong>\u201c27\u00b0 Fiesta del Mate Puntano\u201d<\/strong>, una fiesta bien criolla, que se realiza el pr\u00f3ximo 20 de enero.<\/h3>\n<p><img decoding=\"async\" class=\"wp-image-9969 aligncenter\" src=\"https:\/\/apuntesdesanluis.com\/wp-content\/uploads\/2024\/01\/MATE-TAPA-300x185.jpg\" alt=\"\" width=\"538\" height=\"332\" srcset=\"https:\/\/apuntesdesanluis.com\/wp-content\/uploads\/2024\/01\/MATE-TAPA-300x185.jpg 300w, https:\/\/apuntesdesanluis.com\/wp-content\/uploads\/2024\/01\/MATE-TAPA.jpg 595w\" sizes=\"(max-width: 538px) 100vw, 538px\" \/><\/p>\n<h3>Este tradicional encuentro se inici\u00f3 en 1996, con el artista de Piedra Blanca <strong>V\u00edctor Hugo Cornejo<\/strong>, tallador, escultor y ceramista, con el objetivo de homenajear a los artesanos hacedores de mates.\u00a0 Las primeras ediciones se realizaron en el Algarrobo Abuelo.<\/h3>\n<h3>El <strong>mate puntano<\/strong> tiene caracter\u00edsticas especiales, que lo hacen \u00fanico y diferente al resto. Principalmente est\u00e1 tallado en madera de algarrobo, \u00e1rbol perteneciente a nuestro bosque nativo y realizado en una sola pieza, esculpido a mano.\u00a0 Tambi\u00e9n puede tener una guarda o una imagen que hace alusi\u00f3n a un fragmento de nuestra identidad merlina y sanluise\u00f1a.<\/h3>\n<h3>Fue declarado de inter\u00e9s cultural y tur\u00edstico bajo resoluci\u00f3n N\u00ba13\/96 DEM, el 17 de enero de 1996.\u00a0 Actualmente, este festejo de las tradiciones merlinas, se realiza en el parque del Museo Regional Lolma (que en dialecto <em>camiare<\/em> significa \u201calgarrobal\u201d).<\/h3>\n<h3>Ser\u00e1 una celebraci\u00f3n a puro folklore, con las tradicionales tortas fritas, pastelitos, mates artesanales y n\u00fameros art\u00edsticos.<\/h3>\n<h3>Se har\u00e1n presentes en esta edici\u00f3n n\u00famero 27 de la Fiesta del Mate Puntano:<\/h3>\n<ul>\n<li>\n<h3><strong>LAS VOCES DE MERLO<\/strong><\/h3>\n<\/li>\n<li>\n<h3><strong>RUB\u00c9N GALLARDO<\/strong><\/h3>\n<\/li>\n<li>\n<h3><strong>EL SALTA Y LAS LINDAS<\/strong><\/h3>\n<\/li>\n<li>\n<h3><strong>D\u00daO GABINO CANTOR Y MATIAS NUDEL<\/strong><\/h3>\n<\/li>\n<li>\n<h3><strong>GRUPO DE DANZAS LLASTAY<\/strong><\/h3>\n<\/li>\n<li>\n<h3><strong>LA CALLEJERA, <\/strong>el reconocido grupo musical de trayectoria nacional.<\/h3>\n<\/li>\n<\/ul>\n<h3><img decoding=\"async\" class=\"wp-image-9968 aligncenter\" src=\"https:\/\/apuntesdesanluis.com\/wp-content\/uploads\/2024\/01\/cuatro-de-mate-300x288.png\" alt=\"\" width=\"625\" height=\"600\" srcset=\"https:\/\/apuntesdesanluis.com\/wp-content\/uploads\/2024\/01\/cuatro-de-mate-300x288.png 300w, https:\/\/apuntesdesanluis.com\/wp-content\/uploads\/2024\/01\/cuatro-de-mate.png 540w\" sizes=\"(max-width: 625px) 100vw, 625px\" \/><\/h3>\n<h3>Grandes artistas que han recorrido los escenarios llevando como estandarte la m\u00fasica de nuestra provincia y regi\u00f3n. <strong>\u00a0<\/strong><\/h3>\n<h3>La organizaci\u00f3n agradece el apoyo del Ministerio de Turismo y Cultura del Gobierno de la Provincia de San Luis e invita a compartir una tarde imperdible en el patio del Museo Regional Lolma, en Piedra Blanca abajo. Se recomienda llevar <strong>reposera y mate. La entrada es libre y gratuita. <\/strong><\/h3>\n<p>&nbsp;<\/p>\n","protected":false},"excerpt":{"rendered":"<p>La Semi Peatonal de las Artes es un evento organizado por la Secretar\u00eda de Gesti\u00f3n&#8230;<\/p>\n","protected":false},"author":1,"featured_media":9970,"comment_status":"closed","ping_status":"closed","sticky":false,"template":"","format":"standard","meta":{"footnotes":""},"categories":[6],"tags":[],"class_list":["post-9967","post","type-post","status-publish","format-standard","has-post-thumbnail","hentry","category-ciudad-provincia"],"yoast_head":"<!-- This site is optimized with the Yoast SEO plugin v26.1.1 - https:\/\/yoast.com\/wordpress\/plugins\/seo\/ -->\n<title>MERLO: HOY, SEMI PEATONAL DE LAS ARTES; EL 20 LA FIESTA DEL MATE - Apuntes de San Luis<\/title>\n<meta name=\"robots\" content=\"index, follow, max-snippet:-1, max-image-preview:large, max-video-preview:-1\" \/>\n<link rel=\"canonical\" href=\"https:\/\/apuntesdesanluis.com\/index.php\/2024\/01\/12\/merlo-hoy-semi-peatonal-de-las-artes-el-20-la-fiesta-del-mate\/\" \/>\n<meta property=\"og:locale\" content=\"es_ES\" \/>\n<meta property=\"og:type\" content=\"article\" \/>\n<meta property=\"og:title\" content=\"MERLO: HOY, SEMI PEATONAL DE LAS ARTES; EL 20 LA FIESTA DEL MATE - Apuntes de San Luis\" \/>\n<meta property=\"og:description\" content=\"La Semi Peatonal de las Artes es un evento organizado por la Secretar\u00eda de Gesti\u00f3n...\" \/>\n<meta property=\"og:url\" content=\"https:\/\/apuntesdesanluis.com\/index.php\/2024\/01\/12\/merlo-hoy-semi-peatonal-de-las-artes-el-20-la-fiesta-del-mate\/\" \/>\n<meta property=\"og:site_name\" content=\"Apuntes de San Luis\" \/>\n<meta property=\"article:published_time\" content=\"2024-01-12T16:37:27+00:00\" \/>\n<meta property=\"og:image\" content=\"https:\/\/apuntesdesanluis.com\/wp-content\/uploads\/2024\/01\/semipeatonal-tapa.png\" \/>\n\t<meta property=\"og:image:width\" content=\"564\" \/>\n\t<meta property=\"og:image:height\" content=\"310\" \/>\n\t<meta property=\"og:image:type\" content=\"image\/png\" \/>\n<meta name=\"author\" content=\"apuntesdesanluis.com\" \/>\n<meta name=\"twitter:card\" content=\"summary_large_image\" \/>\n<meta name=\"twitter:label1\" content=\"Escrito por\" \/>\n\t<meta name=\"twitter:data1\" content=\"apuntesdesanluis.com\" \/>\n\t<meta name=\"twitter:label2\" content=\"Tiempo de lectura\" \/>\n\t<meta name=\"twitter:data2\" content=\"3 minutos\" \/>\n<script type=\"application\/ld+json\" class=\"yoast-schema-graph\">{\"@context\":\"https:\/\/schema.org\",\"@graph\":[{\"@type\":\"Article\",\"@id\":\"https:\/\/apuntesdesanluis.com\/index.php\/2024\/01\/12\/merlo-hoy-semi-peatonal-de-las-artes-el-20-la-fiesta-del-mate\/#article\",\"isPartOf\":{\"@id\":\"https:\/\/apuntesdesanluis.com\/index.php\/2024\/01\/12\/merlo-hoy-semi-peatonal-de-las-artes-el-20-la-fiesta-del-mate\/\"},\"author\":{\"name\":\"apuntesdesanluis.com\",\"@id\":\"https:\/\/apuntesdesanluis.com\/#\/schema\/person\/b55151d52296fcce64d1a72538a70b90\"},\"headline\":\"MERLO: HOY, SEMI PEATONAL DE LAS ARTES; EL 20 LA FIESTA DEL MATE\",\"datePublished\":\"2024-01-12T16:37:27+00:00\",\"mainEntityOfPage\":{\"@id\":\"https:\/\/apuntesdesanluis.com\/index.php\/2024\/01\/12\/merlo-hoy-semi-peatonal-de-las-artes-el-20-la-fiesta-del-mate\/\"},\"wordCount\":516,\"publisher\":{\"@id\":\"https:\/\/apuntesdesanluis.com\/#\/schema\/person\/b55151d52296fcce64d1a72538a70b90\"},\"image\":{\"@id\":\"https:\/\/apuntesdesanluis.com\/index.php\/2024\/01\/12\/merlo-hoy-semi-peatonal-de-las-artes-el-20-la-fiesta-del-mate\/#primaryimage\"},\"thumbnailUrl\":\"https:\/\/apuntesdesanluis.com\/wp-content\/uploads\/2024\/01\/semipeatonal-tapa.png\",\"articleSection\":[\"Ciudad\/Provincia\"],\"inLanguage\":\"es-AR\"},{\"@type\":\"WebPage\",\"@id\":\"https:\/\/apuntesdesanluis.com\/index.php\/2024\/01\/12\/merlo-hoy-semi-peatonal-de-las-artes-el-20-la-fiesta-del-mate\/\",\"url\":\"https:\/\/apuntesdesanluis.com\/index.php\/2024\/01\/12\/merlo-hoy-semi-peatonal-de-las-artes-el-20-la-fiesta-del-mate\/\",\"name\":\"MERLO: HOY, SEMI PEATONAL DE LAS ARTES; EL 20 LA FIESTA DEL MATE - Apuntes de San Luis\",\"isPartOf\":{\"@id\":\"https:\/\/apuntesdesanluis.com\/#website\"},\"primaryImageOfPage\":{\"@id\":\"https:\/\/apuntesdesanluis.com\/index.php\/2024\/01\/12\/merlo-hoy-semi-peatonal-de-las-artes-el-20-la-fiesta-del-mate\/#primaryimage\"},\"image\":{\"@id\":\"https:\/\/apuntesdesanluis.com\/index.php\/2024\/01\/12\/merlo-hoy-semi-peatonal-de-las-artes-el-20-la-fiesta-del-mate\/#primaryimage\"},\"thumbnailUrl\":\"https:\/\/apuntesdesanluis.com\/wp-content\/uploads\/2024\/01\/semipeatonal-tapa.png\",\"datePublished\":\"2024-01-12T16:37:27+00:00\",\"breadcrumb\":{\"@id\":\"https:\/\/apuntesdesanluis.com\/index.php\/2024\/01\/12\/merlo-hoy-semi-peatonal-de-las-artes-el-20-la-fiesta-del-mate\/#breadcrumb\"},\"inLanguage\":\"es-AR\",\"potentialAction\":[{\"@type\":\"ReadAction\",\"target\":[\"https:\/\/apuntesdesanluis.com\/index.php\/2024\/01\/12\/merlo-hoy-semi-peatonal-de-las-artes-el-20-la-fiesta-del-mate\/\"]}]},{\"@type\":\"ImageObject\",\"inLanguage\":\"es-AR\",\"@id\":\"https:\/\/apuntesdesanluis.com\/index.php\/2024\/01\/12\/merlo-hoy-semi-peatonal-de-las-artes-el-20-la-fiesta-del-mate\/#primaryimage\",\"url\":\"https:\/\/apuntesdesanluis.com\/wp-content\/uploads\/2024\/01\/semipeatonal-tapa.png\",\"contentUrl\":\"https:\/\/apuntesdesanluis.com\/wp-content\/uploads\/2024\/01\/semipeatonal-tapa.png\",\"width\":564,\"height\":310},{\"@type\":\"BreadcrumbList\",\"@id\":\"https:\/\/apuntesdesanluis.com\/index.php\/2024\/01\/12\/merlo-hoy-semi-peatonal-de-las-artes-el-20-la-fiesta-del-mate\/#breadcrumb\",\"itemListElement\":[{\"@type\":\"ListItem\",\"position\":1,\"name\":\"Inicio\",\"item\":\"https:\/\/apuntesdesanluis.com\/\"},{\"@type\":\"ListItem\",\"position\":2,\"name\":\"MERLO: HOY, SEMI PEATONAL DE LAS ARTES; EL 20 LA FIESTA DEL MATE\"}]},{\"@type\":\"WebSite\",\"@id\":\"https:\/\/apuntesdesanluis.com\/#website\",\"url\":\"https:\/\/apuntesdesanluis.com\/\",\"name\":\"Apuntes de San Luis\",\"description\":\"\",\"publisher\":{\"@id\":\"https:\/\/apuntesdesanluis.com\/#\/schema\/person\/b55151d52296fcce64d1a72538a70b90\"},\"potentialAction\":[{\"@type\":\"SearchAction\",\"target\":{\"@type\":\"EntryPoint\",\"urlTemplate\":\"https:\/\/apuntesdesanluis.com\/?s={search_term_string}\"},\"query-input\":{\"@type\":\"PropertyValueSpecification\",\"valueRequired\":true,\"valueName\":\"search_term_string\"}}],\"inLanguage\":\"es-AR\"},{\"@type\":[\"Person\",\"Organization\"],\"@id\":\"https:\/\/apuntesdesanluis.com\/#\/schema\/person\/b55151d52296fcce64d1a72538a70b90\",\"name\":\"apuntesdesanluis.com\",\"image\":{\"@type\":\"ImageObject\",\"inLanguage\":\"es-AR\",\"@id\":\"https:\/\/apuntesdesanluis.com\/#\/schema\/person\/image\/\",\"url\":\"https:\/\/apuntesdesanluis.com\/wp-content\/uploads\/2023\/07\/cropped-apuntesdesanluis.png\",\"contentUrl\":\"https:\/\/apuntesdesanluis.com\/wp-content\/uploads\/2023\/07\/cropped-apuntesdesanluis.png\",\"width\":450,\"height\":112,\"caption\":\"apuntesdesanluis.com\"},\"logo\":{\"@id\":\"https:\/\/apuntesdesanluis.com\/#\/schema\/person\/image\/\"},\"sameAs\":[\"https:\/\/apuntesdesanluis.com\"],\"url\":\"https:\/\/apuntesdesanluis.com\/index.php\/author\/apuntesdesanluis-com\/\"}]}<\/script>\n<!-- \/ Yoast SEO plugin. -->","yoast_head_json":{"title":"MERLO: HOY, SEMI PEATONAL DE LAS ARTES; EL 20 LA FIESTA DEL MATE - Apuntes de San Luis","robots":{"index":"index","follow":"follow","max-snippet":"max-snippet:-1","max-image-preview":"max-image-preview:large","max-video-preview":"max-video-preview:-1"},"canonical":"https:\/\/apuntesdesanluis.com\/index.php\/2024\/01\/12\/merlo-hoy-semi-peatonal-de-las-artes-el-20-la-fiesta-del-mate\/","og_locale":"es_ES","og_type":"article","og_title":"MERLO: HOY, SEMI PEATONAL DE LAS ARTES; EL 20 LA FIESTA DEL MATE - Apuntes de San Luis","og_description":"La Semi Peatonal de las Artes es un evento organizado por la Secretar\u00eda de Gesti\u00f3n...","og_url":"https:\/\/apuntesdesanluis.com\/index.php\/2024\/01\/12\/merlo-hoy-semi-peatonal-de-las-artes-el-20-la-fiesta-del-mate\/","og_site_name":"Apuntes de San Luis","article_published_time":"2024-01-12T16:37:27+00:00","og_image":[{"width":564,"height":310,"url":"https:\/\/apuntesdesanluis.com\/wp-content\/uploads\/2024\/01\/semipeatonal-tapa.png","type":"image\/png"}],"author":"apuntesdesanluis.com","twitter_card":"summary_large_image","twitter_misc":{"Escrito por":"apuntesdesanluis.com","Tiempo de lectura":"3 minutos"},"schema":{"@context":"https:\/\/schema.org","@graph":[{"@type":"Article","@id":"https:\/\/apuntesdesanluis.com\/index.php\/2024\/01\/12\/merlo-hoy-semi-peatonal-de-las-artes-el-20-la-fiesta-del-mate\/#article","isPartOf":{"@id":"https:\/\/apuntesdesanluis.com\/index.php\/2024\/01\/12\/merlo-hoy-semi-peatonal-de-las-artes-el-20-la-fiesta-del-mate\/"},"author":{"name":"apuntesdesanluis.com","@id":"https:\/\/apuntesdesanluis.com\/#\/schema\/person\/b55151d52296fcce64d1a72538a70b90"},"headline":"MERLO: HOY, SEMI PEATONAL DE LAS ARTES; EL 20 LA FIESTA DEL MATE","datePublished":"2024-01-12T16:37:27+00:00","mainEntityOfPage":{"@id":"https:\/\/apuntesdesanluis.com\/index.php\/2024\/01\/12\/merlo-hoy-semi-peatonal-de-las-artes-el-20-la-fiesta-del-mate\/"},"wordCount":516,"publisher":{"@id":"https:\/\/apuntesdesanluis.com\/#\/schema\/person\/b55151d52296fcce64d1a72538a70b90"},"image":{"@id":"https:\/\/apuntesdesanluis.com\/index.php\/2024\/01\/12\/merlo-hoy-semi-peatonal-de-las-artes-el-20-la-fiesta-del-mate\/#primaryimage"},"thumbnailUrl":"https:\/\/apuntesdesanluis.com\/wp-content\/uploads\/2024\/01\/semipeatonal-tapa.png","articleSection":["Ciudad\/Provincia"],"inLanguage":"es-AR"},{"@type":"WebPage","@id":"https:\/\/apuntesdesanluis.com\/index.php\/2024\/01\/12\/merlo-hoy-semi-peatonal-de-las-artes-el-20-la-fiesta-del-mate\/","url":"https:\/\/apuntesdesanluis.com\/index.php\/2024\/01\/12\/merlo-hoy-semi-peatonal-de-las-artes-el-20-la-fiesta-del-mate\/","name":"MERLO: HOY, SEMI PEATONAL DE LAS ARTES; EL 20 LA FIESTA DEL MATE - Apuntes de San Luis","isPartOf":{"@id":"https:\/\/apuntesdesanluis.com\/#website"},"primaryImageOfPage":{"@id":"https:\/\/apuntesdesanluis.com\/index.php\/2024\/01\/12\/merlo-hoy-semi-peatonal-de-las-artes-el-20-la-fiesta-del-mate\/#primaryimage"},"image":{"@id":"https:\/\/apuntesdesanluis.com\/index.php\/2024\/01\/12\/merlo-hoy-semi-peatonal-de-las-artes-el-20-la-fiesta-del-mate\/#primaryimage"},"thumbnailUrl":"https:\/\/apuntesdesanluis.com\/wp-content\/uploads\/2024\/01\/semipeatonal-tapa.png","datePublished":"2024-01-12T16:37:27+00:00","breadcrumb":{"@id":"https:\/\/apuntesdesanluis.com\/index.php\/2024\/01\/12\/merlo-hoy-semi-peatonal-de-las-artes-el-20-la-fiesta-del-mate\/#breadcrumb"},"inLanguage":"es-AR","potentialAction":[{"@type":"ReadAction","target":["https:\/\/apuntesdesanluis.com\/index.php\/2024\/01\/12\/merlo-hoy-semi-peatonal-de-las-artes-el-20-la-fiesta-del-mate\/"]}]},{"@type":"ImageObject","inLanguage":"es-AR","@id":"https:\/\/apuntesdesanluis.com\/index.php\/2024\/01\/12\/merlo-hoy-semi-peatonal-de-las-artes-el-20-la-fiesta-del-mate\/#primaryimage","url":"https:\/\/apuntesdesanluis.com\/wp-content\/uploads\/2024\/01\/semipeatonal-tapa.png","contentUrl":"https:\/\/apuntesdesanluis.com\/wp-content\/uploads\/2024\/01\/semipeatonal-tapa.png","width":564,"height":310},{"@type":"BreadcrumbList","@id":"https:\/\/apuntesdesanluis.com\/index.php\/2024\/01\/12\/merlo-hoy-semi-peatonal-de-las-artes-el-20-la-fiesta-del-mate\/#breadcrumb","itemListElement":[{"@type":"ListItem","position":1,"name":"Inicio","item":"https:\/\/apuntesdesanluis.com\/"},{"@type":"ListItem","position":2,"name":"MERLO: HOY, SEMI PEATONAL DE LAS ARTES; EL 20 LA FIESTA DEL MATE"}]},{"@type":"WebSite","@id":"https:\/\/apuntesdesanluis.com\/#website","url":"https:\/\/apuntesdesanluis.com\/","name":"Apuntes de San Luis","description":"","publisher":{"@id":"https:\/\/apuntesdesanluis.com\/#\/schema\/person\/b55151d52296fcce64d1a72538a70b90"},"potentialAction":[{"@type":"SearchAction","target":{"@type":"EntryPoint","urlTemplate":"https:\/\/apuntesdesanluis.com\/?s={search_term_string}"},"query-input":{"@type":"PropertyValueSpecification","valueRequired":true,"valueName":"search_term_string"}}],"inLanguage":"es-AR"},{"@type":["Person","Organization"],"@id":"https:\/\/apuntesdesanluis.com\/#\/schema\/person\/b55151d52296fcce64d1a72538a70b90","name":"apuntesdesanluis.com","image":{"@type":"ImageObject","inLanguage":"es-AR","@id":"https:\/\/apuntesdesanluis.com\/#\/schema\/person\/image\/","url":"https:\/\/apuntesdesanluis.com\/wp-content\/uploads\/2023\/07\/cropped-apuntesdesanluis.png","contentUrl":"https:\/\/apuntesdesanluis.com\/wp-content\/uploads\/2023\/07\/cropped-apuntesdesanluis.png","width":450,"height":112,"caption":"apuntesdesanluis.com"},"logo":{"@id":"https:\/\/apuntesdesanluis.com\/#\/schema\/person\/image\/"},"sameAs":["https:\/\/apuntesdesanluis.com"],"url":"https:\/\/apuntesdesanluis.com\/index.php\/author\/apuntesdesanluis-com\/"}]}},"featured_image_urls":{"full":["https:\/\/apuntesdesanluis.com\/wp-content\/uploads\/2024\/01\/semipeatonal-tapa.png",564,310,false],"thumbnail":["https:\/\/apuntesdesanluis.com\/wp-content\/uploads\/2024\/01\/semipeatonal-tapa-150x150.png",150,150,true],"medium":["https:\/\/apuntesdesanluis.com\/wp-content\/uploads\/2024\/01\/semipeatonal-tapa-300x165.png",300,165,true],"medium_large":["https:\/\/apuntesdesanluis.com\/wp-content\/uploads\/2024\/01\/semipeatonal-tapa.png",564,310,false],"large":["https:\/\/apuntesdesanluis.com\/wp-content\/uploads\/2024\/01\/semipeatonal-tapa.png",564,310,false],"1536x1536":["https:\/\/apuntesdesanluis.com\/wp-content\/uploads\/2024\/01\/semipeatonal-tapa.png",564,310,false],"2048x2048":["https:\/\/apuntesdesanluis.com\/wp-content\/uploads\/2024\/01\/semipeatonal-tapa.png",564,310,false],"newsever-slider-full":["https:\/\/apuntesdesanluis.com\/wp-content\/uploads\/2024\/01\/semipeatonal-tapa.png",564,310,false],"newsever-featured":["https:\/\/apuntesdesanluis.com\/wp-content\/uploads\/2024\/01\/semipeatonal-tapa.png",564,310,false],"newsever-medium":["https:\/\/apuntesdesanluis.com\/wp-content\/uploads\/2024\/01\/semipeatonal-tapa.png",564,310,false]},"author_info":{"display_name":"apuntesdesanluis.com","author_link":"https:\/\/apuntesdesanluis.com\/index.php\/author\/apuntesdesanluis-com\/"},"category_info":"<a href=\"https:\/\/apuntesdesanluis.com\/index.php\/category\/ciudad-provincia\/\" rel=\"category tag\">Ciudad\/Provincia<\/a>","tag_info":"Ciudad\/Provincia","comment_count":"0","_links":{"self":[{"href":"https:\/\/apuntesdesanluis.com\/index.php\/wp-json\/wp\/v2\/posts\/9967","targetHints":{"allow":["GET"]}}],"collection":[{"href":"https:\/\/apuntesdesanluis.com\/index.php\/wp-json\/wp\/v2\/posts"}],"about":[{"href":"https:\/\/apuntesdesanluis.com\/index.php\/wp-json\/wp\/v2\/types\/post"}],"author":[{"embeddable":true,"href":"https:\/\/apuntesdesanluis.com\/index.php\/wp-json\/wp\/v2\/users\/1"}],"replies":[{"embeddable":true,"href":"https:\/\/apuntesdesanluis.com\/index.php\/wp-json\/wp\/v2\/comments?post=9967"}],"version-history":[{"count":1,"href":"https:\/\/apuntesdesanluis.com\/index.php\/wp-json\/wp\/v2\/posts\/9967\/revisions"}],"predecessor-version":[{"id":9972,"href":"https:\/\/apuntesdesanluis.com\/index.php\/wp-json\/wp\/v2\/posts\/9967\/revisions\/9972"}],"wp:featuredmedia":[{"embeddable":true,"href":"https:\/\/apuntesdesanluis.com\/index.php\/wp-json\/wp\/v2\/media\/9970"}],"wp:attachment":[{"href":"https:\/\/apuntesdesanluis.com\/index.php\/wp-json\/wp\/v2\/media?parent=9967"}],"wp:term":[{"taxonomy":"category","embeddable":true,"href":"https:\/\/apuntesdesanluis.com\/index.php\/wp-json\/wp\/v2\/categories?post=9967"},{"taxonomy":"post_tag","embeddable":true,"href":"https:\/\/apuntesdesanluis.com\/index.php\/wp-json\/wp\/v2\/tags?post=9967"}],"curies":[{"name":"wp","href":"https:\/\/api.w.org\/{rel}","templated":true}]}}