{"id":9974,"date":"2024-01-12T13:53:06","date_gmt":"2024-01-12T16:53:06","guid":{"rendered":"https:\/\/apuntesdesanluis.com\/?p=9974"},"modified":"2024-01-12T13:53:06","modified_gmt":"2024-01-12T16:53:06","slug":"el-intendente-de-la-punta-se-reunio-con-funcionarios-provinciales-y-bomberos","status":"publish","type":"post","link":"https:\/\/apuntesdesanluis.com\/index.php\/2024\/01\/12\/el-intendente-de-la-punta-se-reunio-con-funcionarios-provinciales-y-bomberos\/","title":{"rendered":"EL INTENDENTE DE LA PUNTA SE REUNI\u00d3 CON FUNCIONARIOS PROVINCIALES Y BOMBEROS"},"content":{"rendered":"<h3>El Intendente <strong>Luciano Ayala<\/strong> se reuni\u00f3 con la CPN <strong>Mar\u00eda Eugenia Sosa Herrera<\/strong>, Directora de Finanzas y Recursos del Gobierno de la Provincia, y <strong>Ver\u00f3nica Di Gennaro<\/strong>, para abordar diversos temas que apuntan a fortalecer la econom\u00eda local y fomentar la inversi\u00f3n.<\/h3>\n<h3>Entre los puntos destacados de la reuni\u00f3n se encuentran:<\/h3>\n<ul>\n<li>\n<h3>Instrumentar mecanismos que faciliten la regularizaci\u00f3n de lotes y urbanizaciones fiscales, sentando las bases para el desarrollo de un Centro Comercial Norte en la ciudad.<\/h3>\n<\/li>\n<li>\n<h3>Se plante\u00f3 impulsar la creaci\u00f3n de comercios con una infraestructura de gran volumen, con el fin de dinamizar la actividad comercial y generar empleo en la regi\u00f3n.<\/h3>\n<\/li>\n<li>\n<h3>Se propusieron estrategias para orientar las actividades comerciales a la inversi\u00f3n tur\u00edstica.<\/h3>\n<\/li>\n<\/ul>\n<h3>La reuni\u00f3n cont\u00f3 con la participaci\u00f3n activa del Jefe de Gabinete Municipal, Sr. Gabriel Messina, y la Secretaria de Hacienda y Finanzas, Sra. Silvia Musser.<\/h3>\n<h3><strong>EL INTENDENTE SE REUNI\u00d3 CON LOS BOMBEROS<\/strong><\/h3>\n<h3>El intendente de La Punta, Luciano Ayala, present\u00f3 la flamante Secretar\u00eda de Medio Ambiente de la Municipalidad, <strong>In\u00e9s Roggia<\/strong>, a integrantes del <strong>Cuartel 16 de Bomberos Voluntarios<\/strong> de la ciudad.<\/h3>\n<p><img fetchpriority=\"high\" decoding=\"async\" class=\"wp-image-9975 aligncenter\" src=\"https:\/\/apuntesdesanluis.com\/wp-content\/uploads\/2024\/01\/ayala-y-bomberos-300x194.png\" alt=\"\" width=\"628\" height=\"406\" srcset=\"https:\/\/apuntesdesanluis.com\/wp-content\/uploads\/2024\/01\/ayala-y-bomberos-300x194.png 300w, https:\/\/apuntesdesanluis.com\/wp-content\/uploads\/2024\/01\/ayala-y-bomberos.png 600w\" sizes=\"(max-width: 628px) 100vw, 628px\" \/><\/p>\n<h3>Durante la reuni\u00f3n acordaron planes de acci\u00f3n conjuntos para combatir incendios.<\/h3>\n<h3>En el encuentro, que cont\u00f3 con la participaci\u00f3n de <strong>Luciano Andrade<\/strong>, Director Nacional de la Lucha Contra el Fuego de la Zona Cuyo, tambi\u00e9n determinaron unificar el trabajo con el fin de perfeccionar los servicios de emergencia, mejorar la comunicaci\u00f3n entre el municipio, bomberos y la Direcci\u00f3n Nacional de la Lucha Contra el Fuego, y concientizar a la sociedad sobre los riesgos.<\/h3>\n<h3><strong>Gabriel Messina<\/strong>, jefe de Gabinete municipal, e In\u00e9s Roggia, Secretaria de Medio Ambiente, junto a su equipo, estuvieron presentes en la reuni\u00f3n.<\/h3>\n<p><img decoding=\"async\" class=\"wp-image-9976 aligncenter\" src=\"https:\/\/apuntesdesanluis.com\/wp-content\/uploads\/2024\/01\/ayala-con-bomberos-300x179.png\" alt=\"\" width=\"632\" height=\"377\" srcset=\"https:\/\/apuntesdesanluis.com\/wp-content\/uploads\/2024\/01\/ayala-con-bomberos-300x179.png 300w, https:\/\/apuntesdesanluis.com\/wp-content\/uploads\/2024\/01\/ayala-con-bomberos.png 590w\" sizes=\"(max-width: 632px) 100vw, 632px\" \/><\/p>\n<p>&nbsp;<\/p>\n<p>&nbsp;<\/p>\n<p>&nbsp;<\/p>\n<p>&nbsp;<\/p>\n","protected":false},"excerpt":{"rendered":"<p>El Intendente Luciano Ayala se reuni\u00f3 con la CPN Mar\u00eda Eugenia Sosa Herrera, Directora de&#8230;<\/p>\n","protected":false},"author":1,"featured_media":9977,"comment_status":"closed","ping_status":"closed","sticky":false,"template":"","format":"standard","meta":{"footnotes":""},"categories":[6],"tags":[],"class_list":["post-9974","post","type-post","status-publish","format-standard","has-post-thumbnail","hentry","category-ciudad-provincia"],"yoast_head":"<!-- This site is optimized with the Yoast SEO plugin v26.1.1 - https:\/\/yoast.com\/wordpress\/plugins\/seo\/ -->\n<title>EL INTENDENTE DE LA PUNTA SE REUNI\u00d3 CON FUNCIONARIOS PROVINCIALES Y BOMBEROS - Apuntes de San Luis<\/title>\n<meta name=\"robots\" content=\"index, follow, max-snippet:-1, max-image-preview:large, max-video-preview:-1\" \/>\n<link rel=\"canonical\" href=\"https:\/\/apuntesdesanluis.com\/index.php\/2024\/01\/12\/el-intendente-de-la-punta-se-reunio-con-funcionarios-provinciales-y-bomberos\/\" \/>\n<meta property=\"og:locale\" content=\"es_ES\" \/>\n<meta property=\"og:type\" content=\"article\" \/>\n<meta property=\"og:title\" content=\"EL INTENDENTE DE LA PUNTA SE REUNI\u00d3 CON FUNCIONARIOS PROVINCIALES Y BOMBEROS - Apuntes de San Luis\" \/>\n<meta property=\"og:description\" content=\"El Intendente Luciano Ayala se reuni\u00f3 con la CPN Mar\u00eda Eugenia Sosa Herrera, Directora de...\" \/>\n<meta property=\"og:url\" content=\"https:\/\/apuntesdesanluis.com\/index.php\/2024\/01\/12\/el-intendente-de-la-punta-se-reunio-con-funcionarios-provinciales-y-bomberos\/\" \/>\n<meta property=\"og:site_name\" content=\"Apuntes de San Luis\" \/>\n<meta property=\"article:published_time\" content=\"2024-01-12T16:53:06+00:00\" \/>\n<meta property=\"og:image\" content=\"https:\/\/apuntesdesanluis.com\/wp-content\/uploads\/2024\/01\/AYALA-CON-LA-PROVINCIA.png\" \/>\n\t<meta property=\"og:image:width\" content=\"600\" \/>\n\t<meta property=\"og:image:height\" content=\"417\" \/>\n\t<meta property=\"og:image:type\" content=\"image\/png\" \/>\n<meta name=\"author\" content=\"apuntesdesanluis.com\" \/>\n<meta name=\"twitter:card\" content=\"summary_large_image\" \/>\n<meta name=\"twitter:label1\" content=\"Escrito por\" \/>\n\t<meta name=\"twitter:data1\" content=\"apuntesdesanluis.com\" \/>\n\t<meta name=\"twitter:label2\" content=\"Tiempo de lectura\" \/>\n\t<meta name=\"twitter:data2\" content=\"2 minutos\" \/>\n<script type=\"application\/ld+json\" class=\"yoast-schema-graph\">{\"@context\":\"https:\/\/schema.org\",\"@graph\":[{\"@type\":\"Article\",\"@id\":\"https:\/\/apuntesdesanluis.com\/index.php\/2024\/01\/12\/el-intendente-de-la-punta-se-reunio-con-funcionarios-provinciales-y-bomberos\/#article\",\"isPartOf\":{\"@id\":\"https:\/\/apuntesdesanluis.com\/index.php\/2024\/01\/12\/el-intendente-de-la-punta-se-reunio-con-funcionarios-provinciales-y-bomberos\/\"},\"author\":{\"name\":\"apuntesdesanluis.com\",\"@id\":\"https:\/\/apuntesdesanluis.com\/#\/schema\/person\/b55151d52296fcce64d1a72538a70b90\"},\"headline\":\"EL INTENDENTE DE LA PUNTA SE REUNI\u00d3 CON FUNCIONARIOS PROVINCIALES Y BOMBEROS\",\"datePublished\":\"2024-01-12T16:53:06+00:00\",\"mainEntityOfPage\":{\"@id\":\"https:\/\/apuntesdesanluis.com\/index.php\/2024\/01\/12\/el-intendente-de-la-punta-se-reunio-con-funcionarios-provinciales-y-bomberos\/\"},\"wordCount\":309,\"publisher\":{\"@id\":\"https:\/\/apuntesdesanluis.com\/#\/schema\/person\/b55151d52296fcce64d1a72538a70b90\"},\"image\":{\"@id\":\"https:\/\/apuntesdesanluis.com\/index.php\/2024\/01\/12\/el-intendente-de-la-punta-se-reunio-con-funcionarios-provinciales-y-bomberos\/#primaryimage\"},\"thumbnailUrl\":\"https:\/\/apuntesdesanluis.com\/wp-content\/uploads\/2024\/01\/AYALA-CON-LA-PROVINCIA.png\",\"articleSection\":[\"Ciudad\/Provincia\"],\"inLanguage\":\"es-AR\"},{\"@type\":\"WebPage\",\"@id\":\"https:\/\/apuntesdesanluis.com\/index.php\/2024\/01\/12\/el-intendente-de-la-punta-se-reunio-con-funcionarios-provinciales-y-bomberos\/\",\"url\":\"https:\/\/apuntesdesanluis.com\/index.php\/2024\/01\/12\/el-intendente-de-la-punta-se-reunio-con-funcionarios-provinciales-y-bomberos\/\",\"name\":\"EL INTENDENTE DE LA PUNTA SE REUNI\u00d3 CON FUNCIONARIOS PROVINCIALES Y BOMBEROS - Apuntes de San Luis\",\"isPartOf\":{\"@id\":\"https:\/\/apuntesdesanluis.com\/#website\"},\"primaryImageOfPage\":{\"@id\":\"https:\/\/apuntesdesanluis.com\/index.php\/2024\/01\/12\/el-intendente-de-la-punta-se-reunio-con-funcionarios-provinciales-y-bomberos\/#primaryimage\"},\"image\":{\"@id\":\"https:\/\/apuntesdesanluis.com\/index.php\/2024\/01\/12\/el-intendente-de-la-punta-se-reunio-con-funcionarios-provinciales-y-bomberos\/#primaryimage\"},\"thumbnailUrl\":\"https:\/\/apuntesdesanluis.com\/wp-content\/uploads\/2024\/01\/AYALA-CON-LA-PROVINCIA.png\",\"datePublished\":\"2024-01-12T16:53:06+00:00\",\"breadcrumb\":{\"@id\":\"https:\/\/apuntesdesanluis.com\/index.php\/2024\/01\/12\/el-intendente-de-la-punta-se-reunio-con-funcionarios-provinciales-y-bomberos\/#breadcrumb\"},\"inLanguage\":\"es-AR\",\"potentialAction\":[{\"@type\":\"ReadAction\",\"target\":[\"https:\/\/apuntesdesanluis.com\/index.php\/2024\/01\/12\/el-intendente-de-la-punta-se-reunio-con-funcionarios-provinciales-y-bomberos\/\"]}]},{\"@type\":\"ImageObject\",\"inLanguage\":\"es-AR\",\"@id\":\"https:\/\/apuntesdesanluis.com\/index.php\/2024\/01\/12\/el-intendente-de-la-punta-se-reunio-con-funcionarios-provinciales-y-bomberos\/#primaryimage\",\"url\":\"https:\/\/apuntesdesanluis.com\/wp-content\/uploads\/2024\/01\/AYALA-CON-LA-PROVINCIA.png\",\"contentUrl\":\"https:\/\/apuntesdesanluis.com\/wp-content\/uploads\/2024\/01\/AYALA-CON-LA-PROVINCIA.png\",\"width\":600,\"height\":417},{\"@type\":\"BreadcrumbList\",\"@id\":\"https:\/\/apuntesdesanluis.com\/index.php\/2024\/01\/12\/el-intendente-de-la-punta-se-reunio-con-funcionarios-provinciales-y-bomberos\/#breadcrumb\",\"itemListElement\":[{\"@type\":\"ListItem\",\"position\":1,\"name\":\"Inicio\",\"item\":\"https:\/\/apuntesdesanluis.com\/\"},{\"@type\":\"ListItem\",\"position\":2,\"name\":\"EL INTENDENTE DE LA PUNTA SE REUNI\u00d3 CON FUNCIONARIOS PROVINCIALES Y BOMBEROS\"}]},{\"@type\":\"WebSite\",\"@id\":\"https:\/\/apuntesdesanluis.com\/#website\",\"url\":\"https:\/\/apuntesdesanluis.com\/\",\"name\":\"Apuntes de San Luis\",\"description\":\"\",\"publisher\":{\"@id\":\"https:\/\/apuntesdesanluis.com\/#\/schema\/person\/b55151d52296fcce64d1a72538a70b90\"},\"potentialAction\":[{\"@type\":\"SearchAction\",\"target\":{\"@type\":\"EntryPoint\",\"urlTemplate\":\"https:\/\/apuntesdesanluis.com\/?s={search_term_string}\"},\"query-input\":{\"@type\":\"PropertyValueSpecification\",\"valueRequired\":true,\"valueName\":\"search_term_string\"}}],\"inLanguage\":\"es-AR\"},{\"@type\":[\"Person\",\"Organization\"],\"@id\":\"https:\/\/apuntesdesanluis.com\/#\/schema\/person\/b55151d52296fcce64d1a72538a70b90\",\"name\":\"apuntesdesanluis.com\",\"image\":{\"@type\":\"ImageObject\",\"inLanguage\":\"es-AR\",\"@id\":\"https:\/\/apuntesdesanluis.com\/#\/schema\/person\/image\/\",\"url\":\"https:\/\/apuntesdesanluis.com\/wp-content\/uploads\/2023\/07\/cropped-apuntesdesanluis.png\",\"contentUrl\":\"https:\/\/apuntesdesanluis.com\/wp-content\/uploads\/2023\/07\/cropped-apuntesdesanluis.png\",\"width\":450,\"height\":112,\"caption\":\"apuntesdesanluis.com\"},\"logo\":{\"@id\":\"https:\/\/apuntesdesanluis.com\/#\/schema\/person\/image\/\"},\"sameAs\":[\"https:\/\/apuntesdesanluis.com\"],\"url\":\"https:\/\/apuntesdesanluis.com\/index.php\/author\/apuntesdesanluis-com\/\"}]}<\/script>\n<!-- \/ Yoast SEO plugin. -->","yoast_head_json":{"title":"EL INTENDENTE DE LA PUNTA SE REUNI\u00d3 CON FUNCIONARIOS PROVINCIALES Y BOMBEROS - Apuntes de San Luis","robots":{"index":"index","follow":"follow","max-snippet":"max-snippet:-1","max-image-preview":"max-image-preview:large","max-video-preview":"max-video-preview:-1"},"canonical":"https:\/\/apuntesdesanluis.com\/index.php\/2024\/01\/12\/el-intendente-de-la-punta-se-reunio-con-funcionarios-provinciales-y-bomberos\/","og_locale":"es_ES","og_type":"article","og_title":"EL INTENDENTE DE LA PUNTA SE REUNI\u00d3 CON FUNCIONARIOS PROVINCIALES Y BOMBEROS - Apuntes de San Luis","og_description":"El Intendente Luciano Ayala se reuni\u00f3 con la CPN Mar\u00eda Eugenia Sosa Herrera, Directora de...","og_url":"https:\/\/apuntesdesanluis.com\/index.php\/2024\/01\/12\/el-intendente-de-la-punta-se-reunio-con-funcionarios-provinciales-y-bomberos\/","og_site_name":"Apuntes de San Luis","article_published_time":"2024-01-12T16:53:06+00:00","og_image":[{"width":600,"height":417,"url":"https:\/\/apuntesdesanluis.com\/wp-content\/uploads\/2024\/01\/AYALA-CON-LA-PROVINCIA.png","type":"image\/png"}],"author":"apuntesdesanluis.com","twitter_card":"summary_large_image","twitter_misc":{"Escrito por":"apuntesdesanluis.com","Tiempo de lectura":"2 minutos"},"schema":{"@context":"https:\/\/schema.org","@graph":[{"@type":"Article","@id":"https:\/\/apuntesdesanluis.com\/index.php\/2024\/01\/12\/el-intendente-de-la-punta-se-reunio-con-funcionarios-provinciales-y-bomberos\/#article","isPartOf":{"@id":"https:\/\/apuntesdesanluis.com\/index.php\/2024\/01\/12\/el-intendente-de-la-punta-se-reunio-con-funcionarios-provinciales-y-bomberos\/"},"author":{"name":"apuntesdesanluis.com","@id":"https:\/\/apuntesdesanluis.com\/#\/schema\/person\/b55151d52296fcce64d1a72538a70b90"},"headline":"EL INTENDENTE DE LA PUNTA SE REUNI\u00d3 CON FUNCIONARIOS PROVINCIALES Y BOMBEROS","datePublished":"2024-01-12T16:53:06+00:00","mainEntityOfPage":{"@id":"https:\/\/apuntesdesanluis.com\/index.php\/2024\/01\/12\/el-intendente-de-la-punta-se-reunio-con-funcionarios-provinciales-y-bomberos\/"},"wordCount":309,"publisher":{"@id":"https:\/\/apuntesdesanluis.com\/#\/schema\/person\/b55151d52296fcce64d1a72538a70b90"},"image":{"@id":"https:\/\/apuntesdesanluis.com\/index.php\/2024\/01\/12\/el-intendente-de-la-punta-se-reunio-con-funcionarios-provinciales-y-bomberos\/#primaryimage"},"thumbnailUrl":"https:\/\/apuntesdesanluis.com\/wp-content\/uploads\/2024\/01\/AYALA-CON-LA-PROVINCIA.png","articleSection":["Ciudad\/Provincia"],"inLanguage":"es-AR"},{"@type":"WebPage","@id":"https:\/\/apuntesdesanluis.com\/index.php\/2024\/01\/12\/el-intendente-de-la-punta-se-reunio-con-funcionarios-provinciales-y-bomberos\/","url":"https:\/\/apuntesdesanluis.com\/index.php\/2024\/01\/12\/el-intendente-de-la-punta-se-reunio-con-funcionarios-provinciales-y-bomberos\/","name":"EL INTENDENTE DE LA PUNTA SE REUNI\u00d3 CON FUNCIONARIOS PROVINCIALES Y BOMBEROS - Apuntes de San Luis","isPartOf":{"@id":"https:\/\/apuntesdesanluis.com\/#website"},"primaryImageOfPage":{"@id":"https:\/\/apuntesdesanluis.com\/index.php\/2024\/01\/12\/el-intendente-de-la-punta-se-reunio-con-funcionarios-provinciales-y-bomberos\/#primaryimage"},"image":{"@id":"https:\/\/apuntesdesanluis.com\/index.php\/2024\/01\/12\/el-intendente-de-la-punta-se-reunio-con-funcionarios-provinciales-y-bomberos\/#primaryimage"},"thumbnailUrl":"https:\/\/apuntesdesanluis.com\/wp-content\/uploads\/2024\/01\/AYALA-CON-LA-PROVINCIA.png","datePublished":"2024-01-12T16:53:06+00:00","breadcrumb":{"@id":"https:\/\/apuntesdesanluis.com\/index.php\/2024\/01\/12\/el-intendente-de-la-punta-se-reunio-con-funcionarios-provinciales-y-bomberos\/#breadcrumb"},"inLanguage":"es-AR","potentialAction":[{"@type":"ReadAction","target":["https:\/\/apuntesdesanluis.com\/index.php\/2024\/01\/12\/el-intendente-de-la-punta-se-reunio-con-funcionarios-provinciales-y-bomberos\/"]}]},{"@type":"ImageObject","inLanguage":"es-AR","@id":"https:\/\/apuntesdesanluis.com\/index.php\/2024\/01\/12\/el-intendente-de-la-punta-se-reunio-con-funcionarios-provinciales-y-bomberos\/#primaryimage","url":"https:\/\/apuntesdesanluis.com\/wp-content\/uploads\/2024\/01\/AYALA-CON-LA-PROVINCIA.png","contentUrl":"https:\/\/apuntesdesanluis.com\/wp-content\/uploads\/2024\/01\/AYALA-CON-LA-PROVINCIA.png","width":600,"height":417},{"@type":"BreadcrumbList","@id":"https:\/\/apuntesdesanluis.com\/index.php\/2024\/01\/12\/el-intendente-de-la-punta-se-reunio-con-funcionarios-provinciales-y-bomberos\/#breadcrumb","itemListElement":[{"@type":"ListItem","position":1,"name":"Inicio","item":"https:\/\/apuntesdesanluis.com\/"},{"@type":"ListItem","position":2,"name":"EL INTENDENTE DE LA PUNTA SE REUNI\u00d3 CON FUNCIONARIOS PROVINCIALES Y BOMBEROS"}]},{"@type":"WebSite","@id":"https:\/\/apuntesdesanluis.com\/#website","url":"https:\/\/apuntesdesanluis.com\/","name":"Apuntes de San Luis","description":"","publisher":{"@id":"https:\/\/apuntesdesanluis.com\/#\/schema\/person\/b55151d52296fcce64d1a72538a70b90"},"potentialAction":[{"@type":"SearchAction","target":{"@type":"EntryPoint","urlTemplate":"https:\/\/apuntesdesanluis.com\/?s={search_term_string}"},"query-input":{"@type":"PropertyValueSpecification","valueRequired":true,"valueName":"search_term_string"}}],"inLanguage":"es-AR"},{"@type":["Person","Organization"],"@id":"https:\/\/apuntesdesanluis.com\/#\/schema\/person\/b55151d52296fcce64d1a72538a70b90","name":"apuntesdesanluis.com","image":{"@type":"ImageObject","inLanguage":"es-AR","@id":"https:\/\/apuntesdesanluis.com\/#\/schema\/person\/image\/","url":"https:\/\/apuntesdesanluis.com\/wp-content\/uploads\/2023\/07\/cropped-apuntesdesanluis.png","contentUrl":"https:\/\/apuntesdesanluis.com\/wp-content\/uploads\/2023\/07\/cropped-apuntesdesanluis.png","width":450,"height":112,"caption":"apuntesdesanluis.com"},"logo":{"@id":"https:\/\/apuntesdesanluis.com\/#\/schema\/person\/image\/"},"sameAs":["https:\/\/apuntesdesanluis.com"],"url":"https:\/\/apuntesdesanluis.com\/index.php\/author\/apuntesdesanluis-com\/"}]}},"featured_image_urls":{"full":["https:\/\/apuntesdesanluis.com\/wp-content\/uploads\/2024\/01\/AYALA-CON-LA-PROVINCIA.png",600,417,false],"thumbnail":["https:\/\/apuntesdesanluis.com\/wp-content\/uploads\/2024\/01\/AYALA-CON-LA-PROVINCIA-150x150.png",150,150,true],"medium":["https:\/\/apuntesdesanluis.com\/wp-content\/uploads\/2024\/01\/AYALA-CON-LA-PROVINCIA-300x209.png",300,209,true],"medium_large":["https:\/\/apuntesdesanluis.com\/wp-content\/uploads\/2024\/01\/AYALA-CON-LA-PROVINCIA.png",600,417,false],"large":["https:\/\/apuntesdesanluis.com\/wp-content\/uploads\/2024\/01\/AYALA-CON-LA-PROVINCIA.png",600,417,false],"1536x1536":["https:\/\/apuntesdesanluis.com\/wp-content\/uploads\/2024\/01\/AYALA-CON-LA-PROVINCIA.png",600,417,false],"2048x2048":["https:\/\/apuntesdesanluis.com\/wp-content\/uploads\/2024\/01\/AYALA-CON-LA-PROVINCIA.png",600,417,false],"newsever-slider-full":["https:\/\/apuntesdesanluis.com\/wp-content\/uploads\/2024\/01\/AYALA-CON-LA-PROVINCIA.png",600,417,false],"newsever-featured":["https:\/\/apuntesdesanluis.com\/wp-content\/uploads\/2024\/01\/AYALA-CON-LA-PROVINCIA.png",600,417,false],"newsever-medium":["https:\/\/apuntesdesanluis.com\/wp-content\/uploads\/2024\/01\/AYALA-CON-LA-PROVINCIA.png",600,417,false]},"author_info":{"display_name":"apuntesdesanluis.com","author_link":"https:\/\/apuntesdesanluis.com\/index.php\/author\/apuntesdesanluis-com\/"},"category_info":"<a href=\"https:\/\/apuntesdesanluis.com\/index.php\/category\/ciudad-provincia\/\" rel=\"category tag\">Ciudad\/Provincia<\/a>","tag_info":"Ciudad\/Provincia","comment_count":"0","_links":{"self":[{"href":"https:\/\/apuntesdesanluis.com\/index.php\/wp-json\/wp\/v2\/posts\/9974","targetHints":{"allow":["GET"]}}],"collection":[{"href":"https:\/\/apuntesdesanluis.com\/index.php\/wp-json\/wp\/v2\/posts"}],"about":[{"href":"https:\/\/apuntesdesanluis.com\/index.php\/wp-json\/wp\/v2\/types\/post"}],"author":[{"embeddable":true,"href":"https:\/\/apuntesdesanluis.com\/index.php\/wp-json\/wp\/v2\/users\/1"}],"replies":[{"embeddable":true,"href":"https:\/\/apuntesdesanluis.com\/index.php\/wp-json\/wp\/v2\/comments?post=9974"}],"version-history":[{"count":1,"href":"https:\/\/apuntesdesanluis.com\/index.php\/wp-json\/wp\/v2\/posts\/9974\/revisions"}],"predecessor-version":[{"id":9978,"href":"https:\/\/apuntesdesanluis.com\/index.php\/wp-json\/wp\/v2\/posts\/9974\/revisions\/9978"}],"wp:featuredmedia":[{"embeddable":true,"href":"https:\/\/apuntesdesanluis.com\/index.php\/wp-json\/wp\/v2\/media\/9977"}],"wp:attachment":[{"href":"https:\/\/apuntesdesanluis.com\/index.php\/wp-json\/wp\/v2\/media?parent=9974"}],"wp:term":[{"taxonomy":"category","embeddable":true,"href":"https:\/\/apuntesdesanluis.com\/index.php\/wp-json\/wp\/v2\/categories?post=9974"},{"taxonomy":"post_tag","embeddable":true,"href":"https:\/\/apuntesdesanluis.com\/index.php\/wp-json\/wp\/v2\/tags?post=9974"}],"curies":[{"name":"wp","href":"https:\/\/api.w.org\/{rel}","templated":true}]}}