{"id":998,"date":"2023-08-03T20:39:35","date_gmt":"2023-08-03T23:39:35","guid":{"rendered":"https:\/\/apuntesdesanluis.com\/?p=998"},"modified":"2023-08-03T20:39:35","modified_gmt":"2023-08-03T23:39:35","slug":"acusado-de-conspiracion-trump-se-declaro-inocente-ante-un-tribunal-de-washington","status":"publish","type":"post","link":"https:\/\/apuntesdesanluis.com\/index.php\/2023\/08\/03\/acusado-de-conspiracion-trump-se-declaro-inocente-ante-un-tribunal-de-washington\/","title":{"rendered":"ACUSADO DE &#8220;CONSPIRACI\u00d3N&#8221;, TRUMP SE DECLAR\u00d3 INOCENTE ANTE UN TRIBUNAL DE WASHINGTON"},"content":{"rendered":"<h3>En el marco de la investigaci\u00f3n abierta en su contra por el fiscal Jack Smith, se lo acus\u00f3 de defraudar a EEUU, conspirar para obstruir un procedimiento oficial e intento de obstruir la certificaci\u00f3n de las papeletas en las urnas y atentar contra el derecho a voto.<\/h3>\n<h3>El expresidente Donald Trump, el candidato favorito entre los republicanos para las presidenciales de Estados Unidos de 2024, se present\u00f3 este jueves ante una corte de Washington como acusado de &#8220;conspiraci\u00f3n&#8221; para cambiar el resultado de las elecciones de 2020.<\/h3>\n<h3>Trump, de 77 a\u00f1os, se present\u00f3 a las 16 (17:00 en Argentina) ante la jueza de instrucci\u00f3n Moxila Upadhyaya. El magnate viaj\u00f3 hasta el juzgado Barrett Prettyman en su veh\u00edculo desde el aeropuerto de Washington acompa\u00f1ado de varios de sus asesores de campa\u00f1a electoral: Susie Wiles, Chris LaCivita, Jason Miller y Steven Cheung. En la comitiva tambi\u00e9n estaba presente la abogada Alina Habba.<\/h3>\n<h3>&#8220;Ahora voy a Washington, D.C., para que me arresten por haber cuestionado unas elecciones corruptas, ama\u00f1adas y robadas&#8221;, public\u00f3 el expresidente en una serie de mensajes desafiantes en su plataforma Truth Social. &#8220;Es un gran honor, porque me arrestan por ustedes. \u00a1Hagan a Estados Unidos grande otra vez!!!&#8221;. agreg\u00f3.<\/h3>\n<h3>EN QU\u00c9 CONSISTE LA ACUSACI\u00d3N DE &#8220;CONSPIRACI\u00d3N&#8221;<\/h3>\n<h3>A su llegada qued\u00f3 bajo custodia federal, se le tomaron las huellas dactilares, pero no le hicieron una fotograf\u00eda. Ante el tribunal, Trump se declar\u00f3 no culpable de los cuatro cargos que se le imputan: defraudar a Estados Unidos, conspirar para obstruir un procedimiento oficial e intento de obstruir la certificaci\u00f3n de las papeletas en las urnas y atentar contra el derecho a voto.<\/h3>\n<h3>El primer cargo conlleva una pena m\u00e1xima de cinco a\u00f1os, mientras que los dos cargos de conspiraci\u00f3n e intento de obstruir la certificaci\u00f3n de las papeletas en las urnas implican, cada uno, un monto m\u00e1ximo de 20 a\u00f1os. Finalmente, por atentar contra el derecho a voto, Trump podr\u00eda recibir una sentencia m\u00e1ximo de 10 a\u00f1os.<\/h3>\n<h3>La extraordinaria acusaci\u00f3n de 45 p\u00e1ginas revelada el martes argumenta que, mientras a\u00fan era presidente, Trump puso en riesgo los cimientos de la democracia estadounidense al conspirar para anular los resultados de las elecciones de 2020.<\/h3>\n<h3>&#8220;La finalidad de la conspiraci\u00f3n era invertir los resultados leg\u00edtimos de las elecciones presidenciales de 2020 mediante afirmaciones falsas deliberadas de fraude electoral&#8221;, sostiene la acusaci\u00f3n. &#8220;A pesar de haber perdido, el acusado estaba determinado a permanecer en el poder&#8221;.<\/h3>\n<h3>&#8220;Entonces, durante m\u00e1s de dos meses despu\u00e9s del d\u00eda de las elecciones, el 3 de noviembre de 2020, el demandado difundi\u00f3 mentiras de que hubo un fraude que determin\u00f3 el resultado de las elecciones y que en realidad hab\u00eda ganado&#8221;. &#8220;Estas afirmaciones eran falsas y el acusado sab\u00eda que eran falsas&#8221;, dice Smith en su auto.<\/h3>\n<h3>&#8220;Las inculpaciones de Trump son verdaderamente hist\u00f3ricas en el sentido de que ning\u00fan presidente o expresidente de Estados Unidos antes de Trump ha sido inculpado, y mucho menos acusado de difundir mentiras sobre unas elecciones&#8221;, dijo Carl Tobias, profesor de derecho de la universidad de Richmond.<\/h3>\n<h3>Richard Hasen, profesor de derecho en la universidad de California destaca la naturaleza \u00fanica del caso: &#8220;Es dif\u00edcil exagerar lo que est\u00e1 en juego en esta inculpaci\u00f3n y enjuiciamiento&#8221;, escribi\u00f3.<\/h3>\n<h3>&#8220;Es quiz\u00e1s la inculpaci\u00f3n m\u00e1s importante jam\u00e1s dictada contra alguien para salvaguardar la democracia estadounidense y el estado de derecho en cualquier tribunal estadounidense&#8221;. Agreg\u00f3 que &#8220;influir\u00e1 en gran medida en si EEUU seguir\u00e1 siendo una democracia pr\u00f3spera despu\u00e9s de 2024&#8221;.<\/h3>\n<h3>Una figura clave en la acusaci\u00f3n fue el entonces vicepresidente Mike Pence, quien proporcion\u00f3 a los fiscales &#8220;notas contempor\u00e1neas&#8221; que tom\u00f3 para documentar los esfuerzos por revertir el resultado de la encuesta.<\/h3>\n<h3>Pence, quien probablemente sea un testigo estelar en cualquier eventual juicio, critic\u00f3 inflexiblemente el mi\u00e9rcoles a Trump por presionarlo para frustrar la voluntad de los votantes al negarse a certificar la victoria electoral de Joe Biden en el Capitolio de Estados Unidos el 6 de enero de 2021.<\/h3>\n<h3>El 6 de enero de 2021 Trump pronunci\u00f3 un discurso frente a sus simpatizantes congregados cerca de la Casa Blanca, inst\u00e1ndolos a &#8220;luchar como demonios&#8221; contra los resultados de las elecciones presidenciales. Miles de simpatizantes sembraron el caos y atacaron el Capitolio en Washington, templo de la democracia estadounidense. Este asalto fue &#8220;alimentado por mentiras&#8221; de Trump, asegur\u00f3 el fiscal.<\/h3>\n<h3>\u201cCualquiera que le pida a otra persona que se ponga por encima de la Constituci\u00f3n nunca deber\u00eda volver a ser presidente de Estados Unidos\u201d, dijo Pence. &#8220;No ten\u00eda derecho a anular la elecci\u00f3n y&#8230; lo que el presidente sostuvo ese d\u00eda y, francamente, ha dicho una y otra vez durante los \u00faltimos dos a\u00f1os y medio, es completamente falso&#8221;.<\/h3>\n<h3>Favorito para la nominaci\u00f3n republicana de cara a las presidenciales de 2024, Trump tambi\u00e9n acus\u00f3 a Biden en su plataforma social de ordenar al departamento de Justicia que lo acuse de &#8220;tantos delitos como se puedan inventar&#8221;. Quieren, dice, obligarle &#8220;a gastar grandes cantidades de tiempo y dinero en defenderse&#8221;.<\/h3>\n<h3>Trump ya gast\u00f3 millones de d\u00f3lares en abogados, agotando casi los fondos de su campa\u00f1a, para la que recaud\u00f3 por ahora m\u00e1s de 54 millones en seis meses, bastante m\u00e1s que sus rivales republicanos. &#8220;Los dem\u00f3cratas no quieren competir contra m\u00ed, de lo contrario no recurrir\u00edan a esta instrumentalizaci\u00f3n sin precedentes de la &#8216;Justicia&#8217;. Pero pronto, en 2024, ser\u00e1 nuestro turno&#8221;, dijo. &#8220;\u00a1Necesito una inculpaci\u00f3n m\u00e1s para garantizar mi elecci\u00f3n!&#8221; en las presidenciales de 2024, a\u00f1adi\u00f3.<\/h3>\n<h3>El expresidente est\u00e1 recolectando, en todo caso, mucho dinero: su comit\u00e9 de recaudaci\u00f3n (PAC) ingres\u00f3 m\u00e1s de 54 millones de d\u00f3lares en el primer semestre del a\u00f1o, m\u00e1s que el resto de sus rivales en las primarias. Pero, seg\u00fan algunos cr\u00edticos, documentos recientes relativos a la financiaci\u00f3n de la campa\u00f1a muestran hasta qu\u00e9 punto sus problemas legales han hecho mella en sus arcas. Los gastos legales no se destinaron a publicidad televisiva, m\u00edtines o viajes de campa\u00f1a.<\/h3>\n<h3>Trump lanz\u00f3 &#8220;Save America&#8221; -que recauda la mayor\u00eda de sus fondos a trav\u00e9s de peque\u00f1as donaciones- tras perder los comicios frente a Joe Biden y recaud\u00f3 en dos meses unos 250 millones de d\u00f3lares de simpatizantes a los que pidi\u00f3 que contribuyeran a un &#8220;fondo de defensa electoral&#8221; para impugnar el resultado. Pero ni un solo centavo se destin\u00f3 al recuento de votos o a la presentaci\u00f3n de recursos legales, mientras la mayor\u00eda de los fondos se reparti\u00f3 entre el Partido Republicano y las cuentas del magnate.<\/h3>\n<h3>&#8220;Save America&#8221; declar\u00f3 a la Comisi\u00f3n Federal Electoral (FEC) haber pagado este a\u00f1o 21,6 millones de d\u00f3lares a los bufetes de abogados que defienden a Trump y sus aliados, cinco millones m\u00e1s que en 2021 y 2022 en conjunto. El comit\u00e9 de recaudaci\u00f3n de fondos revel\u00f3 esta semana que solo le quedaban 4 millones de d\u00f3lares a finales de junio, una suma irrisoria para una campa\u00f1a presidencial estadounidense. &#8220;Save America&#8221; ya gast\u00f3 m\u00e1s de 20 millones de d\u00f3lares en costes judiciales para el exmandatario.<\/h3>\n<h3>&#8220;Si le das dinero a Trump, ir\u00e1 casi exclusivamente a sus gastos legales personales&#8221;, afirm\u00f3 el abogado y columnista conservador A.G. Hamilton. &#8220;Esto significa que no les quedar\u00e1 pr\u00e1cticamente nada para gastar en animar a la gente a votar e ir de t\u00fa a t\u00fa con los dem\u00f3cratas en estados clave&#8221;, estim\u00f3.<\/h3>\n<h3>El gobernador de Florida, Ron DeSantis, principal rival de Trump por la nominaci\u00f3n republicana, lo se\u00f1al\u00f3 directamente: &#8220;Trump se gast\u00f3 m\u00e1s de 60 millones de d\u00f3lares en dos cosas: atacar falsamente a DeSantis y pagar sus propios honorarios legales; no se ha gastado ni un centavo en derrotar a Biden&#8221;, coment\u00f3 el portavoz de campa\u00f1a del gobernador, Andrew Romeo.<\/h3>\n<h3>El equipo de campa\u00f1a de Trump hab\u00eda explicado que el dinero utilizado para los gastos legales se destin\u00f3 a ayudar a &#8220;proteger a estas personas inocentes de la ruina&#8221;, en referencia a los familiares del expresidente enredados en sus asuntos jur\u00eddicos. Adem\u00e1s, agregaron, para &#8220;evitar que sus vidas queden completamente destruidas&#8221;.<\/h3>\n<h3>Las otras investigaciones que enfrenta Trump<\/h3>\n<h3>No es la primera vez que los problemas judiciales de Trump estremecen a Estados Unidos, pero esta vez los \u00faltimos cargos del fiscal especial Jack Smith son especialmente graves. Las dos inculpaciones anteriores se centraron en pagos secretos a una actriz porno y en negligencia en el manejo de documentos gubernamentales confidenciales, pero ahora se le acusa de complot contra el Estado, junto con seis conspiradores.<\/h3>\n<h3>\u25ba ARCHIVOS DE LA CASA BLANCA<\/h3>\n<h3>Al salir de la Casa Blanca, Trump se llev\u00f3 cajas llenas de documentos, pese a que una ley de 1978 obliga a todos los presidentes estadounidenses a enviar todos sus correos electr\u00f3nicos, cartas y otros documentos de trabajo a los Archivos Nacionales. En enero de 2022 Trump devolvi\u00f3 15 cajas. Pero la polic\u00eda federal estim\u00f3 que el exmandatario probablemente ten\u00eda m\u00e1s en su residencia de Mar-a-Lago.<\/h3>\n<h3>Posteriormente, agentes del FBI llevaron a cabo un registro, previo mandato judicial, por &#8220;retenci\u00f3n de documentos clasificados&#8221; y &#8220;obstrucci\u00f3n de una investigaci\u00f3n federal&#8221;, y confiscaron una treintena de cajas m\u00e1s. Entonces se abri\u00f3 una intensa batalla legal para determinar la naturaleza de los documentos incautados (\u00bfclasificados? \u00bfpersonales? \u00bfdesclasificados?) lo que ralentiz\u00f3 el procedimiento.<\/h3>\n<h3>Acusado de poner en peligro la seguridad de Estados Unidos, Donald Trump fue imputado a nivel federal a principios de junio, algo in\u00e9dito para un expresidente estadounidense. Compareci\u00f3 ante un tribunal federal de Miami, donde se declar\u00f3 no culpable de los 37 cargos que se le imputan.<\/h3>\n<h3>A finales de julio se le acus\u00f3 de m\u00e1s cargos. \u00c9l los niega todos.<\/h3>\n<h3>El caso lo investiga el fiscal especial Jack Smith, el mismo que lo inculp\u00f3 en la investigaci\u00f3n sobre el asalto al Capitolio.<\/h3>\n<h3>\u25ba EL CASO STORMY DANIELS<\/h3>\n<h3>Trump fue inculpado por haber &#8220;orquestado&#8221; pagos para silenciar a tres personas cuyas revelaciones podr\u00edan haberle perjudicado en el periodo previo a las elecciones presidenciales de 2016, que finalmente gan\u00f3.<\/h3>\n<h3>Concretamente se le acusa del pago de 130.000 d\u00f3lares a la actriz porno Stormy Daniels para que guardara silencio sobre una supuesta relaci\u00f3n extramatrimonial que se remonta a 2006.<\/h3>\n<h3>Estos pagos no son ilegales pero el problema es que Trump los anot\u00f3 como &#8220;honorarios jur\u00eddicos&#8221; en las cuentas de su empresa, la Trump Organization. Como consecuencia se enfrenta a 34 cargos por &#8220;falsificaci\u00f3n de documentos contables&#8221;.<\/h3>\n<h3>El expresidente, que compareci\u00f3 ante el tribunal de Nueva York el pasado 4 de abril, se declar\u00f3 no culpable. El juicio est\u00e1 pendiente.<\/h3>\n<h3>\u25ba ELECCIONES EN GEORGIA<\/h3>\n<h3>Una fiscal de Georgia investiga desde 2021 los &#8220;intentos de influir en las operaciones electorales&#8221; de este estado sure\u00f1o, que gan\u00f3 Biden por una estrecha mayor\u00eda en 2020. En una llamada telef\u00f3nica, cuya grabaci\u00f3n se hizo p\u00fablica, Trump pidi\u00f3 a un funcionario local, Brad Raffensperger, que &#8220;encontrara&#8221; casi 12.000 votos en favor de \u00e9l.<\/h3>\n<h3>Fani Willis, fiscal del condado de Fulton, que incluye a Atlanta, nombr\u00f3 un gran jurado (un panel de ciudadanos dotados de poderes de investigaci\u00f3n) para determinar si hab\u00eda pruebas suficientes para acusar al magnate. Consigui\u00f3 testimonios de allegados a Trump, como su exabogado personal Rudy Giuliani.<\/h3>\n<h3>Este gran jurado recomend\u00f3 inculpar a varias personas, sin revelar si el expresidente figura entre ellas. Antes de septiembre la fiscal debe anunciar los resultados de la investigaci\u00f3n y las posibles inculpaciones.<\/h3>\n<h3>\u25ba CONDENAS EN NUEVA YORK<\/h3>\n<h3>En enero, la Trump Organization fue condenada en Nueva York al pago de una multa de hasta 1,6 millones de d\u00f3lares por fraude fiscal y financiero. Es un caso por lo penal pero le espera otro por lo civil dentro de unos meses. La fiscal general del estado de Nueva York, Letitia James, una dem\u00f3crata, present\u00f3 una demanda contra Trump, sus hijos y la Trump Organization.<\/h3>\n<h3>Les acusa de haber manipulado &#8220;deliberadamente&#8221; el valor de los activos del grupo -que incluye clubes de golf, hoteles de lujo y otras propiedades- para obtener pr\u00e9stamos m\u00e1s ventajosos de los bancos o reducir impuestos.<\/h3>\n<h3>Reclama 250 millones de d\u00f3lares en da\u00f1os y perjuicios en nombre del estado, as\u00ed como que se proh\u00edba al expresidente y sus familiares administrar empresas.<\/h3>\n<h3>Donald Trump tambi\u00e9n fue condenado en mayo por un tribunal civil de Nueva York a pagar 5 millones de d\u00f3lares en da\u00f1os y perjuicios a la experiodista E. Jean Carroll, al ser declarado culpable de agresi\u00f3n sexual en 1996.<\/h3>\n","protected":false},"excerpt":{"rendered":"<p>En el marco de la investigaci\u00f3n abierta en su contra por el fiscal Jack Smith,&#8230;<\/p>\n","protected":false},"author":1,"featured_media":999,"comment_status":"closed","ping_status":"closed","sticky":false,"template":"","format":"standard","meta":{"footnotes":""},"categories":[5],"tags":[],"class_list":["post-998","post","type-post","status-publish","format-standard","has-post-thumbnail","hentry","category-nacionales-internacionales"],"yoast_head":"<!-- This site is optimized with the Yoast SEO plugin v26.1.1 - https:\/\/yoast.com\/wordpress\/plugins\/seo\/ -->\n<title>ACUSADO DE &quot;CONSPIRACI\u00d3N&quot;, TRUMP SE DECLAR\u00d3 INOCENTE ANTE UN TRIBUNAL DE WASHINGTON - Apuntes de San Luis<\/title>\n<meta name=\"robots\" content=\"index, follow, max-snippet:-1, max-image-preview:large, max-video-preview:-1\" \/>\n<link rel=\"canonical\" href=\"https:\/\/apuntesdesanluis.com\/index.php\/2023\/08\/03\/acusado-de-conspiracion-trump-se-declaro-inocente-ante-un-tribunal-de-washington\/\" \/>\n<meta property=\"og:locale\" content=\"es_ES\" \/>\n<meta property=\"og:type\" content=\"article\" \/>\n<meta property=\"og:title\" content=\"ACUSADO DE &quot;CONSPIRACI\u00d3N&quot;, TRUMP SE DECLAR\u00d3 INOCENTE ANTE UN TRIBUNAL DE WASHINGTON - Apuntes de San Luis\" \/>\n<meta property=\"og:description\" content=\"En el marco de la investigaci\u00f3n abierta en su contra por el fiscal Jack Smith,...\" \/>\n<meta property=\"og:url\" content=\"https:\/\/apuntesdesanluis.com\/index.php\/2023\/08\/03\/acusado-de-conspiracion-trump-se-declaro-inocente-ante-un-tribunal-de-washington\/\" \/>\n<meta property=\"og:site_name\" content=\"Apuntes de San Luis\" \/>\n<meta property=\"article:published_time\" content=\"2023-08-03T23:39:35+00:00\" \/>\n<meta property=\"og:image\" content=\"https:\/\/apuntesdesanluis.com\/wp-content\/uploads\/2023\/08\/DONALD-TRUMP.png\" \/>\n\t<meta property=\"og:image:width\" content=\"600\" \/>\n\t<meta property=\"og:image:height\" content=\"404\" \/>\n\t<meta property=\"og:image:type\" content=\"image\/png\" \/>\n<meta name=\"author\" content=\"apuntesdesanluis.com\" \/>\n<meta name=\"twitter:card\" content=\"summary_large_image\" \/>\n<meta name=\"twitter:label1\" content=\"Escrito por\" \/>\n\t<meta name=\"twitter:data1\" content=\"apuntesdesanluis.com\" \/>\n\t<meta name=\"twitter:label2\" content=\"Tiempo de lectura\" \/>\n\t<meta name=\"twitter:data2\" content=\"10 minutos\" \/>\n<script type=\"application\/ld+json\" class=\"yoast-schema-graph\">{\"@context\":\"https:\/\/schema.org\",\"@graph\":[{\"@type\":\"Article\",\"@id\":\"https:\/\/apuntesdesanluis.com\/index.php\/2023\/08\/03\/acusado-de-conspiracion-trump-se-declaro-inocente-ante-un-tribunal-de-washington\/#article\",\"isPartOf\":{\"@id\":\"https:\/\/apuntesdesanluis.com\/index.php\/2023\/08\/03\/acusado-de-conspiracion-trump-se-declaro-inocente-ante-un-tribunal-de-washington\/\"},\"author\":{\"name\":\"apuntesdesanluis.com\",\"@id\":\"https:\/\/apuntesdesanluis.com\/#\/schema\/person\/b55151d52296fcce64d1a72538a70b90\"},\"headline\":\"ACUSADO DE &#8220;CONSPIRACI\u00d3N&#8221;, TRUMP SE DECLAR\u00d3 INOCENTE ANTE UN TRIBUNAL DE WASHINGTON\",\"datePublished\":\"2023-08-03T23:39:35+00:00\",\"mainEntityOfPage\":{\"@id\":\"https:\/\/apuntesdesanluis.com\/index.php\/2023\/08\/03\/acusado-de-conspiracion-trump-se-declaro-inocente-ante-un-tribunal-de-washington\/\"},\"wordCount\":2124,\"publisher\":{\"@id\":\"https:\/\/apuntesdesanluis.com\/#\/schema\/person\/b55151d52296fcce64d1a72538a70b90\"},\"image\":{\"@id\":\"https:\/\/apuntesdesanluis.com\/index.php\/2023\/08\/03\/acusado-de-conspiracion-trump-se-declaro-inocente-ante-un-tribunal-de-washington\/#primaryimage\"},\"thumbnailUrl\":\"https:\/\/apuntesdesanluis.com\/wp-content\/uploads\/2023\/08\/DONALD-TRUMP.png\",\"articleSection\":[\"Nacionales\/Internacionales\"],\"inLanguage\":\"es-AR\"},{\"@type\":\"WebPage\",\"@id\":\"https:\/\/apuntesdesanluis.com\/index.php\/2023\/08\/03\/acusado-de-conspiracion-trump-se-declaro-inocente-ante-un-tribunal-de-washington\/\",\"url\":\"https:\/\/apuntesdesanluis.com\/index.php\/2023\/08\/03\/acusado-de-conspiracion-trump-se-declaro-inocente-ante-un-tribunal-de-washington\/\",\"name\":\"ACUSADO DE \\\"CONSPIRACI\u00d3N\\\", TRUMP SE DECLAR\u00d3 INOCENTE ANTE UN TRIBUNAL DE WASHINGTON - Apuntes de San Luis\",\"isPartOf\":{\"@id\":\"https:\/\/apuntesdesanluis.com\/#website\"},\"primaryImageOfPage\":{\"@id\":\"https:\/\/apuntesdesanluis.com\/index.php\/2023\/08\/03\/acusado-de-conspiracion-trump-se-declaro-inocente-ante-un-tribunal-de-washington\/#primaryimage\"},\"image\":{\"@id\":\"https:\/\/apuntesdesanluis.com\/index.php\/2023\/08\/03\/acusado-de-conspiracion-trump-se-declaro-inocente-ante-un-tribunal-de-washington\/#primaryimage\"},\"thumbnailUrl\":\"https:\/\/apuntesdesanluis.com\/wp-content\/uploads\/2023\/08\/DONALD-TRUMP.png\",\"datePublished\":\"2023-08-03T23:39:35+00:00\",\"breadcrumb\":{\"@id\":\"https:\/\/apuntesdesanluis.com\/index.php\/2023\/08\/03\/acusado-de-conspiracion-trump-se-declaro-inocente-ante-un-tribunal-de-washington\/#breadcrumb\"},\"inLanguage\":\"es-AR\",\"potentialAction\":[{\"@type\":\"ReadAction\",\"target\":[\"https:\/\/apuntesdesanluis.com\/index.php\/2023\/08\/03\/acusado-de-conspiracion-trump-se-declaro-inocente-ante-un-tribunal-de-washington\/\"]}]},{\"@type\":\"ImageObject\",\"inLanguage\":\"es-AR\",\"@id\":\"https:\/\/apuntesdesanluis.com\/index.php\/2023\/08\/03\/acusado-de-conspiracion-trump-se-declaro-inocente-ante-un-tribunal-de-washington\/#primaryimage\",\"url\":\"https:\/\/apuntesdesanluis.com\/wp-content\/uploads\/2023\/08\/DONALD-TRUMP.png\",\"contentUrl\":\"https:\/\/apuntesdesanluis.com\/wp-content\/uploads\/2023\/08\/DONALD-TRUMP.png\",\"width\":600,\"height\":404},{\"@type\":\"BreadcrumbList\",\"@id\":\"https:\/\/apuntesdesanluis.com\/index.php\/2023\/08\/03\/acusado-de-conspiracion-trump-se-declaro-inocente-ante-un-tribunal-de-washington\/#breadcrumb\",\"itemListElement\":[{\"@type\":\"ListItem\",\"position\":1,\"name\":\"Inicio\",\"item\":\"https:\/\/apuntesdesanluis.com\/\"},{\"@type\":\"ListItem\",\"position\":2,\"name\":\"ACUSADO DE &#8220;CONSPIRACI\u00d3N&#8221;, TRUMP SE DECLAR\u00d3 INOCENTE ANTE UN TRIBUNAL DE WASHINGTON\"}]},{\"@type\":\"WebSite\",\"@id\":\"https:\/\/apuntesdesanluis.com\/#website\",\"url\":\"https:\/\/apuntesdesanluis.com\/\",\"name\":\"Apuntes de San Luis\",\"description\":\"\",\"publisher\":{\"@id\":\"https:\/\/apuntesdesanluis.com\/#\/schema\/person\/b55151d52296fcce64d1a72538a70b90\"},\"potentialAction\":[{\"@type\":\"SearchAction\",\"target\":{\"@type\":\"EntryPoint\",\"urlTemplate\":\"https:\/\/apuntesdesanluis.com\/?s={search_term_string}\"},\"query-input\":{\"@type\":\"PropertyValueSpecification\",\"valueRequired\":true,\"valueName\":\"search_term_string\"}}],\"inLanguage\":\"es-AR\"},{\"@type\":[\"Person\",\"Organization\"],\"@id\":\"https:\/\/apuntesdesanluis.com\/#\/schema\/person\/b55151d52296fcce64d1a72538a70b90\",\"name\":\"apuntesdesanluis.com\",\"image\":{\"@type\":\"ImageObject\",\"inLanguage\":\"es-AR\",\"@id\":\"https:\/\/apuntesdesanluis.com\/#\/schema\/person\/image\/\",\"url\":\"https:\/\/apuntesdesanluis.com\/wp-content\/uploads\/2023\/07\/cropped-apuntesdesanluis.png\",\"contentUrl\":\"https:\/\/apuntesdesanluis.com\/wp-content\/uploads\/2023\/07\/cropped-apuntesdesanluis.png\",\"width\":450,\"height\":112,\"caption\":\"apuntesdesanluis.com\"},\"logo\":{\"@id\":\"https:\/\/apuntesdesanluis.com\/#\/schema\/person\/image\/\"},\"sameAs\":[\"https:\/\/apuntesdesanluis.com\"],\"url\":\"https:\/\/apuntesdesanluis.com\/index.php\/author\/apuntesdesanluis-com\/\"}]}<\/script>\n<!-- \/ Yoast SEO plugin. -->","yoast_head_json":{"title":"ACUSADO DE \"CONSPIRACI\u00d3N\", TRUMP SE DECLAR\u00d3 INOCENTE ANTE UN TRIBUNAL DE WASHINGTON - Apuntes de San Luis","robots":{"index":"index","follow":"follow","max-snippet":"max-snippet:-1","max-image-preview":"max-image-preview:large","max-video-preview":"max-video-preview:-1"},"canonical":"https:\/\/apuntesdesanluis.com\/index.php\/2023\/08\/03\/acusado-de-conspiracion-trump-se-declaro-inocente-ante-un-tribunal-de-washington\/","og_locale":"es_ES","og_type":"article","og_title":"ACUSADO DE \"CONSPIRACI\u00d3N\", TRUMP SE DECLAR\u00d3 INOCENTE ANTE UN TRIBUNAL DE WASHINGTON - Apuntes de San Luis","og_description":"En el marco de la investigaci\u00f3n abierta en su contra por el fiscal Jack Smith,...","og_url":"https:\/\/apuntesdesanluis.com\/index.php\/2023\/08\/03\/acusado-de-conspiracion-trump-se-declaro-inocente-ante-un-tribunal-de-washington\/","og_site_name":"Apuntes de San Luis","article_published_time":"2023-08-03T23:39:35+00:00","og_image":[{"width":600,"height":404,"url":"https:\/\/apuntesdesanluis.com\/wp-content\/uploads\/2023\/08\/DONALD-TRUMP.png","type":"image\/png"}],"author":"apuntesdesanluis.com","twitter_card":"summary_large_image","twitter_misc":{"Escrito por":"apuntesdesanluis.com","Tiempo de lectura":"10 minutos"},"schema":{"@context":"https:\/\/schema.org","@graph":[{"@type":"Article","@id":"https:\/\/apuntesdesanluis.com\/index.php\/2023\/08\/03\/acusado-de-conspiracion-trump-se-declaro-inocente-ante-un-tribunal-de-washington\/#article","isPartOf":{"@id":"https:\/\/apuntesdesanluis.com\/index.php\/2023\/08\/03\/acusado-de-conspiracion-trump-se-declaro-inocente-ante-un-tribunal-de-washington\/"},"author":{"name":"apuntesdesanluis.com","@id":"https:\/\/apuntesdesanluis.com\/#\/schema\/person\/b55151d52296fcce64d1a72538a70b90"},"headline":"ACUSADO DE &#8220;CONSPIRACI\u00d3N&#8221;, TRUMP SE DECLAR\u00d3 INOCENTE ANTE UN TRIBUNAL DE WASHINGTON","datePublished":"2023-08-03T23:39:35+00:00","mainEntityOfPage":{"@id":"https:\/\/apuntesdesanluis.com\/index.php\/2023\/08\/03\/acusado-de-conspiracion-trump-se-declaro-inocente-ante-un-tribunal-de-washington\/"},"wordCount":2124,"publisher":{"@id":"https:\/\/apuntesdesanluis.com\/#\/schema\/person\/b55151d52296fcce64d1a72538a70b90"},"image":{"@id":"https:\/\/apuntesdesanluis.com\/index.php\/2023\/08\/03\/acusado-de-conspiracion-trump-se-declaro-inocente-ante-un-tribunal-de-washington\/#primaryimage"},"thumbnailUrl":"https:\/\/apuntesdesanluis.com\/wp-content\/uploads\/2023\/08\/DONALD-TRUMP.png","articleSection":["Nacionales\/Internacionales"],"inLanguage":"es-AR"},{"@type":"WebPage","@id":"https:\/\/apuntesdesanluis.com\/index.php\/2023\/08\/03\/acusado-de-conspiracion-trump-se-declaro-inocente-ante-un-tribunal-de-washington\/","url":"https:\/\/apuntesdesanluis.com\/index.php\/2023\/08\/03\/acusado-de-conspiracion-trump-se-declaro-inocente-ante-un-tribunal-de-washington\/","name":"ACUSADO DE \"CONSPIRACI\u00d3N\", TRUMP SE DECLAR\u00d3 INOCENTE ANTE UN TRIBUNAL DE WASHINGTON - Apuntes de San Luis","isPartOf":{"@id":"https:\/\/apuntesdesanluis.com\/#website"},"primaryImageOfPage":{"@id":"https:\/\/apuntesdesanluis.com\/index.php\/2023\/08\/03\/acusado-de-conspiracion-trump-se-declaro-inocente-ante-un-tribunal-de-washington\/#primaryimage"},"image":{"@id":"https:\/\/apuntesdesanluis.com\/index.php\/2023\/08\/03\/acusado-de-conspiracion-trump-se-declaro-inocente-ante-un-tribunal-de-washington\/#primaryimage"},"thumbnailUrl":"https:\/\/apuntesdesanluis.com\/wp-content\/uploads\/2023\/08\/DONALD-TRUMP.png","datePublished":"2023-08-03T23:39:35+00:00","breadcrumb":{"@id":"https:\/\/apuntesdesanluis.com\/index.php\/2023\/08\/03\/acusado-de-conspiracion-trump-se-declaro-inocente-ante-un-tribunal-de-washington\/#breadcrumb"},"inLanguage":"es-AR","potentialAction":[{"@type":"ReadAction","target":["https:\/\/apuntesdesanluis.com\/index.php\/2023\/08\/03\/acusado-de-conspiracion-trump-se-declaro-inocente-ante-un-tribunal-de-washington\/"]}]},{"@type":"ImageObject","inLanguage":"es-AR","@id":"https:\/\/apuntesdesanluis.com\/index.php\/2023\/08\/03\/acusado-de-conspiracion-trump-se-declaro-inocente-ante-un-tribunal-de-washington\/#primaryimage","url":"https:\/\/apuntesdesanluis.com\/wp-content\/uploads\/2023\/08\/DONALD-TRUMP.png","contentUrl":"https:\/\/apuntesdesanluis.com\/wp-content\/uploads\/2023\/08\/DONALD-TRUMP.png","width":600,"height":404},{"@type":"BreadcrumbList","@id":"https:\/\/apuntesdesanluis.com\/index.php\/2023\/08\/03\/acusado-de-conspiracion-trump-se-declaro-inocente-ante-un-tribunal-de-washington\/#breadcrumb","itemListElement":[{"@type":"ListItem","position":1,"name":"Inicio","item":"https:\/\/apuntesdesanluis.com\/"},{"@type":"ListItem","position":2,"name":"ACUSADO DE &#8220;CONSPIRACI\u00d3N&#8221;, TRUMP SE DECLAR\u00d3 INOCENTE ANTE UN TRIBUNAL DE WASHINGTON"}]},{"@type":"WebSite","@id":"https:\/\/apuntesdesanluis.com\/#website","url":"https:\/\/apuntesdesanluis.com\/","name":"Apuntes de San Luis","description":"","publisher":{"@id":"https:\/\/apuntesdesanluis.com\/#\/schema\/person\/b55151d52296fcce64d1a72538a70b90"},"potentialAction":[{"@type":"SearchAction","target":{"@type":"EntryPoint","urlTemplate":"https:\/\/apuntesdesanluis.com\/?s={search_term_string}"},"query-input":{"@type":"PropertyValueSpecification","valueRequired":true,"valueName":"search_term_string"}}],"inLanguage":"es-AR"},{"@type":["Person","Organization"],"@id":"https:\/\/apuntesdesanluis.com\/#\/schema\/person\/b55151d52296fcce64d1a72538a70b90","name":"apuntesdesanluis.com","image":{"@type":"ImageObject","inLanguage":"es-AR","@id":"https:\/\/apuntesdesanluis.com\/#\/schema\/person\/image\/","url":"https:\/\/apuntesdesanluis.com\/wp-content\/uploads\/2023\/07\/cropped-apuntesdesanluis.png","contentUrl":"https:\/\/apuntesdesanluis.com\/wp-content\/uploads\/2023\/07\/cropped-apuntesdesanluis.png","width":450,"height":112,"caption":"apuntesdesanluis.com"},"logo":{"@id":"https:\/\/apuntesdesanluis.com\/#\/schema\/person\/image\/"},"sameAs":["https:\/\/apuntesdesanluis.com"],"url":"https:\/\/apuntesdesanluis.com\/index.php\/author\/apuntesdesanluis-com\/"}]}},"featured_image_urls":{"full":["https:\/\/apuntesdesanluis.com\/wp-content\/uploads\/2023\/08\/DONALD-TRUMP.png",600,404,false],"thumbnail":["https:\/\/apuntesdesanluis.com\/wp-content\/uploads\/2023\/08\/DONALD-TRUMP-150x150.png",150,150,true],"medium":["https:\/\/apuntesdesanluis.com\/wp-content\/uploads\/2023\/08\/DONALD-TRUMP-300x202.png",300,202,true],"medium_large":["https:\/\/apuntesdesanluis.com\/wp-content\/uploads\/2023\/08\/DONALD-TRUMP.png",600,404,false],"large":["https:\/\/apuntesdesanluis.com\/wp-content\/uploads\/2023\/08\/DONALD-TRUMP.png",600,404,false],"1536x1536":["https:\/\/apuntesdesanluis.com\/wp-content\/uploads\/2023\/08\/DONALD-TRUMP.png",600,404,false],"2048x2048":["https:\/\/apuntesdesanluis.com\/wp-content\/uploads\/2023\/08\/DONALD-TRUMP.png",600,404,false],"newsever-slider-full":["https:\/\/apuntesdesanluis.com\/wp-content\/uploads\/2023\/08\/DONALD-TRUMP.png",600,404,false],"newsever-featured":["https:\/\/apuntesdesanluis.com\/wp-content\/uploads\/2023\/08\/DONALD-TRUMP.png",600,404,false],"newsever-medium":["https:\/\/apuntesdesanluis.com\/wp-content\/uploads\/2023\/08\/DONALD-TRUMP.png",600,404,false]},"author_info":{"display_name":"apuntesdesanluis.com","author_link":"https:\/\/apuntesdesanluis.com\/index.php\/author\/apuntesdesanluis-com\/"},"category_info":"<a href=\"https:\/\/apuntesdesanluis.com\/index.php\/category\/nacionales-internacionales\/\" rel=\"category tag\">Nacionales\/Internacionales<\/a>","tag_info":"Nacionales\/Internacionales","comment_count":"0","_links":{"self":[{"href":"https:\/\/apuntesdesanluis.com\/index.php\/wp-json\/wp\/v2\/posts\/998","targetHints":{"allow":["GET"]}}],"collection":[{"href":"https:\/\/apuntesdesanluis.com\/index.php\/wp-json\/wp\/v2\/posts"}],"about":[{"href":"https:\/\/apuntesdesanluis.com\/index.php\/wp-json\/wp\/v2\/types\/post"}],"author":[{"embeddable":true,"href":"https:\/\/apuntesdesanluis.com\/index.php\/wp-json\/wp\/v2\/users\/1"}],"replies":[{"embeddable":true,"href":"https:\/\/apuntesdesanluis.com\/index.php\/wp-json\/wp\/v2\/comments?post=998"}],"version-history":[{"count":1,"href":"https:\/\/apuntesdesanluis.com\/index.php\/wp-json\/wp\/v2\/posts\/998\/revisions"}],"predecessor-version":[{"id":1000,"href":"https:\/\/apuntesdesanluis.com\/index.php\/wp-json\/wp\/v2\/posts\/998\/revisions\/1000"}],"wp:featuredmedia":[{"embeddable":true,"href":"https:\/\/apuntesdesanluis.com\/index.php\/wp-json\/wp\/v2\/media\/999"}],"wp:attachment":[{"href":"https:\/\/apuntesdesanluis.com\/index.php\/wp-json\/wp\/v2\/media?parent=998"}],"wp:term":[{"taxonomy":"category","embeddable":true,"href":"https:\/\/apuntesdesanluis.com\/index.php\/wp-json\/wp\/v2\/categories?post=998"},{"taxonomy":"post_tag","embeddable":true,"href":"https:\/\/apuntesdesanluis.com\/index.php\/wp-json\/wp\/v2\/tags?post=998"}],"curies":[{"name":"wp","href":"https:\/\/api.w.org\/{rel}","templated":true}]}}