{"id":9987,"date":"2024-01-12T18:50:53","date_gmt":"2024-01-12T21:50:53","guid":{"rendered":"https:\/\/apuntesdesanluis.com\/?p=9987"},"modified":"2024-01-12T18:51:22","modified_gmt":"2024-01-12T21:51:22","slug":"la-secretaria-de-personas-con-discapacidad-trabaja-para-implementar-politicas-inclusivas","status":"publish","type":"post","link":"https:\/\/apuntesdesanluis.com\/index.php\/2024\/01\/12\/la-secretaria-de-personas-con-discapacidad-trabaja-para-implementar-politicas-inclusivas\/","title":{"rendered":"LA SECRETAR\u00cdA DE PERSONAS CON DISCAPACIDAD TRABAJA PARA IMPLEMENTAR POL\u00cdTICAS INCLUSIVAS"},"content":{"rendered":"<h3>Lleva semanas gestionando encuentros con intendentes municipales del interior y referentes de \u00e1reas de educaci\u00f3n, transporte y el \u00e1mbito legal, con la intenci\u00f3n de dar los primeros pasos en b\u00fasqueda de mejorar las condiciones de vida de las personas con discapacidad.<\/h3>\n<h3>La secretar\u00eda de Personas con Discapacidad es una de las grandes y novedosas apuestas de la gobernaci\u00f3n de <strong>Claudio Poggi<\/strong>. Bajo la premisa de promover una \u201cintegraci\u00f3n plena\u201d de todos los ciudadanos puntanos, la cartera encabezada por <strong>Luis Giraudo<\/strong> desarroll\u00f3 diversos encuentros para visibilizar los problemas principales que ata\u00f1en al colectivo y diagramar planes de acci\u00f3n para comenzar a gestionarlos.<\/h3>\n<h3><strong>EDUCACI\u00d3N<\/strong><\/h3>\n<h3>Los ejes centrales que trat\u00f3 junto con <strong>Guillermo Araujo<\/strong>, ministro de Educaci\u00f3n, guardan relaci\u00f3n con los desaf\u00edos que afrontan las personas con discapacidad en sus procesos de escolarizaci\u00f3n.<\/h3>\n<p><img fetchpriority=\"high\" decoding=\"async\" class=\"wp-image-9989 aligncenter\" src=\"https:\/\/apuntesdesanluis.com\/wp-content\/uploads\/2024\/01\/con-educacion-300x195.png\" alt=\"\" width=\"580\" height=\"377\" srcset=\"https:\/\/apuntesdesanluis.com\/wp-content\/uploads\/2024\/01\/con-educacion-300x195.png 300w, https:\/\/apuntesdesanluis.com\/wp-content\/uploads\/2024\/01\/con-educacion.png 600w\" sizes=\"(max-width: 580px) 100vw, 580px\" \/><\/p>\n<h3>Entre otras cosas, abordaron la carencia de un sistema de transporte especial, la ausencia de la copa de leche en algunas instituciones acad\u00e9micas y la necesidad de brindar mayor asistencia mediante acompa\u00f1antes terap\u00e9uticos.<\/h3>\n<h3>Desde Educaci\u00f3n tomaron nota y se comprometieron a ofrecer soluciones previo al inicio del pr\u00f3ximo ciclo lectivo.<\/h3>\n<h3><strong>TRANSPORTE<\/strong><\/h3>\n<h3>Tambi\u00e9n sostuvo un encuentro con la secretar\u00eda de Transporte, a cargo de <strong>V\u00edctor Cianchino<\/strong>, en el que el foco central gir\u00f3 en torno al control sobre los cupos de viaje permitidos y las adaptaciones que los veh\u00edculos de l\u00edneas urbanas e interurbanas deben presentar para facilitar el ascenso, ubicaci\u00f3n, viaje y descenso de personas con movilidad y\/o comunicaci\u00f3n reducida.<\/h3>\n<h3><img decoding=\"async\" class=\"wp-image-9990 aligncenter\" src=\"https:\/\/apuntesdesanluis.com\/wp-content\/uploads\/2024\/01\/con-cianchino-300x170.jpg\" alt=\"\" width=\"612\" height=\"347\" srcset=\"https:\/\/apuntesdesanluis.com\/wp-content\/uploads\/2024\/01\/con-cianchino-300x170.jpg 300w, https:\/\/apuntesdesanluis.com\/wp-content\/uploads\/2024\/01\/con-cianchino.jpg 473w\" sizes=\"(max-width: 612px) 100vw, 612px\" \/><\/h3>\n<h3>Determinaron trabajar bajo una modalidad de colaboraci\u00f3n mutua sobre tres ejes fundamentales: control visual, inspectores y el apoyo permanente de ambas secretar\u00edas.<\/h3>\n<h3><strong>JUR\u00cdDICO-LEGAL<\/strong><\/h3>\n<h3>En el hall del Poder Legislativo se llev\u00f3 adelante un primer acercamiento entre la secretar\u00eda de Personas con Discapacidad, referentes de la provincia en la materia, ONG y representantes tanto de la C\u00e1mara de Senadores como tambi\u00e9n la de Diputados de la provincia.<\/h3>\n<h3>El encuentro funcion\u00f3 como espacio para manifestar inquietudes y presentar demandas pensadas para el desarrollo social, el bienestar y la inserci\u00f3n laboral del colectivo.<\/h3>\n<p><img decoding=\"async\" class=\"wp-image-9698 aligncenter\" src=\"https:\/\/apuntesdesanluis.com\/wp-content\/uploads\/2024\/01\/encuentro-en-el-senado-300x190.jpg\" alt=\"\" width=\"613\" height=\"388\" srcset=\"https:\/\/apuntesdesanluis.com\/wp-content\/uploads\/2024\/01\/encuentro-en-el-senado-300x190.jpg 300w, https:\/\/apuntesdesanluis.com\/wp-content\/uploads\/2024\/01\/encuentro-en-el-senado.jpg 564w\" sizes=\"(max-width: 613px) 100vw, 613px\" \/><\/p>\n<h3>Se debati\u00f3 sobre la necesidad de conformar un Consejo Federal de Discapacidad y comisiones integradas por personas con discapacidad en ambas c\u00e1maras legislativas para obtener una representaci\u00f3n adecuada y analizar posibles modificaciones en los estatutos que los rigen.<\/h3>\n<h3><strong>ENCUENTROS EN EL INTERIOR<\/strong><\/h3>\n<h3>Representantes de la secretar\u00eda organizaron reuniones con los l\u00edderes municipales y referentes o familiares de personas con discapacidad en las localidades de Saladillo, El Morro y La Toma.<\/h3>\n<h3><img loading=\"lazy\" decoding=\"async\" class=\"wp-image-9992 aligncenter\" src=\"https:\/\/apuntesdesanluis.com\/wp-content\/uploads\/2024\/01\/con-otro-300x186.png\" alt=\"\" width=\"621\" height=\"385\" srcset=\"https:\/\/apuntesdesanluis.com\/wp-content\/uploads\/2024\/01\/con-otro-300x186.png 300w, https:\/\/apuntesdesanluis.com\/wp-content\/uploads\/2024\/01\/con-otro-1024x636.png 1024w, https:\/\/apuntesdesanluis.com\/wp-content\/uploads\/2024\/01\/con-otro-768x477.png 768w, https:\/\/apuntesdesanluis.com\/wp-content\/uploads\/2024\/01\/con-otro.png 1163w\" sizes=\"(max-width: 621px) 100vw, 621px\" \/><\/h3>\n<h3>Las preocupaciones centrales fueron dirigidas hacia la necesidad de un relevamiento para actualizar los registros del Certificado \u00danico de Discapacidad (CUD), la integraci\u00f3n al mundo laboral, la falta de recursos e insumos en las instituciones educativas que dificultan su reestructuraci\u00f3n para ser m\u00e1s inclusivas y la falta de centros de rehabilitaci\u00f3n o estimulaci\u00f3n temprana p\u00fablicos.<\/h3>\n<p><img loading=\"lazy\" decoding=\"async\" class=\"wp-image-9993 aligncenter\" src=\"https:\/\/apuntesdesanluis.com\/wp-content\/uploads\/2024\/01\/con-mujeres-300x158.png\" alt=\"\" width=\"621\" height=\"327\" srcset=\"https:\/\/apuntesdesanluis.com\/wp-content\/uploads\/2024\/01\/con-mujeres-300x158.png 300w, https:\/\/apuntesdesanluis.com\/wp-content\/uploads\/2024\/01\/con-mujeres.png 600w\" sizes=\"(max-width: 621px) 100vw, 621px\" \/><\/p>\n<p><img loading=\"lazy\" decoding=\"async\" class=\"wp-image-9994 aligncenter\" src=\"https:\/\/apuntesdesanluis.com\/wp-content\/uploads\/2024\/01\/con-ongs-300x172.png\" alt=\"\" width=\"619\" height=\"355\" srcset=\"https:\/\/apuntesdesanluis.com\/wp-content\/uploads\/2024\/01\/con-ongs-300x172.png 300w, https:\/\/apuntesdesanluis.com\/wp-content\/uploads\/2024\/01\/con-ongs.png 600w\" sizes=\"(max-width: 619px) 100vw, 619px\" \/><\/p>\n<p>&nbsp;<\/p>\n<p>&nbsp;<\/p>\n<p>&nbsp;<\/p>\n<p>&nbsp;<\/p>\n","protected":false},"excerpt":{"rendered":"<p>Lleva semanas gestionando encuentros con intendentes municipales del interior y referentes de \u00e1reas de educaci\u00f3n,&#8230;<\/p>\n","protected":false},"author":1,"featured_media":9988,"comment_status":"closed","ping_status":"closed","sticky":false,"template":"","format":"standard","meta":{"footnotes":""},"categories":[6],"tags":[],"class_list":["post-9987","post","type-post","status-publish","format-standard","has-post-thumbnail","hentry","category-ciudad-provincia"],"yoast_head":"<!-- This site is optimized with the Yoast SEO plugin v26.1.1 - https:\/\/yoast.com\/wordpress\/plugins\/seo\/ -->\n<title>LA SECRETAR\u00cdA DE PERSONAS CON DISCAPACIDAD TRABAJA PARA IMPLEMENTAR POL\u00cdTICAS INCLUSIVAS - Apuntes de San Luis<\/title>\n<meta name=\"robots\" content=\"index, follow, max-snippet:-1, max-image-preview:large, max-video-preview:-1\" \/>\n<link rel=\"canonical\" href=\"https:\/\/apuntesdesanluis.com\/index.php\/2024\/01\/12\/la-secretaria-de-personas-con-discapacidad-trabaja-para-implementar-politicas-inclusivas\/\" \/>\n<meta property=\"og:locale\" content=\"es_ES\" \/>\n<meta property=\"og:type\" content=\"article\" \/>\n<meta property=\"og:title\" content=\"LA SECRETAR\u00cdA DE PERSONAS CON DISCAPACIDAD TRABAJA PARA IMPLEMENTAR POL\u00cdTICAS INCLUSIVAS - Apuntes de San Luis\" \/>\n<meta property=\"og:description\" content=\"Lleva semanas gestionando encuentros con intendentes municipales del interior y referentes de \u00e1reas de educaci\u00f3n,...\" \/>\n<meta property=\"og:url\" content=\"https:\/\/apuntesdesanluis.com\/index.php\/2024\/01\/12\/la-secretaria-de-personas-con-discapacidad-trabaja-para-implementar-politicas-inclusivas\/\" \/>\n<meta property=\"og:site_name\" content=\"Apuntes de San Luis\" \/>\n<meta property=\"article:published_time\" content=\"2024-01-12T21:50:53+00:00\" \/>\n<meta property=\"article:modified_time\" content=\"2024-01-12T21:51:22+00:00\" \/>\n<meta property=\"og:image\" content=\"https:\/\/apuntesdesanluis.com\/wp-content\/uploads\/2024\/01\/luis-en-el-senado.png\" \/>\n\t<meta property=\"og:image:width\" content=\"600\" \/>\n\t<meta property=\"og:image:height\" content=\"364\" \/>\n\t<meta property=\"og:image:type\" content=\"image\/png\" \/>\n<meta name=\"author\" content=\"apuntesdesanluis.com\" \/>\n<meta name=\"twitter:card\" content=\"summary_large_image\" \/>\n<meta name=\"twitter:label1\" content=\"Escrito por\" \/>\n\t<meta name=\"twitter:data1\" content=\"apuntesdesanluis.com\" \/>\n\t<meta name=\"twitter:label2\" content=\"Tiempo de lectura\" \/>\n\t<meta name=\"twitter:data2\" content=\"4 minutos\" \/>\n<script type=\"application\/ld+json\" class=\"yoast-schema-graph\">{\"@context\":\"https:\/\/schema.org\",\"@graph\":[{\"@type\":\"Article\",\"@id\":\"https:\/\/apuntesdesanluis.com\/index.php\/2024\/01\/12\/la-secretaria-de-personas-con-discapacidad-trabaja-para-implementar-politicas-inclusivas\/#article\",\"isPartOf\":{\"@id\":\"https:\/\/apuntesdesanluis.com\/index.php\/2024\/01\/12\/la-secretaria-de-personas-con-discapacidad-trabaja-para-implementar-politicas-inclusivas\/\"},\"author\":{\"name\":\"apuntesdesanluis.com\",\"@id\":\"https:\/\/apuntesdesanluis.com\/#\/schema\/person\/b55151d52296fcce64d1a72538a70b90\"},\"headline\":\"LA SECRETAR\u00cdA DE PERSONAS CON DISCAPACIDAD TRABAJA PARA IMPLEMENTAR POL\u00cdTICAS INCLUSIVAS\",\"datePublished\":\"2024-01-12T21:50:53+00:00\",\"dateModified\":\"2024-01-12T21:51:22+00:00\",\"mainEntityOfPage\":{\"@id\":\"https:\/\/apuntesdesanluis.com\/index.php\/2024\/01\/12\/la-secretaria-de-personas-con-discapacidad-trabaja-para-implementar-politicas-inclusivas\/\"},\"wordCount\":515,\"publisher\":{\"@id\":\"https:\/\/apuntesdesanluis.com\/#\/schema\/person\/b55151d52296fcce64d1a72538a70b90\"},\"image\":{\"@id\":\"https:\/\/apuntesdesanluis.com\/index.php\/2024\/01\/12\/la-secretaria-de-personas-con-discapacidad-trabaja-para-implementar-politicas-inclusivas\/#primaryimage\"},\"thumbnailUrl\":\"https:\/\/apuntesdesanluis.com\/wp-content\/uploads\/2024\/01\/luis-en-el-senado.png\",\"articleSection\":[\"Ciudad\/Provincia\"],\"inLanguage\":\"es-AR\"},{\"@type\":\"WebPage\",\"@id\":\"https:\/\/apuntesdesanluis.com\/index.php\/2024\/01\/12\/la-secretaria-de-personas-con-discapacidad-trabaja-para-implementar-politicas-inclusivas\/\",\"url\":\"https:\/\/apuntesdesanluis.com\/index.php\/2024\/01\/12\/la-secretaria-de-personas-con-discapacidad-trabaja-para-implementar-politicas-inclusivas\/\",\"name\":\"LA SECRETAR\u00cdA DE PERSONAS CON DISCAPACIDAD TRABAJA PARA IMPLEMENTAR POL\u00cdTICAS INCLUSIVAS - Apuntes de San Luis\",\"isPartOf\":{\"@id\":\"https:\/\/apuntesdesanluis.com\/#website\"},\"primaryImageOfPage\":{\"@id\":\"https:\/\/apuntesdesanluis.com\/index.php\/2024\/01\/12\/la-secretaria-de-personas-con-discapacidad-trabaja-para-implementar-politicas-inclusivas\/#primaryimage\"},\"image\":{\"@id\":\"https:\/\/apuntesdesanluis.com\/index.php\/2024\/01\/12\/la-secretaria-de-personas-con-discapacidad-trabaja-para-implementar-politicas-inclusivas\/#primaryimage\"},\"thumbnailUrl\":\"https:\/\/apuntesdesanluis.com\/wp-content\/uploads\/2024\/01\/luis-en-el-senado.png\",\"datePublished\":\"2024-01-12T21:50:53+00:00\",\"dateModified\":\"2024-01-12T21:51:22+00:00\",\"breadcrumb\":{\"@id\":\"https:\/\/apuntesdesanluis.com\/index.php\/2024\/01\/12\/la-secretaria-de-personas-con-discapacidad-trabaja-para-implementar-politicas-inclusivas\/#breadcrumb\"},\"inLanguage\":\"es-AR\",\"potentialAction\":[{\"@type\":\"ReadAction\",\"target\":[\"https:\/\/apuntesdesanluis.com\/index.php\/2024\/01\/12\/la-secretaria-de-personas-con-discapacidad-trabaja-para-implementar-politicas-inclusivas\/\"]}]},{\"@type\":\"ImageObject\",\"inLanguage\":\"es-AR\",\"@id\":\"https:\/\/apuntesdesanluis.com\/index.php\/2024\/01\/12\/la-secretaria-de-personas-con-discapacidad-trabaja-para-implementar-politicas-inclusivas\/#primaryimage\",\"url\":\"https:\/\/apuntesdesanluis.com\/wp-content\/uploads\/2024\/01\/luis-en-el-senado.png\",\"contentUrl\":\"https:\/\/apuntesdesanluis.com\/wp-content\/uploads\/2024\/01\/luis-en-el-senado.png\",\"width\":600,\"height\":364},{\"@type\":\"BreadcrumbList\",\"@id\":\"https:\/\/apuntesdesanluis.com\/index.php\/2024\/01\/12\/la-secretaria-de-personas-con-discapacidad-trabaja-para-implementar-politicas-inclusivas\/#breadcrumb\",\"itemListElement\":[{\"@type\":\"ListItem\",\"position\":1,\"name\":\"Inicio\",\"item\":\"https:\/\/apuntesdesanluis.com\/\"},{\"@type\":\"ListItem\",\"position\":2,\"name\":\"LA SECRETAR\u00cdA DE PERSONAS CON DISCAPACIDAD TRABAJA PARA IMPLEMENTAR POL\u00cdTICAS INCLUSIVAS\"}]},{\"@type\":\"WebSite\",\"@id\":\"https:\/\/apuntesdesanluis.com\/#website\",\"url\":\"https:\/\/apuntesdesanluis.com\/\",\"name\":\"Apuntes de San Luis\",\"description\":\"\",\"publisher\":{\"@id\":\"https:\/\/apuntesdesanluis.com\/#\/schema\/person\/b55151d52296fcce64d1a72538a70b90\"},\"potentialAction\":[{\"@type\":\"SearchAction\",\"target\":{\"@type\":\"EntryPoint\",\"urlTemplate\":\"https:\/\/apuntesdesanluis.com\/?s={search_term_string}\"},\"query-input\":{\"@type\":\"PropertyValueSpecification\",\"valueRequired\":true,\"valueName\":\"search_term_string\"}}],\"inLanguage\":\"es-AR\"},{\"@type\":[\"Person\",\"Organization\"],\"@id\":\"https:\/\/apuntesdesanluis.com\/#\/schema\/person\/b55151d52296fcce64d1a72538a70b90\",\"name\":\"apuntesdesanluis.com\",\"image\":{\"@type\":\"ImageObject\",\"inLanguage\":\"es-AR\",\"@id\":\"https:\/\/apuntesdesanluis.com\/#\/schema\/person\/image\/\",\"url\":\"https:\/\/apuntesdesanluis.com\/wp-content\/uploads\/2023\/07\/cropped-apuntesdesanluis.png\",\"contentUrl\":\"https:\/\/apuntesdesanluis.com\/wp-content\/uploads\/2023\/07\/cropped-apuntesdesanluis.png\",\"width\":450,\"height\":112,\"caption\":\"apuntesdesanluis.com\"},\"logo\":{\"@id\":\"https:\/\/apuntesdesanluis.com\/#\/schema\/person\/image\/\"},\"sameAs\":[\"https:\/\/apuntesdesanluis.com\"],\"url\":\"https:\/\/apuntesdesanluis.com\/index.php\/author\/apuntesdesanluis-com\/\"}]}<\/script>\n<!-- \/ Yoast SEO plugin. -->","yoast_head_json":{"title":"LA SECRETAR\u00cdA DE PERSONAS CON DISCAPACIDAD TRABAJA PARA IMPLEMENTAR POL\u00cdTICAS INCLUSIVAS - Apuntes de San Luis","robots":{"index":"index","follow":"follow","max-snippet":"max-snippet:-1","max-image-preview":"max-image-preview:large","max-video-preview":"max-video-preview:-1"},"canonical":"https:\/\/apuntesdesanluis.com\/index.php\/2024\/01\/12\/la-secretaria-de-personas-con-discapacidad-trabaja-para-implementar-politicas-inclusivas\/","og_locale":"es_ES","og_type":"article","og_title":"LA SECRETAR\u00cdA DE PERSONAS CON DISCAPACIDAD TRABAJA PARA IMPLEMENTAR POL\u00cdTICAS INCLUSIVAS - Apuntes de San Luis","og_description":"Lleva semanas gestionando encuentros con intendentes municipales del interior y referentes de \u00e1reas de educaci\u00f3n,...","og_url":"https:\/\/apuntesdesanluis.com\/index.php\/2024\/01\/12\/la-secretaria-de-personas-con-discapacidad-trabaja-para-implementar-politicas-inclusivas\/","og_site_name":"Apuntes de San Luis","article_published_time":"2024-01-12T21:50:53+00:00","article_modified_time":"2024-01-12T21:51:22+00:00","og_image":[{"width":600,"height":364,"url":"https:\/\/apuntesdesanluis.com\/wp-content\/uploads\/2024\/01\/luis-en-el-senado.png","type":"image\/png"}],"author":"apuntesdesanluis.com","twitter_card":"summary_large_image","twitter_misc":{"Escrito por":"apuntesdesanluis.com","Tiempo de lectura":"4 minutos"},"schema":{"@context":"https:\/\/schema.org","@graph":[{"@type":"Article","@id":"https:\/\/apuntesdesanluis.com\/index.php\/2024\/01\/12\/la-secretaria-de-personas-con-discapacidad-trabaja-para-implementar-politicas-inclusivas\/#article","isPartOf":{"@id":"https:\/\/apuntesdesanluis.com\/index.php\/2024\/01\/12\/la-secretaria-de-personas-con-discapacidad-trabaja-para-implementar-politicas-inclusivas\/"},"author":{"name":"apuntesdesanluis.com","@id":"https:\/\/apuntesdesanluis.com\/#\/schema\/person\/b55151d52296fcce64d1a72538a70b90"},"headline":"LA SECRETAR\u00cdA DE PERSONAS CON DISCAPACIDAD TRABAJA PARA IMPLEMENTAR POL\u00cdTICAS INCLUSIVAS","datePublished":"2024-01-12T21:50:53+00:00","dateModified":"2024-01-12T21:51:22+00:00","mainEntityOfPage":{"@id":"https:\/\/apuntesdesanluis.com\/index.php\/2024\/01\/12\/la-secretaria-de-personas-con-discapacidad-trabaja-para-implementar-politicas-inclusivas\/"},"wordCount":515,"publisher":{"@id":"https:\/\/apuntesdesanluis.com\/#\/schema\/person\/b55151d52296fcce64d1a72538a70b90"},"image":{"@id":"https:\/\/apuntesdesanluis.com\/index.php\/2024\/01\/12\/la-secretaria-de-personas-con-discapacidad-trabaja-para-implementar-politicas-inclusivas\/#primaryimage"},"thumbnailUrl":"https:\/\/apuntesdesanluis.com\/wp-content\/uploads\/2024\/01\/luis-en-el-senado.png","articleSection":["Ciudad\/Provincia"],"inLanguage":"es-AR"},{"@type":"WebPage","@id":"https:\/\/apuntesdesanluis.com\/index.php\/2024\/01\/12\/la-secretaria-de-personas-con-discapacidad-trabaja-para-implementar-politicas-inclusivas\/","url":"https:\/\/apuntesdesanluis.com\/index.php\/2024\/01\/12\/la-secretaria-de-personas-con-discapacidad-trabaja-para-implementar-politicas-inclusivas\/","name":"LA SECRETAR\u00cdA DE PERSONAS CON DISCAPACIDAD TRABAJA PARA IMPLEMENTAR POL\u00cdTICAS INCLUSIVAS - Apuntes de San Luis","isPartOf":{"@id":"https:\/\/apuntesdesanluis.com\/#website"},"primaryImageOfPage":{"@id":"https:\/\/apuntesdesanluis.com\/index.php\/2024\/01\/12\/la-secretaria-de-personas-con-discapacidad-trabaja-para-implementar-politicas-inclusivas\/#primaryimage"},"image":{"@id":"https:\/\/apuntesdesanluis.com\/index.php\/2024\/01\/12\/la-secretaria-de-personas-con-discapacidad-trabaja-para-implementar-politicas-inclusivas\/#primaryimage"},"thumbnailUrl":"https:\/\/apuntesdesanluis.com\/wp-content\/uploads\/2024\/01\/luis-en-el-senado.png","datePublished":"2024-01-12T21:50:53+00:00","dateModified":"2024-01-12T21:51:22+00:00","breadcrumb":{"@id":"https:\/\/apuntesdesanluis.com\/index.php\/2024\/01\/12\/la-secretaria-de-personas-con-discapacidad-trabaja-para-implementar-politicas-inclusivas\/#breadcrumb"},"inLanguage":"es-AR","potentialAction":[{"@type":"ReadAction","target":["https:\/\/apuntesdesanluis.com\/index.php\/2024\/01\/12\/la-secretaria-de-personas-con-discapacidad-trabaja-para-implementar-politicas-inclusivas\/"]}]},{"@type":"ImageObject","inLanguage":"es-AR","@id":"https:\/\/apuntesdesanluis.com\/index.php\/2024\/01\/12\/la-secretaria-de-personas-con-discapacidad-trabaja-para-implementar-politicas-inclusivas\/#primaryimage","url":"https:\/\/apuntesdesanluis.com\/wp-content\/uploads\/2024\/01\/luis-en-el-senado.png","contentUrl":"https:\/\/apuntesdesanluis.com\/wp-content\/uploads\/2024\/01\/luis-en-el-senado.png","width":600,"height":364},{"@type":"BreadcrumbList","@id":"https:\/\/apuntesdesanluis.com\/index.php\/2024\/01\/12\/la-secretaria-de-personas-con-discapacidad-trabaja-para-implementar-politicas-inclusivas\/#breadcrumb","itemListElement":[{"@type":"ListItem","position":1,"name":"Inicio","item":"https:\/\/apuntesdesanluis.com\/"},{"@type":"ListItem","position":2,"name":"LA SECRETAR\u00cdA DE PERSONAS CON DISCAPACIDAD TRABAJA PARA IMPLEMENTAR POL\u00cdTICAS INCLUSIVAS"}]},{"@type":"WebSite","@id":"https:\/\/apuntesdesanluis.com\/#website","url":"https:\/\/apuntesdesanluis.com\/","name":"Apuntes de San Luis","description":"","publisher":{"@id":"https:\/\/apuntesdesanluis.com\/#\/schema\/person\/b55151d52296fcce64d1a72538a70b90"},"potentialAction":[{"@type":"SearchAction","target":{"@type":"EntryPoint","urlTemplate":"https:\/\/apuntesdesanluis.com\/?s={search_term_string}"},"query-input":{"@type":"PropertyValueSpecification","valueRequired":true,"valueName":"search_term_string"}}],"inLanguage":"es-AR"},{"@type":["Person","Organization"],"@id":"https:\/\/apuntesdesanluis.com\/#\/schema\/person\/b55151d52296fcce64d1a72538a70b90","name":"apuntesdesanluis.com","image":{"@type":"ImageObject","inLanguage":"es-AR","@id":"https:\/\/apuntesdesanluis.com\/#\/schema\/person\/image\/","url":"https:\/\/apuntesdesanluis.com\/wp-content\/uploads\/2023\/07\/cropped-apuntesdesanluis.png","contentUrl":"https:\/\/apuntesdesanluis.com\/wp-content\/uploads\/2023\/07\/cropped-apuntesdesanluis.png","width":450,"height":112,"caption":"apuntesdesanluis.com"},"logo":{"@id":"https:\/\/apuntesdesanluis.com\/#\/schema\/person\/image\/"},"sameAs":["https:\/\/apuntesdesanluis.com"],"url":"https:\/\/apuntesdesanluis.com\/index.php\/author\/apuntesdesanluis-com\/"}]}},"featured_image_urls":{"full":["https:\/\/apuntesdesanluis.com\/wp-content\/uploads\/2024\/01\/luis-en-el-senado.png",600,364,false],"thumbnail":["https:\/\/apuntesdesanluis.com\/wp-content\/uploads\/2024\/01\/luis-en-el-senado-150x150.png",150,150,true],"medium":["https:\/\/apuntesdesanluis.com\/wp-content\/uploads\/2024\/01\/luis-en-el-senado-300x182.png",300,182,true],"medium_large":["https:\/\/apuntesdesanluis.com\/wp-content\/uploads\/2024\/01\/luis-en-el-senado.png",600,364,false],"large":["https:\/\/apuntesdesanluis.com\/wp-content\/uploads\/2024\/01\/luis-en-el-senado.png",600,364,false],"1536x1536":["https:\/\/apuntesdesanluis.com\/wp-content\/uploads\/2024\/01\/luis-en-el-senado.png",600,364,false],"2048x2048":["https:\/\/apuntesdesanluis.com\/wp-content\/uploads\/2024\/01\/luis-en-el-senado.png",600,364,false],"newsever-slider-full":["https:\/\/apuntesdesanluis.com\/wp-content\/uploads\/2024\/01\/luis-en-el-senado.png",600,364,false],"newsever-featured":["https:\/\/apuntesdesanluis.com\/wp-content\/uploads\/2024\/01\/luis-en-el-senado.png",600,364,false],"newsever-medium":["https:\/\/apuntesdesanluis.com\/wp-content\/uploads\/2024\/01\/luis-en-el-senado.png",600,364,false]},"author_info":{"display_name":"apuntesdesanluis.com","author_link":"https:\/\/apuntesdesanluis.com\/index.php\/author\/apuntesdesanluis-com\/"},"category_info":"<a href=\"https:\/\/apuntesdesanluis.com\/index.php\/category\/ciudad-provincia\/\" rel=\"category tag\">Ciudad\/Provincia<\/a>","tag_info":"Ciudad\/Provincia","comment_count":"0","_links":{"self":[{"href":"https:\/\/apuntesdesanluis.com\/index.php\/wp-json\/wp\/v2\/posts\/9987","targetHints":{"allow":["GET"]}}],"collection":[{"href":"https:\/\/apuntesdesanluis.com\/index.php\/wp-json\/wp\/v2\/posts"}],"about":[{"href":"https:\/\/apuntesdesanluis.com\/index.php\/wp-json\/wp\/v2\/types\/post"}],"author":[{"embeddable":true,"href":"https:\/\/apuntesdesanluis.com\/index.php\/wp-json\/wp\/v2\/users\/1"}],"replies":[{"embeddable":true,"href":"https:\/\/apuntesdesanluis.com\/index.php\/wp-json\/wp\/v2\/comments?post=9987"}],"version-history":[{"count":2,"href":"https:\/\/apuntesdesanluis.com\/index.php\/wp-json\/wp\/v2\/posts\/9987\/revisions"}],"predecessor-version":[{"id":9996,"href":"https:\/\/apuntesdesanluis.com\/index.php\/wp-json\/wp\/v2\/posts\/9987\/revisions\/9996"}],"wp:featuredmedia":[{"embeddable":true,"href":"https:\/\/apuntesdesanluis.com\/index.php\/wp-json\/wp\/v2\/media\/9988"}],"wp:attachment":[{"href":"https:\/\/apuntesdesanluis.com\/index.php\/wp-json\/wp\/v2\/media?parent=9987"}],"wp:term":[{"taxonomy":"category","embeddable":true,"href":"https:\/\/apuntesdesanluis.com\/index.php\/wp-json\/wp\/v2\/categories?post=9987"},{"taxonomy":"post_tag","embeddable":true,"href":"https:\/\/apuntesdesanluis.com\/index.php\/wp-json\/wp\/v2\/tags?post=9987"}],"curies":[{"name":"wp","href":"https:\/\/api.w.org\/{rel}","templated":true}]}}