{"id":9997,"date":"2024-01-12T19:12:35","date_gmt":"2024-01-12T22:12:35","guid":{"rendered":"https:\/\/apuntesdesanluis.com\/?p=9997"},"modified":"2024-01-12T19:29:50","modified_gmt":"2024-01-12T22:29:50","slug":"primer-paso-para-mejorar-la-atencion-medica-en-toda-la-provincia","status":"publish","type":"post","link":"https:\/\/apuntesdesanluis.com\/index.php\/2024\/01\/12\/primer-paso-para-mejorar-la-atencion-medica-en-toda-la-provincia\/","title":{"rendered":"PRIMER PASO PARA MEJORAR LA ATENCI\u00d3N M\u00c9DICA EN TODA LA PROVINCIA"},"content":{"rendered":"<h3>La ministra de Salud, <strong>Claudia Spagnuolo<\/strong>, encabez\u00f3 la primera jornada del \u2018Taller de construcci\u00f3n de la red de atenci\u00f3n de salud\u2019 junto a directivos de hospitales y centros de salud p\u00fablicos y privados. El objetivo es mejorar la derivaci\u00f3n de pacientes y la comunicaci\u00f3n entre niveles de atenci\u00f3n para facilitar y optimizar la atenci\u00f3n de los vecinos. El pr\u00f3ximo viernes ser\u00e1 el segundo encuentro.<\/h3>\n<h3>Bajo el lema \u2018El sistema de salud es uno solo\u2019, este viernes por la ma\u00f1ana se llev\u00f3 a cabo en el Sal\u00f3n de la Puntanidad el primer \u2018Taller de construcci\u00f3n de la red de atenci\u00f3n en salud\u2019, organizado por el ministerio de Salud. El gobernador <strong>Claudio Poggi<\/strong> dio inicio a la primera jornada, salud\u00f3 a cada uno de los profesionales y los anim\u00f3 a transformar el sistema de salud de la provincia en uno m\u00e1s eficiente en beneficio de la poblaci\u00f3n.<\/h3>\n<p><iframe title=\"Claudia Spagnuolo, ministra de Salud\" width=\"640\" height=\"360\" src=\"https:\/\/www.youtube.com\/embed\/6bZRmopeEtc?feature=oembed\" frameborder=\"0\" allow=\"accelerometer; autoplay; clipboard-write; encrypted-media; gyroscope; picture-in-picture; web-share\" referrerpolicy=\"strict-origin-when-cross-origin\" allowfullscreen><\/iframe><\/p>\n<h3>El objetivo de este primer encuentro fue organizar la derivaci\u00f3n de pacientes, a fin de crear protocolos y competencias de cada lugar y coordinar la obtenci\u00f3n de turnos programados para atenci\u00f3n de especialistas en lugares de mayor complejidad. Participaron directores y representantes del Hospital Central \u2018Dr. Ram\u00f3n Carrillo\u2019, Hospital San Luis (Pedi\u00e1trico), Hospital de Salud Mental, Hospital \u2018Juan Domingo Per\u00f3n\u2019 de Villa Mercedes, Centro Oncol\u00f3gico Provincial, Maternidad Provincial \u2018Dra. Teresita Baigorria\u2019, Maternidad Provincial \u2018Dr. Carlos Alberto Luco\u2019, Atenci\u00f3n Primaria de la Salud de San Luis y Villa Mercedes, Medicina del Interior, referentes de DOSEP y Sempro, y profesionales del sector privado.<\/h3>\n<p><iframe title=\"Claudio Poggi Construyamos la Red\" width=\"640\" height=\"360\" src=\"https:\/\/www.youtube.com\/embed\/Lmx59bvHFtw?feature=oembed\" frameborder=\"0\" allow=\"accelerometer; autoplay; clipboard-write; encrypted-media; gyroscope; picture-in-picture; web-share\" referrerpolicy=\"strict-origin-when-cross-origin\" allowfullscreen><\/iframe><\/p>\n<h3>En primer t\u00e9rmino, la ministra de Salud, Claudia Spagnuolo, destac\u00f3 la importancia de coordinar acciones con el sector privado, ya que \u201csomos de la idea que la salud es \u00fanica, no est\u00e1 por un lado lo p\u00fablico y por otro lo privado\u201d. Luego, los profesionales de la salud debatieron en 7 mesas de trabajo distintos problemas y propuestas de mejora en la atenci\u00f3n de pacientes. Al finalizar expusieron sus conclusiones, coincidiendo en la necesidad de fortalecer la comunicaci\u00f3n y coordinaci\u00f3n entre niveles de atenci\u00f3n y de recibir m\u00e1s capacitaciones.<\/h3>\n<h3>\u201cNos vamos a seguir reuniendo, porque estos temas ameritan m\u00e1s que una charla. Cada una de las mesas debati\u00f3 y dio sus conclusiones con puntos de vista y lineamientos muy interesantes\u201d, expres\u00f3 la ministra Spagnuolo. El director de la Maternidad Provincial \u2018Dra. Teresita Baigorria\u2019, Daniel Escoda, coordin\u00f3 la mesa N\u00b04 y remarc\u00f3 la importancia de \u201cestablecer v\u00ednculos para capacitar y crear una red de derivaci\u00f3n entre medicina del interior con los CAPS y nosotros como instituci\u00f3n\u201d.<\/h3>\n<p><img fetchpriority=\"high\" decoding=\"async\" class=\"wp-image-9999 aligncenter\" src=\"https:\/\/apuntesdesanluis.com\/wp-content\/uploads\/2024\/01\/profesionales-300x178.png\" alt=\"\" width=\"630\" height=\"374\" srcset=\"https:\/\/apuntesdesanluis.com\/wp-content\/uploads\/2024\/01\/profesionales-300x178.png 300w, https:\/\/apuntesdesanluis.com\/wp-content\/uploads\/2024\/01\/profesionales.png 669w\" sizes=\"(max-width: 630px) 100vw, 630px\" \/><\/p>\n<h3>Los directivos y profesionales que participaron valoraron esta actividad, como un primer paso para organizar la derivaci\u00f3n de pacientes y los protocolos entre los distintos niveles, siempre pensando en brindar una atenci\u00f3n de calidad a los vecinos de toda la provincia. El segundo encuentro se realizar\u00e1 el pr\u00f3ximo viernes 19 de enero, a las 9:30.<\/h3>\n<p>&nbsp;<\/p>\n<p>&nbsp;<\/p>\n<p>&nbsp;<\/p>\n<p>&nbsp;<\/p>\n","protected":false},"excerpt":{"rendered":"<p>La ministra de Salud, Claudia Spagnuolo, encabez\u00f3 la primera jornada del \u2018Taller de construcci\u00f3n de&#8230;<\/p>\n","protected":false},"author":1,"featured_media":9998,"comment_status":"closed","ping_status":"closed","sticky":false,"template":"","format":"standard","meta":{"footnotes":""},"categories":[6],"tags":[],"class_list":["post-9997","post","type-post","status-publish","format-standard","has-post-thumbnail","hentry","category-ciudad-provincia"],"yoast_head":"<!-- This site is optimized with the Yoast SEO plugin v26.1.1 - https:\/\/yoast.com\/wordpress\/plugins\/seo\/ -->\n<title>PRIMER PASO PARA MEJORAR LA ATENCI\u00d3N M\u00c9DICA EN TODA LA PROVINCIA - Apuntes de San Luis<\/title>\n<meta name=\"robots\" content=\"index, follow, max-snippet:-1, max-image-preview:large, max-video-preview:-1\" \/>\n<link rel=\"canonical\" href=\"https:\/\/apuntesdesanluis.com\/index.php\/2024\/01\/12\/primer-paso-para-mejorar-la-atencion-medica-en-toda-la-provincia\/\" \/>\n<meta property=\"og:locale\" content=\"es_ES\" \/>\n<meta property=\"og:type\" content=\"article\" \/>\n<meta property=\"og:title\" content=\"PRIMER PASO PARA MEJORAR LA ATENCI\u00d3N M\u00c9DICA EN TODA LA PROVINCIA - Apuntes de San Luis\" \/>\n<meta property=\"og:description\" content=\"La ministra de Salud, Claudia Spagnuolo, encabez\u00f3 la primera jornada del \u2018Taller de construcci\u00f3n de...\" \/>\n<meta property=\"og:url\" content=\"https:\/\/apuntesdesanluis.com\/index.php\/2024\/01\/12\/primer-paso-para-mejorar-la-atencion-medica-en-toda-la-provincia\/\" \/>\n<meta property=\"og:site_name\" content=\"Apuntes de San Luis\" \/>\n<meta property=\"article:published_time\" content=\"2024-01-12T22:12:35+00:00\" \/>\n<meta property=\"article:modified_time\" content=\"2024-01-12T22:29:50+00:00\" \/>\n<meta property=\"og:image\" content=\"https:\/\/apuntesdesanluis.com\/wp-content\/uploads\/2024\/01\/salud.png\" \/>\n\t<meta property=\"og:image:width\" content=\"676\" \/>\n\t<meta property=\"og:image:height\" content=\"402\" \/>\n\t<meta property=\"og:image:type\" content=\"image\/png\" \/>\n<meta name=\"author\" content=\"apuntesdesanluis.com\" \/>\n<meta name=\"twitter:card\" content=\"summary_large_image\" \/>\n<meta name=\"twitter:label1\" content=\"Escrito por\" \/>\n\t<meta name=\"twitter:data1\" content=\"apuntesdesanluis.com\" \/>\n\t<meta name=\"twitter:label2\" content=\"Tiempo de lectura\" \/>\n\t<meta name=\"twitter:data2\" content=\"3 minutos\" \/>\n<script type=\"application\/ld+json\" class=\"yoast-schema-graph\">{\"@context\":\"https:\/\/schema.org\",\"@graph\":[{\"@type\":\"Article\",\"@id\":\"https:\/\/apuntesdesanluis.com\/index.php\/2024\/01\/12\/primer-paso-para-mejorar-la-atencion-medica-en-toda-la-provincia\/#article\",\"isPartOf\":{\"@id\":\"https:\/\/apuntesdesanluis.com\/index.php\/2024\/01\/12\/primer-paso-para-mejorar-la-atencion-medica-en-toda-la-provincia\/\"},\"author\":{\"name\":\"apuntesdesanluis.com\",\"@id\":\"https:\/\/apuntesdesanluis.com\/#\/schema\/person\/b55151d52296fcce64d1a72538a70b90\"},\"headline\":\"PRIMER PASO PARA MEJORAR LA ATENCI\u00d3N M\u00c9DICA EN TODA LA PROVINCIA\",\"datePublished\":\"2024-01-12T22:12:35+00:00\",\"dateModified\":\"2024-01-12T22:29:50+00:00\",\"mainEntityOfPage\":{\"@id\":\"https:\/\/apuntesdesanluis.com\/index.php\/2024\/01\/12\/primer-paso-para-mejorar-la-atencion-medica-en-toda-la-provincia\/\"},\"wordCount\":529,\"publisher\":{\"@id\":\"https:\/\/apuntesdesanluis.com\/#\/schema\/person\/b55151d52296fcce64d1a72538a70b90\"},\"image\":{\"@id\":\"https:\/\/apuntesdesanluis.com\/index.php\/2024\/01\/12\/primer-paso-para-mejorar-la-atencion-medica-en-toda-la-provincia\/#primaryimage\"},\"thumbnailUrl\":\"https:\/\/apuntesdesanluis.com\/wp-content\/uploads\/2024\/01\/salud.png\",\"articleSection\":[\"Ciudad\/Provincia\"],\"inLanguage\":\"es-AR\"},{\"@type\":\"WebPage\",\"@id\":\"https:\/\/apuntesdesanluis.com\/index.php\/2024\/01\/12\/primer-paso-para-mejorar-la-atencion-medica-en-toda-la-provincia\/\",\"url\":\"https:\/\/apuntesdesanluis.com\/index.php\/2024\/01\/12\/primer-paso-para-mejorar-la-atencion-medica-en-toda-la-provincia\/\",\"name\":\"PRIMER PASO PARA MEJORAR LA ATENCI\u00d3N M\u00c9DICA EN TODA LA PROVINCIA - Apuntes de San Luis\",\"isPartOf\":{\"@id\":\"https:\/\/apuntesdesanluis.com\/#website\"},\"primaryImageOfPage\":{\"@id\":\"https:\/\/apuntesdesanluis.com\/index.php\/2024\/01\/12\/primer-paso-para-mejorar-la-atencion-medica-en-toda-la-provincia\/#primaryimage\"},\"image\":{\"@id\":\"https:\/\/apuntesdesanluis.com\/index.php\/2024\/01\/12\/primer-paso-para-mejorar-la-atencion-medica-en-toda-la-provincia\/#primaryimage\"},\"thumbnailUrl\":\"https:\/\/apuntesdesanluis.com\/wp-content\/uploads\/2024\/01\/salud.png\",\"datePublished\":\"2024-01-12T22:12:35+00:00\",\"dateModified\":\"2024-01-12T22:29:50+00:00\",\"breadcrumb\":{\"@id\":\"https:\/\/apuntesdesanluis.com\/index.php\/2024\/01\/12\/primer-paso-para-mejorar-la-atencion-medica-en-toda-la-provincia\/#breadcrumb\"},\"inLanguage\":\"es-AR\",\"potentialAction\":[{\"@type\":\"ReadAction\",\"target\":[\"https:\/\/apuntesdesanluis.com\/index.php\/2024\/01\/12\/primer-paso-para-mejorar-la-atencion-medica-en-toda-la-provincia\/\"]}]},{\"@type\":\"ImageObject\",\"inLanguage\":\"es-AR\",\"@id\":\"https:\/\/apuntesdesanluis.com\/index.php\/2024\/01\/12\/primer-paso-para-mejorar-la-atencion-medica-en-toda-la-provincia\/#primaryimage\",\"url\":\"https:\/\/apuntesdesanluis.com\/wp-content\/uploads\/2024\/01\/salud.png\",\"contentUrl\":\"https:\/\/apuntesdesanluis.com\/wp-content\/uploads\/2024\/01\/salud.png\",\"width\":676,\"height\":402},{\"@type\":\"BreadcrumbList\",\"@id\":\"https:\/\/apuntesdesanluis.com\/index.php\/2024\/01\/12\/primer-paso-para-mejorar-la-atencion-medica-en-toda-la-provincia\/#breadcrumb\",\"itemListElement\":[{\"@type\":\"ListItem\",\"position\":1,\"name\":\"Inicio\",\"item\":\"https:\/\/apuntesdesanluis.com\/\"},{\"@type\":\"ListItem\",\"position\":2,\"name\":\"PRIMER PASO PARA MEJORAR LA ATENCI\u00d3N M\u00c9DICA EN TODA LA PROVINCIA\"}]},{\"@type\":\"WebSite\",\"@id\":\"https:\/\/apuntesdesanluis.com\/#website\",\"url\":\"https:\/\/apuntesdesanluis.com\/\",\"name\":\"Apuntes de San Luis\",\"description\":\"\",\"publisher\":{\"@id\":\"https:\/\/apuntesdesanluis.com\/#\/schema\/person\/b55151d52296fcce64d1a72538a70b90\"},\"potentialAction\":[{\"@type\":\"SearchAction\",\"target\":{\"@type\":\"EntryPoint\",\"urlTemplate\":\"https:\/\/apuntesdesanluis.com\/?s={search_term_string}\"},\"query-input\":{\"@type\":\"PropertyValueSpecification\",\"valueRequired\":true,\"valueName\":\"search_term_string\"}}],\"inLanguage\":\"es-AR\"},{\"@type\":[\"Person\",\"Organization\"],\"@id\":\"https:\/\/apuntesdesanluis.com\/#\/schema\/person\/b55151d52296fcce64d1a72538a70b90\",\"name\":\"apuntesdesanluis.com\",\"image\":{\"@type\":\"ImageObject\",\"inLanguage\":\"es-AR\",\"@id\":\"https:\/\/apuntesdesanluis.com\/#\/schema\/person\/image\/\",\"url\":\"https:\/\/apuntesdesanluis.com\/wp-content\/uploads\/2023\/07\/cropped-apuntesdesanluis.png\",\"contentUrl\":\"https:\/\/apuntesdesanluis.com\/wp-content\/uploads\/2023\/07\/cropped-apuntesdesanluis.png\",\"width\":450,\"height\":112,\"caption\":\"apuntesdesanluis.com\"},\"logo\":{\"@id\":\"https:\/\/apuntesdesanluis.com\/#\/schema\/person\/image\/\"},\"sameAs\":[\"https:\/\/apuntesdesanluis.com\"],\"url\":\"https:\/\/apuntesdesanluis.com\/index.php\/author\/apuntesdesanluis-com\/\"}]}<\/script>\n<!-- \/ Yoast SEO plugin. -->","yoast_head_json":{"title":"PRIMER PASO PARA MEJORAR LA ATENCI\u00d3N M\u00c9DICA EN TODA LA PROVINCIA - Apuntes de San Luis","robots":{"index":"index","follow":"follow","max-snippet":"max-snippet:-1","max-image-preview":"max-image-preview:large","max-video-preview":"max-video-preview:-1"},"canonical":"https:\/\/apuntesdesanluis.com\/index.php\/2024\/01\/12\/primer-paso-para-mejorar-la-atencion-medica-en-toda-la-provincia\/","og_locale":"es_ES","og_type":"article","og_title":"PRIMER PASO PARA MEJORAR LA ATENCI\u00d3N M\u00c9DICA EN TODA LA PROVINCIA - Apuntes de San Luis","og_description":"La ministra de Salud, Claudia Spagnuolo, encabez\u00f3 la primera jornada del \u2018Taller de construcci\u00f3n de...","og_url":"https:\/\/apuntesdesanluis.com\/index.php\/2024\/01\/12\/primer-paso-para-mejorar-la-atencion-medica-en-toda-la-provincia\/","og_site_name":"Apuntes de San Luis","article_published_time":"2024-01-12T22:12:35+00:00","article_modified_time":"2024-01-12T22:29:50+00:00","og_image":[{"width":676,"height":402,"url":"https:\/\/apuntesdesanluis.com\/wp-content\/uploads\/2024\/01\/salud.png","type":"image\/png"}],"author":"apuntesdesanluis.com","twitter_card":"summary_large_image","twitter_misc":{"Escrito por":"apuntesdesanluis.com","Tiempo de lectura":"3 minutos"},"schema":{"@context":"https:\/\/schema.org","@graph":[{"@type":"Article","@id":"https:\/\/apuntesdesanluis.com\/index.php\/2024\/01\/12\/primer-paso-para-mejorar-la-atencion-medica-en-toda-la-provincia\/#article","isPartOf":{"@id":"https:\/\/apuntesdesanluis.com\/index.php\/2024\/01\/12\/primer-paso-para-mejorar-la-atencion-medica-en-toda-la-provincia\/"},"author":{"name":"apuntesdesanluis.com","@id":"https:\/\/apuntesdesanluis.com\/#\/schema\/person\/b55151d52296fcce64d1a72538a70b90"},"headline":"PRIMER PASO PARA MEJORAR LA ATENCI\u00d3N M\u00c9DICA EN TODA LA PROVINCIA","datePublished":"2024-01-12T22:12:35+00:00","dateModified":"2024-01-12T22:29:50+00:00","mainEntityOfPage":{"@id":"https:\/\/apuntesdesanluis.com\/index.php\/2024\/01\/12\/primer-paso-para-mejorar-la-atencion-medica-en-toda-la-provincia\/"},"wordCount":529,"publisher":{"@id":"https:\/\/apuntesdesanluis.com\/#\/schema\/person\/b55151d52296fcce64d1a72538a70b90"},"image":{"@id":"https:\/\/apuntesdesanluis.com\/index.php\/2024\/01\/12\/primer-paso-para-mejorar-la-atencion-medica-en-toda-la-provincia\/#primaryimage"},"thumbnailUrl":"https:\/\/apuntesdesanluis.com\/wp-content\/uploads\/2024\/01\/salud.png","articleSection":["Ciudad\/Provincia"],"inLanguage":"es-AR"},{"@type":"WebPage","@id":"https:\/\/apuntesdesanluis.com\/index.php\/2024\/01\/12\/primer-paso-para-mejorar-la-atencion-medica-en-toda-la-provincia\/","url":"https:\/\/apuntesdesanluis.com\/index.php\/2024\/01\/12\/primer-paso-para-mejorar-la-atencion-medica-en-toda-la-provincia\/","name":"PRIMER PASO PARA MEJORAR LA ATENCI\u00d3N M\u00c9DICA EN TODA LA PROVINCIA - Apuntes de San Luis","isPartOf":{"@id":"https:\/\/apuntesdesanluis.com\/#website"},"primaryImageOfPage":{"@id":"https:\/\/apuntesdesanluis.com\/index.php\/2024\/01\/12\/primer-paso-para-mejorar-la-atencion-medica-en-toda-la-provincia\/#primaryimage"},"image":{"@id":"https:\/\/apuntesdesanluis.com\/index.php\/2024\/01\/12\/primer-paso-para-mejorar-la-atencion-medica-en-toda-la-provincia\/#primaryimage"},"thumbnailUrl":"https:\/\/apuntesdesanluis.com\/wp-content\/uploads\/2024\/01\/salud.png","datePublished":"2024-01-12T22:12:35+00:00","dateModified":"2024-01-12T22:29:50+00:00","breadcrumb":{"@id":"https:\/\/apuntesdesanluis.com\/index.php\/2024\/01\/12\/primer-paso-para-mejorar-la-atencion-medica-en-toda-la-provincia\/#breadcrumb"},"inLanguage":"es-AR","potentialAction":[{"@type":"ReadAction","target":["https:\/\/apuntesdesanluis.com\/index.php\/2024\/01\/12\/primer-paso-para-mejorar-la-atencion-medica-en-toda-la-provincia\/"]}]},{"@type":"ImageObject","inLanguage":"es-AR","@id":"https:\/\/apuntesdesanluis.com\/index.php\/2024\/01\/12\/primer-paso-para-mejorar-la-atencion-medica-en-toda-la-provincia\/#primaryimage","url":"https:\/\/apuntesdesanluis.com\/wp-content\/uploads\/2024\/01\/salud.png","contentUrl":"https:\/\/apuntesdesanluis.com\/wp-content\/uploads\/2024\/01\/salud.png","width":676,"height":402},{"@type":"BreadcrumbList","@id":"https:\/\/apuntesdesanluis.com\/index.php\/2024\/01\/12\/primer-paso-para-mejorar-la-atencion-medica-en-toda-la-provincia\/#breadcrumb","itemListElement":[{"@type":"ListItem","position":1,"name":"Inicio","item":"https:\/\/apuntesdesanluis.com\/"},{"@type":"ListItem","position":2,"name":"PRIMER PASO PARA MEJORAR LA ATENCI\u00d3N M\u00c9DICA EN TODA LA PROVINCIA"}]},{"@type":"WebSite","@id":"https:\/\/apuntesdesanluis.com\/#website","url":"https:\/\/apuntesdesanluis.com\/","name":"Apuntes de San Luis","description":"","publisher":{"@id":"https:\/\/apuntesdesanluis.com\/#\/schema\/person\/b55151d52296fcce64d1a72538a70b90"},"potentialAction":[{"@type":"SearchAction","target":{"@type":"EntryPoint","urlTemplate":"https:\/\/apuntesdesanluis.com\/?s={search_term_string}"},"query-input":{"@type":"PropertyValueSpecification","valueRequired":true,"valueName":"search_term_string"}}],"inLanguage":"es-AR"},{"@type":["Person","Organization"],"@id":"https:\/\/apuntesdesanluis.com\/#\/schema\/person\/b55151d52296fcce64d1a72538a70b90","name":"apuntesdesanluis.com","image":{"@type":"ImageObject","inLanguage":"es-AR","@id":"https:\/\/apuntesdesanluis.com\/#\/schema\/person\/image\/","url":"https:\/\/apuntesdesanluis.com\/wp-content\/uploads\/2023\/07\/cropped-apuntesdesanluis.png","contentUrl":"https:\/\/apuntesdesanluis.com\/wp-content\/uploads\/2023\/07\/cropped-apuntesdesanluis.png","width":450,"height":112,"caption":"apuntesdesanluis.com"},"logo":{"@id":"https:\/\/apuntesdesanluis.com\/#\/schema\/person\/image\/"},"sameAs":["https:\/\/apuntesdesanluis.com"],"url":"https:\/\/apuntesdesanluis.com\/index.php\/author\/apuntesdesanluis-com\/"}]}},"featured_image_urls":{"full":["https:\/\/apuntesdesanluis.com\/wp-content\/uploads\/2024\/01\/salud.png",676,402,false],"thumbnail":["https:\/\/apuntesdesanluis.com\/wp-content\/uploads\/2024\/01\/salud-150x150.png",150,150,true],"medium":["https:\/\/apuntesdesanluis.com\/wp-content\/uploads\/2024\/01\/salud-300x178.png",300,178,true],"medium_large":["https:\/\/apuntesdesanluis.com\/wp-content\/uploads\/2024\/01\/salud.png",640,381,false],"large":["https:\/\/apuntesdesanluis.com\/wp-content\/uploads\/2024\/01\/salud.png",640,381,false],"1536x1536":["https:\/\/apuntesdesanluis.com\/wp-content\/uploads\/2024\/01\/salud.png",676,402,false],"2048x2048":["https:\/\/apuntesdesanluis.com\/wp-content\/uploads\/2024\/01\/salud.png",676,402,false],"newsever-slider-full":["https:\/\/apuntesdesanluis.com\/wp-content\/uploads\/2024\/01\/salud.png",676,402,false],"newsever-featured":["https:\/\/apuntesdesanluis.com\/wp-content\/uploads\/2024\/01\/salud.png",676,402,false],"newsever-medium":["https:\/\/apuntesdesanluis.com\/wp-content\/uploads\/2024\/01\/salud.png",676,402,false]},"author_info":{"display_name":"apuntesdesanluis.com","author_link":"https:\/\/apuntesdesanluis.com\/index.php\/author\/apuntesdesanluis-com\/"},"category_info":"<a href=\"https:\/\/apuntesdesanluis.com\/index.php\/category\/ciudad-provincia\/\" rel=\"category tag\">Ciudad\/Provincia<\/a>","tag_info":"Ciudad\/Provincia","comment_count":"0","_links":{"self":[{"href":"https:\/\/apuntesdesanluis.com\/index.php\/wp-json\/wp\/v2\/posts\/9997","targetHints":{"allow":["GET"]}}],"collection":[{"href":"https:\/\/apuntesdesanluis.com\/index.php\/wp-json\/wp\/v2\/posts"}],"about":[{"href":"https:\/\/apuntesdesanluis.com\/index.php\/wp-json\/wp\/v2\/types\/post"}],"author":[{"embeddable":true,"href":"https:\/\/apuntesdesanluis.com\/index.php\/wp-json\/wp\/v2\/users\/1"}],"replies":[{"embeddable":true,"href":"https:\/\/apuntesdesanluis.com\/index.php\/wp-json\/wp\/v2\/comments?post=9997"}],"version-history":[{"count":3,"href":"https:\/\/apuntesdesanluis.com\/index.php\/wp-json\/wp\/v2\/posts\/9997\/revisions"}],"predecessor-version":[{"id":10007,"href":"https:\/\/apuntesdesanluis.com\/index.php\/wp-json\/wp\/v2\/posts\/9997\/revisions\/10007"}],"wp:featuredmedia":[{"embeddable":true,"href":"https:\/\/apuntesdesanluis.com\/index.php\/wp-json\/wp\/v2\/media\/9998"}],"wp:attachment":[{"href":"https:\/\/apuntesdesanluis.com\/index.php\/wp-json\/wp\/v2\/media?parent=9997"}],"wp:term":[{"taxonomy":"category","embeddable":true,"href":"https:\/\/apuntesdesanluis.com\/index.php\/wp-json\/wp\/v2\/categories?post=9997"},{"taxonomy":"post_tag","embeddable":true,"href":"https:\/\/apuntesdesanluis.com\/index.php\/wp-json\/wp\/v2\/tags?post=9997"}],"curies":[{"name":"wp","href":"https:\/\/api.w.org\/{rel}","templated":true}]}}